{"id":77905,"global_id":"libmod.de\/en\/?id=77905","global_id_lineage":["libmod.de\/en\/?id=77905"],"author":"10","status":"publish","date":"2026-03-20 11:25:18","date_utc":"2026-03-20 10:25:18","modified":"2026-03-20 11:33:23","modified_utc":"2026-03-20 10:33:23","url":"https:\/\/libmod.de\/en\/kalender\/richtungswahl-ungarn-wohin-steuert-das-land-mit-katarina-barley-daniel-hegedues-und-irene-hahn-fuhr\/","rest_url":"https:\/\/libmod.de\/en\/wp-json\/tribe\/events\/v1\/events\/77905","title":"Richtungswahl Ungarn: Wohin steuert das Land? \u2014 Mit Katarina Barley, Daniel Heged\u00fcs und Irene&nbsp;Hahn-Fuhr","description":"<p>SALON LIBERALE&nbsp;MODERNE<\/p>\n<h3>Richtungswahl Ungarn: Wohin steuert das&nbsp;Land?<\/h3>\n<p><strong>mit Katarina Barley, Daniel Heged\u00fcs und Irene&nbsp;Hahn-Fuhr<\/strong><\/p>\n<p>Montag, 13.&nbsp;April&nbsp;2026<br>\n13.00 Uhr \u2013 14.30 Uhr (Einlass ab 12.45)<br>\nSalon, Zentrum Liberale Moderne, Reinhardt\u00adstra\u00dfe 15, 10117&nbsp;Berlin<\/p>\n<p>Ungarn w\u00e4hlt am 12.&nbsp;April ein neues Parlament. Mit einem au\u00dfergew\u00f6hnlich inten\u00adsiven Wahlkampf ist es dem Heraus\u00adforderer P\u00e9ter Magyar gelungen, den seit 16 Jahren regierenden Minis\u00adter\u00adpr\u00e4si\u00addenten Viktor Orb\u00e1n erheblich unter Druck zu setzen. Magyars Tisza-Partei hat so stark an Zuspruch gewonnen, dass eine Abl\u00f6sung des langj\u00e4hrigen Minis\u00adter\u00adpr\u00e4si\u00addenten Orb\u00e1n und seiner Fidesz-Partei m\u00f6glich&nbsp;erscheint.<\/p>\n<p>Ein Wahlsieg Magyars w\u00e4re mit weitre\u00adichenden politischen Erwartungen verbunden:<br>\nEine Neupo\u00adsi\u00adtion\u00adierung Ungarns in Europa, den R\u00fcckbau der von Orb\u00e1n selbst so bezeich\u00adneten \u201eillib\u00aderalen Demokratie\u201d und die St\u00e4rkung rechtsstaatlicher und demokratischer Insti\u00adtu\u00adtionen, eine Neujustierung des Verh\u00e4lt\u00adnisses zu Russland, ein entsch\u00adiedeneres Vorgehen gegen Korruption und nicht zuletzt neue Impulse f\u00fcr die kriselnde Wirtschaft. Dies ist jedoch keineswegs ausgemacht. Orb\u00e1n hat nicht nur das Wahlrecht in einer Weise \u00e4ndern lassen, die die politischen Wettbe\u00adwerb\u00ads\u00adbe\u00addin\u00adgungen zu seinen Gunsten beein\u00adflusst. Er hat auch schon mehrfach bewiesen, dass er mit polar\u00adisierenden Kampagnen die Stimmung im Land drehen kann. Gelingt ihm das erneut, w\u00fcrde das den Kurs der \u201eillib\u00aderalen Demokratie\u201c in Ungarn fortschreiben und die Rolle des Landes als Bezugspunkt f\u00fcr illib\u00aderale und europaskep\u00adtische Kr\u00e4fte in Europa sowie seine Stellung als \u201eSt\u00f6rfaktor\u201d in der Europ\u00e4ischen Union weiter&nbsp;festigen.<\/p>\n<p>Anlass, um die Ergeb\u00adnisse der Wahl am 13.&nbsp;April gemeinsam mit&nbsp;<strong>Katarina Barley<\/strong>, SPD, Vizepr\u00e4si\u00addentin des Europ\u00e4ischen Parla\u00adments und langj\u00e4hrige Stimme in europ\u00e4ischen Rechtsstaats\u00adde\u00adbatten, und <strong>Daniel Heged\u00fcs<\/strong>, Stellv. Direktor am Institut f\u00fcr Europ\u00e4ische Politik und Experte f\u00fcr Ungarn und das \u00f6stliche Mitteleuropa, zu analysieren, einzuordnen und erste Einsch\u00e4tzungen zu den m\u00f6glichen Auswirkungen auf Ungarn, Deutschland und Europa zu disku\u00adtieren. Durch das Gespr\u00e4ch f\u00fchrt <strong>Irene Hahn-Fuhr<\/strong>, Mitglied der Gesch\u00e4fts\u00adf\u00fchrung Zentrum Liberale&nbsp;Moderne.<\/p>\n<p>Wir laden Sie herzlich ein, mit uns \u00fcber Hinter\u00adgr\u00fcnde, politische Dynamiken und m\u00f6gliche Entwick\u00adlungen nach der Ungar\u00adnwahl ins Gespr\u00e4ch zu&nbsp;kommen.<\/p>\n<p>Bitte melden Sie sich \u00fcber den Anmelde-Button an.<\/p>\n<p>Wir freuen uns auf Ihre&nbsp;Teilnahme!<\/p>\n<p>Herzliche Gr\u00fc\u00dfe<br>\nIhr LibMod-Team<\/p>","excerpt":"","slug":"richtungswahl-ungarn-wohin-steuert-das-land-mit-katarina-barley-daniel-hegedues-und-irene-hahn-fuhr","image":{"url":"https:\/\/libmodredaktion.fra1.digitaloceanspaces.com\/wp-content\/uploads\/20260320112447\/imago848747365_1200x800.jpg","id":77906,"extension":"jpg","width":1200,"height":800,"filesize":1131895,"sizes":{"medium":{"width":770,"height":513,"mime-type":"image\/jpeg","filesize":93213,"url":"https:\/\/libmodredaktion.fra1.digitaloceanspaces.com\/wp-content\/uploads\/20260320112447\/imago848747365_1200x800-770x513.jpg"},"thumbnail":{"width":150,"height":150,"mime-type":"image\/jpeg","filesize":7654,"url":"https:\/\/libmodredaktion.fra1.digitaloceanspaces.com\/wp-content\/uploads\/20260320112447\/imago848747365_1200x800-150x150.jpg"},"medium_large":{"width":768,"height":512,"mime-type":"image\/jpeg","filesize":91400,"url":"https:\/\/libmodredaktion.fra1.digitaloceanspaces.com\/wp-content\/uploads\/20260320112447\/imago848747365_1200x800-768x512.jpg"},"post-thumbnail":{"width":672,"height":372,"mime-type":"image\/jpeg","filesize":61037,"url":"https:\/\/libmodredaktion.fra1.digitaloceanspaces.com\/wp-content\/uploads\/20260320112447\/imago848747365_1200x800-672x372.jpg"},"thegem-post-thumb":{"width":256,"height":256,"mime-type":"image\/jpeg","filesize":18777,"url":"https:\/\/libmodredaktion.fra1.digitaloceanspaces.com\/wp-content\/uploads\/20260320112447\/imago848747365_1200x800-256x256.jpg"},"thegem-custom-product-categories":{"width":766,"height":731,"mime-type":"image\/jpeg","filesize":134712,"url":"https:\/\/libmodredaktion.fra1.digitaloceanspaces.com\/wp-content\/uploads\/20260320112447\/imago848747365_1200x800-766x731.jpg"},"psacp-medium":{"width":500,"height":500,"mime-type":"image\/jpeg","filesize":63611,"url":"https:\/\/libmodredaktion.fra1.digitaloceanspaces.com\/wp-content\/uploads\/20260320112447\/imago848747365_1200x800-500x500.jpg"}}},"all_day":false,"start_date":"2026-04-13 13:00:00","start_date_details":{"year":"2026","month":"04","day":"13","hour":"13","minutes":"00","seconds":"00"},"end_date":"2026-04-13 14:30:00","end_date_details":{"year":"2026","month":"04","day":"13","hour":"14","minutes":"30","seconds":"00"},"utc_start_date":"2026-04-13 11:00:00","utc_start_date_details":{"year":"2026","month":"04","day":"13","hour":"11","minutes":"00","seconds":"00"},"utc_end_date":"2026-04-13 12:30:00","utc_end_date_details":{"year":"2026","month":"04","day":"13","hour":"12","minutes":"30","seconds":"00"},"timezone":"Europe\/Berlin","timezone_abbr":"CEST","cost":"","cost_details":{"currency_symbol":"\u20ac","currency_code":"EUR","currency_position":"suffix","values":[]},"website":"","show_map":false,"show_map_link":true,"hide_from_listings":false,"sticky":false,"featured":false,"categories":[],"tags":[],"venue":{"id":61705,"author":"1","status":"publish","date":"2024-03-04 15:13:38","date_utc":"2024-03-04 14:13:38","modified":"2024-10-25 13:49:33","modified_utc":"2024-10-25 11:49:33","url":"https:\/\/libmod.de\/venue\/zentrum-liberale-moderne\/","venue":"Zentrum Liberale&nbsp;Moderne","slug":"zentrum-liberale-moderne","address":"Reinhardtstra\u00dfe 15","city":"Berlin","country":"Germany","zip":"10117","phone":"030-25 09 58 70","website":"https:\/\/libmod.de","json_ld":{"@type":"Place","name":"Zentrum Liberale&nbsp;Moderne","description":"","url":"","address":{"@type":"PostalAddress","streetAddress":"Reinhardtstra\u00dfe 15","addressLocality":"Berlin","postalCode":"10117","addressCountry":"Germany"},"telephone":"030-25 09 58 70","sameAs":"https:\/\/libmod.de"},"show_map":false,"show_map_link":true,"global_id":"libmod.de\/en\/?id=61705","global_id_lineage":["libmod.de\/en\/?id=61705"]},"organizer":[],"custom_fields":[],"json_ld":{"@context":"http:\/\/schema.org","@type":"Event","name":"Richtungswahl Ungarn: Wohin steuert das Land? \u2014 Mit Katarina Barley, Daniel Heged\u00fcs und Irene&nbsp;Hahn-Fuhr","description":"&lt;p&gt;SALON LIBERALE MODERNE Richtungswahl Ungarn: Wohin steuert das Land? mit Katarina Barley, Daniel Heged\u00fcs und Irene Hahn-Fuhr Montag, 13. April 2026 13.00 Uhr \u2013 14.30 Uhr (Einlass ab 12.45) Salon,...&lt;\/p&gt;\\n","image":"https:\/\/libmodredaktion.fra1.digitaloceanspaces.com\/wp-content\/uploads\/20260320112447\/imago848747365_1200x800.jpg","url":"https:\/\/libmod.de\/en\/kalender\/richtungswahl-ungarn-wohin-steuert-das-land-mit-katarina-barley-daniel-hegedues-und-irene-hahn-fuhr\/","eventAttendanceMode":"https:\/\/schema.org\/OfflineEventAttendanceMode","eventStatus":"https:\/\/schema.org\/EventScheduled","startDate":"2026-04-13T13:00:00+02:00","endDate":"2026-04-13T14:30:00+02:00","location":{"@type":"Place","name":"Zentrum Liberale&nbsp;Moderne","description":"","url":"","address":{"@type":"PostalAddress","streetAddress":"Reinhardtstra\u00dfe 15","addressLocality":"Berlin","postalCode":"10117","addressCountry":"Germany"},"telephone":"030-25 09 58 70","sameAs":"https:\/\/libmod.de"},"performer":"Organization"}}