{"id":26755,"date":"2018-03-05T10:12:21","date_gmt":"2018-03-05T09:12:21","guid":{"rendered":"http:\/\/libmod.de\/?p=26755"},"modified":"2022-05-06T10:35:51","modified_gmt":"2022-05-06T08:35:51","slug":"notes-from-berlin-another-fast-roundup-of-current-political-developments-in-germany","status":"publish","type":"post","link":"https:\/\/libmod.de\/en\/notes-from-berlin-another-fast-roundup-of-current-political-developments-in-germany\/","title":{"rendered":"Notes From Berlin \u2014 Another Fast Roundup of Current Political Devel\u00adop\u00adments in&nbsp;Germany"},"content":{"rendered":"<div class=\"wpb-content-wrapper\"><p><\/p><figure id=\"attachment_26055\" aria-describedby=\"caption-attachment-26055\" style=\"width: 1200px\" class=\"wp-caption alignnone\"><img class=\"wp-image-26055 size-full\" src=\"https:\/\/libmodredaktion.fra1.digitaloceanspaces.com\/wp-content\/uploads\/20240905145755\/Bundeskanzleramt_Berlin_3-1-e1514976218705.jpg\" alt width=\"1200\" height=\"501\" srcset=\"https:\/\/libmodredaktion.fra1.digitaloceanspaces.com\/wp-content\/uploads\/20240905145755\/Bundeskanzleramt_Berlin_3-1-e1514976218705.jpg 1200w, https:\/\/libmodredaktion.fra1.digitaloceanspaces.com\/wp-content\/uploads\/20240905145755\/Bundeskanzleramt_Berlin_3-1-e1514976218705-770x321.jpg 770w, https:\/\/libmodredaktion.fra1.digitaloceanspaces.com\/wp-content\/uploads\/20240905145755\/Bundeskanzleramt_Berlin_3-1-e1514976218705-768x321.jpg 768w\" sizes=\"(max-width: 1200px) 100vw, 1200px\"><figcaption id=\"caption-attachment-26055\" class=\"wp-caption-text\">Foto: By Sebastian Bergmann [CC BY-SA 2.0], via Wikimedia&nbsp;Commons<\/figcaption><\/figure>[vc_row][vc_column][vc_column_text][\/vc_column_text][\/vc_column][\/vc_row][vc_row css=\u201d.vc_custom_1508251598805{margin-top: 30px !important;}\u201d][vc_column width=\u201c2\/3\u201d css=\u201d.vc_custom_1508252250311{padding-right: 20px !important;}\u201d][vc_column_text]\n<h2>What the decision for another&nbsp;\u201eGrand Coalition\u201d led by Chancellor Merkel implies for Germany, EU and the Transat\u00adlantic&nbsp;Alliance.<\/h2>\n<p><!--more--><\/p>\n<p>This weekend, the inter\u00adna\u00adtional community was looking at the headquarters of Germany\u2019s Social Democ\u00adratic Party (SPD) in Berlin, where almost 380.000 ballot cards were counted. When Sunday morning the results were published, you could hear sighs of relief all over the place: A&nbsp;two-third majority of party members voted in favour of another grand coalition with Angela Merkel\u2019s Christian Democrats. But what seems to be a&nbsp;sound majority is looking less impressive having in mind that the entire political estab\u00adlishment of the SPD was beating the drums for a&nbsp;YES vote.<\/p>\n<p>Never\u00adtheless, Germany is heading towards another center left \/\u200b center wright government supported by a&nbsp;broad majority in the Federal Parliament. And once more Angela Merkel will lead the government. Finally, after all political turbu\u00adlences over the last months, Germany is sending signals of stability and conti\u00adnuity to friends and&nbsp;foes.<\/p>\n<p>Any other decision by the Social Democrats would have been self-defeating, giving their historical low in recent polls. It also would have been highly irrational before the backdrop of the outcome of the coalition talks in favor of the Social Democrats, both in terms of political agenda and minis\u00adterial positions. In spite of their disap\u00adpointing election results, the SPD managed to conquer major offices in the upcoming government, especially the Foreign Office, the Treasury and the Ministry of Labour and Social Policy with it\u2019s huge amount of financial&nbsp;resources.<\/p>\n<p>If Sigmar Gabriel, the acting Foreign Minister, will remain in office, is the most inter\u00adesting question for the next days. The bets are against him, because he\u2019s an approved adversary of the Social Democrats new dual leadership: Andrea Nahles, the former Minister of Labour and Social Policy, and Olaf Scholz, first minister of Hamburg and desig\u00adnated Minister of Finance. Furthermore, Gabriel has publicly challenged the Russia- \/\u200b Ukraine-Policy of the Chancellor, demanding a&nbsp;much more soft position towards the Kremlin. But still it\u2019s not clear who may become his&nbsp;successor.<\/p>\n<p>Angela Merkel, who prema\u00adturely has been portrayed as chancellor in decline by parts of the media, has once again showed her polical skills. In a&nbsp;surprising move, she promoted Annegret Kramp-Karren\u00adbauer, the Prime Minister of a&nbsp;not too large federal state in the very Southwest of Germany, to become the General Secretary of the Christian Democ\u00adratic Party \u2013 the same position she held before pushing away the former Chancellor Helmut Kohl. Furthermore, she will bring some next-gener\u00adation Christian Democrats into the cabinet, including a&nbsp;potential adversary from the more conser\u00adv\u00adative wing of the&nbsp;party.<\/p>\n<p>Once more, Merkel is calling the shots. She will decide when to hand over the baton \u2013 either during or after the current electorial periode \u2014 and she will propose her&nbsp;successor.<\/p>\n<p>The coalition agreement between the two parties puts Europe into the foreground. The government will look for closer cooper\u00adation especially with the French president. But given the internal turmoil in the EU and the unresolved political disputes over fiscal and economic policies, refugees and the European policy towards Russia, it seems not very likely that we\u2019ll see big leaps towards a&nbsp;more united and powerful European Union. The outcome of the Italian General Elections may turn out as another stress test for the&nbsp;EU.<\/p>\n<p>At the same time, frictions within the Transat\u00adlantic Alliance are becoming deeper. President Trump\u2019s protec\u00adtionist move towards punitive tariffs is triggering a&nbsp;transat\u00adlantic trade war, which will further more weaken the military alliance between Europe and the&nbsp;US.<\/p>\n<p>Unfor\u00adtu\u00adnately, that\u2019s not a&nbsp;very rosy picture concerning the state of the West. The Kremlin may see this as an oppor\u00adtunity to intensify its attempt to split NATO and the EU and to promote anti-liberal forces in the West. This is the battle the Center for Liberal Modernity is engaged&nbsp;in.<\/p>\n<hr>\n<p>Ralf F\u00fccks is managing partner of the Center for Liberal Democracy, a&nbsp;new think tank and policy network in&nbsp;Berlin<\/p>\n<p><img class=\"alignnone wp-image-23921 size-full\" src=\"http:\/\/libmodredaktion.fra1.digitaloceanspaces.com\/wp-content\/uploads\/20240905145906\/textende.png\" alt=\"Textende\" width=\"40\" height=\"120\">[\/vc_column_text][\/vc_column][vc_column width=\u201c1\/3\u201d el_class=\u201cdimmer\u201d][vc_empty_space height=\u201c130px\u201d][vc_column_text]<\/p>\n<h2>Related Content<\/h2>\n<p>[\/vc_column_text][vc_basic_grid post_type=\u201cpost\u201d max_items=\u201c3\u201d element_width=\u201c12\u201d item=\u201c24066\u201d grid_id=\u201cvc_gid:1520241154852\u20138e09a89f-0cf3\u20116\u201d css=\u201d.vc_custom_1508761943581{background-color: #ffffff !important;}\u201d taxonomies=\u201c51\u201d][vc_row_inner css=\u201d.vc_custom_1508164629489{margin-top: 30px !important;margin-right: 0px !important;margin-left: 0px !important;background-color: #03d0b6 !important;}\u201d][vc_column_inner][vc_column_text css=\u201d.vc_custom_1508167210959{margin-top: \u201115px !important;}\u201d]<\/p>\n<h2><span style=\"color: #ffffff;\">Sub\u00adscribe our&nbsp;Newsletter<\/span><\/h2>\n<p>[\/vc_column_text][vc_column_text css=\u201d.vc_custom_1508166779270{margin-top: \u201110px !important;}\u201d]Receive news about our topics reg\u00adu\u00adlarly with our&nbsp;LibMod newslet\u00adter in German&nbsp;language.<\/p>\n<p><script>(function() {\n\twindow.mc4wp = window.mc4wp || {\n\t\tlisteners: [],\n\t\tforms: {\n\t\t\ton: function(evt, cb) {\n\t\t\t\twindow.mc4wp.listeners.push(\n\t\t\t\t\t{\n\t\t\t\t\t\tevent   : evt,\n\t\t\t\t\t\tcallback: cb\n\t\t\t\t\t}\n\t\t\t\t);\n\t\t\t}\n\t\t}\n\t}\n})();\n<\/script><!-- Mailchimp for WordPress v4.12.2 - https:\/\/wordpress.org\/plugins\/mailchimp-for-wp\/ --><\/p><form id=\"mc4wp-form-1\" class=\"mc4wp-form mc4wp-form-24179 mc4wp-form-styles-builder mc4wp-ajax\" method=\"post\" data-id=\"24179\" data-name=\"LibMod Newsletter\"><div class=\"mc4wp-form-fields\"><p>\n    <label>Anrede\u2002 \u2002\u2003<\/label>\n    <select name=\"ANREDE\" required>\n        <option value=\"Frau\" selected=\"true\">Frau<\/option>\n        <option value=\"Herr\">Herr<\/option>\n        <option value=\"X\">X<\/option>\n    <\/select>\n<\/p>\n<p>\n    <label>Insti\u00adtution\u2003<\/label>\n    <input name=\"MMERGE3\" type=\"text\">\n<\/p>\n<p>\n    <label>Nachname \u2002<\/label>\n    <input name=\"MMERGE2\" required type=\"text\">\n<\/p>\n<p>\n    <label>Vorname\u2002 \u2003<\/label>\n    <input name=\"MMERGE1\" required type=\"text\">\n<\/p>\n<p>\n    <label>Kategorie\u2002\u2003<\/label>\n    <select name=\"KATEGORIE\" required>\n        <option value=\"Newsletter\" selected=\"true\">Newsletter<\/option>\n    <\/select>\n<\/p>\n<p><input type=\"email\" name=\"EMAIL\" placeholder=\"Ihre Mail-Addresse\" required>\n<\/p><p>Mit unseren <span style=\"color: #000000;\"><a style=\"color: #000000;\" href=\"https:\/\/libmod.de\/datenschutzerklaerung\/\" target=\"_blank\" rel=\"noopener\">Daten\u00adschutzbes\u00adtim\u00admungen<\/a><\/span> <br>erkl\u00e4ren Sie sich einverstanden.<br><br>\n<input type=\"submit\" value=\"Absenden\"><br><\/p><\/div><label style=\"display: none !important;\">Leave this field empty if you\u2019re&nbsp;human:&nbsp;<input type=\"text\" name=\"_mc4wp_honeypot\" value tabindex=\"-1\" autocomplete=\"off\"><\/label><input type=\"hidden\" name=\"_mc4wp_timestamp\" value=\"1777727929\"><input type=\"hidden\" name=\"_mc4wp_form_id\" value=\"24179\"><input type=\"hidden\" name=\"_mc4wp_form_element_id\" value=\"mc4wp-form-1\"><div class=\"mc4wp-response\"><\/div><\/form><!-- \/ Mailchimp for WordPress Plugin -->[\/vc_column_text][\/vc_column_inner][\/vc_row_inner][\/vc_column][\/vc_row]\n<\/div>","protected":false},"excerpt":{"rendered":"<p>[vc_row][vc_column][vc_column_text][\/vc_column_text][\/vc_column][\/vc_row][vc_row css=\u201d.vc_custom_1508251598805{margin-top: 30px !important;}\u201d][vc_column width=\u201c2\/3\u201d css=\u201d.vc_custom_1508252250311{padding-right: 20px !important;}\u201d][vc_column_text] What the decision for another&nbsp;\u201eGrand Coalition\u201d led by Chancellor Merkel implies for Germany, EU and the Transat\u00adlantic&nbsp;Alliance.<\/p>\n","protected":false},"author":7,"featured_media":26054,"comment_status":"closed","ping_status":"closed","sticky":false,"template":"","format":"standard","meta":{"_acf_changed":false,"wp_typography_post_enhancements_disabled":false,"mc4wp_mailchimp_campaign":[],"footnotes":""},"categories":[1894],"tags":[3074,14818,11697,2075,3075,2997,2078,14720,3076,11796,2825,2996,2879,3077,11800,11801],"class_list":["post-26755","post","type-post","status-publish","format-standard","has-post-thumbnail","category-uncategorized","tag-chancellor","tag-comment","tag-defending-freedom","tag-elections","tag-foreign-policy","tag-germany","tag-government","tag-kommentar-en-4","tag-kremlin","tag-nato-en","tag-open-society-en","tag-parliament","tag-russia","tag-transatlantic-relations","tag-trump-en","tag-usa-en"],"acf":[],"yoast_head":"<!-- This site is optimized with the Yoast SEO Premium plugin v27.4 (Yoast SEO v27.5) - https:\/\/yoast.com\/product\/yoast-seo-premium-wordpress\/ -->\n<title>Notes From Berlin - A Fast Roundup of Current Political Developments in Germany<\/title>\n<meta name=\"description\" content=\"Germany will be led by another grand coalition. Chancellor Merkel arranged the setting for a successor after this term.\u00a0Whether Foreign Minister Sigmar Gabriel will stay in office is still an open question. Meanwhile elections in Italy overshadow common efforts of France and German to tackle the crisis of the EU.\" \/>\n<meta name=\"robots\" content=\"index, follow, max-snippet:-1, max-image-preview:large, max-video-preview:-1\" \/>\n<link rel=\"canonical\" href=\"https:\/\/libmod.de\/notes-from-berlin-another-fast-roundup-of-current-political-developments-in-germany\/\" \/>\n<meta property=\"og:locale\" content=\"en_US\" \/>\n<meta property=\"og:type\" content=\"article\" \/>\n<meta property=\"og:title\" content=\"Notes From Berlin - A Fast Roundup of Current Political Developments in Germany\" \/>\n<meta property=\"og:description\" content=\"Germany will be led by another grand coalition. Chancellor Merkel arranged the setting for a successor after this term. Whether Foreign Minister Sigmar Gabriel will stay in office is still an open question. Meanwhile elections in Italy overshadow common efforts of France and German to tackle the crisis of the EU.\" \/>\n<meta property=\"og:url\" content=\"https:\/\/libmod.de\/notes-from-berlin-another-fast-roundup-of-current-political-developments-in-germany\/\" \/>\n<meta property=\"og:site_name\" content=\"libmod.de - Zentrum Liberale Moderne\" \/>\n<meta property=\"article:publisher\" content=\"https:\/\/www.facebook.com\/LiberaleModerne\/\" \/>\n<meta property=\"article:published_time\" content=\"2018-03-05T09:12:21+00:00\" \/>\n<meta property=\"article:modified_time\" content=\"2022-05-06T08:35:51+00:00\" \/>\n<meta property=\"og:image\" content=\"https:\/\/libmod.de\/wp-content\/uploads\/Bundeskanzleramt_Berlin_3-e1514976096908.jpg\" \/>\n\t<meta property=\"og:image:width\" content=\"1199\" \/>\n\t<meta property=\"og:image:height\" content=\"799\" \/>\n\t<meta property=\"og:image:type\" content=\"image\/jpeg\" \/>\n<meta name=\"author\" content=\"Ralf F\u00fccks\" \/>\n<meta name=\"twitter:card\" content=\"summary_large_image\" \/>\n<meta name=\"twitter:title\" content=\"Notes From Berlin - A Fast Roundup of Current Political Developments in Germany\" \/>\n<meta name=\"twitter:description\" content=\"Germany will be led by another grand coalition. Chancellor Merkel arranged the setting for a successor after this term. Whether Foreign Minister Sigmar Gabriel will stay in office is still an open question. Meanwhile elections in Italy overshadow common efforts of France and German to tackle the crisis of the EU.\" \/>\n<meta name=\"twitter:creator\" content=\"@liberalemoderne\" \/>\n<meta name=\"twitter:site\" content=\"@liberalemoderne\" \/>\n<meta name=\"twitter:label1\" content=\"Written by\" \/>\n\t<meta name=\"twitter:data1\" content=\"Ralf F\u00fccks\" \/>\n\t<meta name=\"twitter:label2\" content=\"Est. reading time\" \/>\n\t<meta name=\"twitter:data2\" content=\"4 minutes\" \/>\n<script type=\"application\/ld+json\" class=\"yoast-schema-graph\">{\"@context\":\"https:\\\/\\\/schema.org\",\"@graph\":[{\"@type\":\"Article\",\"@id\":\"https:\\\/\\\/libmod.de\\\/notes-from-berlin-another-fast-roundup-of-current-political-developments-in-germany\\\/#article\",\"isPartOf\":{\"@id\":\"https:\\\/\\\/libmod.de\\\/notes-from-berlin-another-fast-roundup-of-current-political-developments-in-germany\\\/\"},\"author\":{\"name\":\"Ralf F\u00fccks\",\"@id\":\"https:\\\/\\\/libmod.de\\\/#\\\/schema\\\/person\\\/1523c62558428c502f73ae2c37bd32fd\"},\"headline\":\"Notes From Berlin \u2014 Another Fast Roundup of Current Political Devel\u00adop\u00adments in&nbsp;Germany\",\"datePublished\":\"2018-03-05T09:12:21+00:00\",\"dateModified\":\"2022-05-06T08:35:51+00:00\",\"mainEntityOfPage\":{\"@id\":\"https:\\\/\\\/libmod.de\\\/notes-from-berlin-another-fast-roundup-of-current-political-developments-in-germany\\\/\"},\"wordCount\":862,\"publisher\":{\"@id\":\"https:\\\/\\\/libmod.de\\\/#organization\"},\"image\":{\"@id\":\"https:\\\/\\\/libmod.de\\\/notes-from-berlin-another-fast-roundup-of-current-political-developments-in-germany\\\/#primaryimage\"},\"thumbnailUrl\":\"https:\\\/\\\/libmodredaktion.fra1.digitaloceanspaces.com\\\/wp-content\\\/uploads\\\/20240905145756\\\/Bundeskanzleramt_Berlin_3-e1514976096908.jpg\",\"keywords\":[\"Chancellor\",\"comment\",\"Defending Freedom\",\"Elections\",\"Foreign Policy\",\"Germany\",\"Government\",\"Kommentar\",\"Kremlin\",\"NATO\",\"Open Society\",\"Parliament\",\"Russia\",\"Transatlantic Relations\",\"Trump\",\"USA\"],\"articleSection\":[\"\u200c\"],\"inLanguage\":\"en-US\"},{\"@type\":\"WebPage\",\"@id\":\"https:\\\/\\\/libmod.de\\\/notes-from-berlin-another-fast-roundup-of-current-political-developments-in-germany\\\/\",\"url\":\"https:\\\/\\\/libmod.de\\\/notes-from-berlin-another-fast-roundup-of-current-political-developments-in-germany\\\/\",\"name\":\"Notes From Berlin - A Fast Roundup of Current Political Developments in Germany\",\"isPartOf\":{\"@id\":\"https:\\\/\\\/libmod.de\\\/#website\"},\"primaryImageOfPage\":{\"@id\":\"https:\\\/\\\/libmod.de\\\/notes-from-berlin-another-fast-roundup-of-current-political-developments-in-germany\\\/#primaryimage\"},\"image\":{\"@id\":\"https:\\\/\\\/libmod.de\\\/notes-from-berlin-another-fast-roundup-of-current-political-developments-in-germany\\\/#primaryimage\"},\"thumbnailUrl\":\"https:\\\/\\\/libmodredaktion.fra1.digitaloceanspaces.com\\\/wp-content\\\/uploads\\\/20240905145756\\\/Bundeskanzleramt_Berlin_3-e1514976096908.jpg\",\"datePublished\":\"2018-03-05T09:12:21+00:00\",\"dateModified\":\"2022-05-06T08:35:51+00:00\",\"description\":\"Germany will be led by another grand coalition. Chancellor Merkel arranged the setting for a successor after this term.\u00a0Whether Foreign Minister Sigmar Gabriel will stay in office is still an open question. Meanwhile elections in Italy overshadow common efforts of France and German to tackle the crisis of the EU.\",\"breadcrumb\":{\"@id\":\"https:\\\/\\\/libmod.de\\\/notes-from-berlin-another-fast-roundup-of-current-political-developments-in-germany\\\/#breadcrumb\"},\"inLanguage\":\"en-US\",\"potentialAction\":[{\"@type\":\"ReadAction\",\"target\":[\"https:\\\/\\\/libmod.de\\\/notes-from-berlin-another-fast-roundup-of-current-political-developments-in-germany\\\/\"]}]},{\"@type\":\"ImageObject\",\"inLanguage\":\"en-US\",\"@id\":\"https:\\\/\\\/libmod.de\\\/notes-from-berlin-another-fast-roundup-of-current-political-developments-in-germany\\\/#primaryimage\",\"url\":\"https:\\\/\\\/libmodredaktion.fra1.digitaloceanspaces.com\\\/wp-content\\\/uploads\\\/20240905145756\\\/Bundeskanzleramt_Berlin_3-e1514976096908.jpg\",\"contentUrl\":\"https:\\\/\\\/libmodredaktion.fra1.digitaloceanspaces.com\\\/wp-content\\\/uploads\\\/20240905145756\\\/Bundeskanzleramt_Berlin_3-e1514976096908.jpg\",\"width\":1199,\"height\":799,\"caption\":\"Foto: By Sebastian Bergmann [CC BY-SA 2.0], via Wikimedia Commons\"},{\"@type\":\"BreadcrumbList\",\"@id\":\"https:\\\/\\\/libmod.de\\\/notes-from-berlin-another-fast-roundup-of-current-political-developments-in-germany\\\/#breadcrumb\",\"itemListElement\":[{\"@type\":\"ListItem\",\"position\":1,\"name\":\"Startseite\",\"item\":\"https:\\\/\\\/libmod.de\\\/en\\\/\"},{\"@type\":\"ListItem\",\"position\":2,\"name\":\"Notes From Berlin &#8211; Another Fast Roundup of Current Political Developments in Germany\"}]},{\"@type\":\"WebSite\",\"@id\":\"https:\\\/\\\/libmod.de\\\/#website\",\"url\":\"https:\\\/\\\/libmod.de\\\/\",\"name\":\"libmod.de - Zentrum Liberale Moderne\",\"description\":\"Think Tank f\u00fcr Politik in Berlin\",\"publisher\":{\"@id\":\"https:\\\/\\\/libmod.de\\\/#organization\"},\"potentialAction\":[{\"@type\":\"SearchAction\",\"target\":{\"@type\":\"EntryPoint\",\"urlTemplate\":\"https:\\\/\\\/libmod.de\\\/?s={search_term_string}\"},\"query-input\":{\"@type\":\"PropertyValueSpecification\",\"valueRequired\":true,\"valueName\":\"search_term_string\"}}],\"inLanguage\":\"en-US\"},{\"@type\":\"Organization\",\"@id\":\"https:\\\/\\\/libmod.de\\\/#organization\",\"name\":\"Zentrum Liberale Moderne\",\"url\":\"https:\\\/\\\/libmod.de\\\/\",\"logo\":{\"@type\":\"ImageObject\",\"inLanguage\":\"en-US\",\"@id\":\"https:\\\/\\\/libmod.de\\\/#\\\/schema\\\/logo\\\/image\\\/\",\"url\":\"https:\\\/\\\/libmodredaktion.fra1.digitaloceanspaces.com\\\/wp-content\\\/uploads\\\/20240905145818\\\/LibMod_Logo_XL.jpg\",\"contentUrl\":\"https:\\\/\\\/libmodredaktion.fra1.digitaloceanspaces.com\\\/wp-content\\\/uploads\\\/20240905145818\\\/LibMod_Logo_XL.jpg\",\"width\":1439,\"height\":615,\"caption\":\"Zentrum Liberale Moderne\"},\"image\":{\"@id\":\"https:\\\/\\\/libmod.de\\\/#\\\/schema\\\/logo\\\/image\\\/\"},\"sameAs\":[\"https:\\\/\\\/www.facebook.com\\\/LiberaleModerne\\\/\",\"https:\\\/\\\/x.com\\\/liberalemoderne\",\"https:\\\/\\\/www.youtube.com\\\/channel\\\/UC4Yl_V4pm1LwryD04ky54SA\",\"https:\\\/\\\/www.instagram.com\\\/libmod\\\/\",\"https:\\\/\\\/bsky.app\\\/profile\\\/libmod.de\"],\"description\":\"Das Zentrum Liberale Moderne ist ein politischer Think Tank und eine Debattenplattform. LibMod steht f\u00fcr die Verteidigung und Erneuerung der liberalen Demokratie, f\u00fcr den Aufbruch in die \u00f6kologische Moderne und f\u00fcr eine fundierte Osteuropa-Expertise.\"},{\"@type\":\"Person\",\"@id\":\"https:\\\/\\\/libmod.de\\\/#\\\/schema\\\/person\\\/1523c62558428c502f73ae2c37bd32fd\",\"name\":\"Ralf F\u00fccks\",\"image\":{\"@type\":\"ImageObject\",\"inLanguage\":\"en-US\",\"@id\":\"https:\\\/\\\/libmodredaktion.fra1.digitaloceanspaces.com\\\/wp-content\\\/uploads\\\/20240905145929\\\/Ralf-F%C3%BCcks_rund-150x150.png\",\"url\":\"https:\\\/\\\/libmodredaktion.fra1.digitaloceanspaces.com\\\/wp-content\\\/uploads\\\/20240905145929\\\/Ralf-F%C3%BCcks_rund-150x150.png\",\"contentUrl\":\"https:\\\/\\\/libmodredaktion.fra1.digitaloceanspaces.com\\\/wp-content\\\/uploads\\\/20240905145929\\\/Ralf-F%C3%BCcks_rund-150x150.png\",\"caption\":\"Ralf F\u00fccks\"},\"description\":\"Ralf F\u00fccks ist gesch\u00e4ftsf\u00fchrender Gesellschafter des Zentrums Liberale Moderne und wirkte zuvor 21 Jahre als Vorstand der Heinrich B\u00f6ll Stiftung, der politischen Stiftung der Gr\u00fcnen. Davor war er Co-Vorsitzender der Gr\u00fcnen (1989\\\/90) und Senator f\u00fcr Umwelt und Stadtentwicklung in Bremen. Kontakt info@libmod.de T +49 30 25095870 Publikationen Ralf F\u00fccks, Freiheit verteidigen , Wie wir den Kampf um die offene Gesellschaft gewinnen, 2017 Ralf F\u00fccks, Intelligent wachsen , Die gr\u00fcne Revolution, 2013 Zum LibMod-Team\",\"url\":\"https:\\\/\\\/libmod.de\\\/en\\\/author\\\/zlm_ralf_fuecks\\\/\"}]}<\/script>\n<!-- \/ Yoast SEO Premium plugin. -->","yoast_head_json":{"title":"Notes From Berlin - A Fast Roundup of Current Political Developments in Germany","description":"Germany will be led by another grand coalition. Chancellor Merkel arranged the setting for a successor after this term.\u00a0Whether Foreign Minister Sigmar Gabriel will stay in office is still an open question. Meanwhile elections in Italy overshadow common efforts of France and German to tackle the crisis of the EU.","robots":{"index":"index","follow":"follow","max-snippet":"max-snippet:-1","max-image-preview":"max-image-preview:large","max-video-preview":"max-video-preview:-1"},"canonical":"https:\/\/libmod.de\/notes-from-berlin-another-fast-roundup-of-current-political-developments-in-germany\/","og_locale":"en_US","og_type":"article","og_title":"Notes From Berlin - A Fast Roundup of Current Political Developments in Germany","og_description":"Germany will be led by another grand coalition. Chancellor Merkel arranged the setting for a successor after this term. Whether Foreign Minister Sigmar Gabriel will stay in office is still an open question. Meanwhile elections in Italy overshadow common efforts of France and German to tackle the crisis of the EU.","og_url":"https:\/\/libmod.de\/notes-from-berlin-another-fast-roundup-of-current-political-developments-in-germany\/","og_site_name":"libmod.de - Zentrum Liberale Moderne","article_publisher":"https:\/\/www.facebook.com\/LiberaleModerne\/","article_published_time":"2018-03-05T09:12:21+00:00","article_modified_time":"2022-05-06T08:35:51+00:00","og_image":[{"width":1199,"height":799,"url":"https:\/\/libmod.de\/wp-content\/uploads\/Bundeskanzleramt_Berlin_3-e1514976096908.jpg","type":"image\/jpeg"}],"author":"Ralf F\u00fccks","twitter_card":"summary_large_image","twitter_title":"Notes From Berlin - A Fast Roundup of Current Political Developments in Germany","twitter_description":"Germany will be led by another grand coalition. Chancellor Merkel arranged the setting for a successor after this term. Whether Foreign Minister Sigmar Gabriel will stay in office is still an open question. Meanwhile elections in Italy overshadow common efforts of France and German to tackle the crisis of the EU.","twitter_creator":"@liberalemoderne","twitter_site":"@liberalemoderne","twitter_misc":{"Written by":"Ralf F\u00fccks","Est. reading time":"4 minutes"},"schema":{"@context":"https:\/\/schema.org","@graph":[{"@type":"Article","@id":"https:\/\/libmod.de\/notes-from-berlin-another-fast-roundup-of-current-political-developments-in-germany\/#article","isPartOf":{"@id":"https:\/\/libmod.de\/notes-from-berlin-another-fast-roundup-of-current-political-developments-in-germany\/"},"author":{"name":"Ralf F\u00fccks","@id":"https:\/\/libmod.de\/#\/schema\/person\/1523c62558428c502f73ae2c37bd32fd"},"headline":"Notes From Berlin \u2014 Another Fast Roundup of Current Political Devel\u00adop\u00adments in&nbsp;Germany","datePublished":"2018-03-05T09:12:21+00:00","dateModified":"2022-05-06T08:35:51+00:00","mainEntityOfPage":{"@id":"https:\/\/libmod.de\/notes-from-berlin-another-fast-roundup-of-current-political-developments-in-germany\/"},"wordCount":862,"publisher":{"@id":"https:\/\/libmod.de\/#organization"},"image":{"@id":"https:\/\/libmod.de\/notes-from-berlin-another-fast-roundup-of-current-political-developments-in-germany\/#primaryimage"},"thumbnailUrl":"https:\/\/libmodredaktion.fra1.digitaloceanspaces.com\/wp-content\/uploads\/20240905145756\/Bundeskanzleramt_Berlin_3-e1514976096908.jpg","keywords":["Chancellor","comment","Defending Freedom","Elections","Foreign Policy","Germany","Government","Kommentar","Kremlin","NATO","Open Society","Parliament","Russia","Transatlantic Relations","Trump","USA"],"articleSection":["\u200c"],"inLanguage":"en-US"},{"@type":"WebPage","@id":"https:\/\/libmod.de\/notes-from-berlin-another-fast-roundup-of-current-political-developments-in-germany\/","url":"https:\/\/libmod.de\/notes-from-berlin-another-fast-roundup-of-current-political-developments-in-germany\/","name":"Notes From Berlin - A Fast Roundup of Current Political Developments in Germany","isPartOf":{"@id":"https:\/\/libmod.de\/#website"},"primaryImageOfPage":{"@id":"https:\/\/libmod.de\/notes-from-berlin-another-fast-roundup-of-current-political-developments-in-germany\/#primaryimage"},"image":{"@id":"https:\/\/libmod.de\/notes-from-berlin-another-fast-roundup-of-current-political-developments-in-germany\/#primaryimage"},"thumbnailUrl":"https:\/\/libmodredaktion.fra1.digitaloceanspaces.com\/wp-content\/uploads\/20240905145756\/Bundeskanzleramt_Berlin_3-e1514976096908.jpg","datePublished":"2018-03-05T09:12:21+00:00","dateModified":"2022-05-06T08:35:51+00:00","description":"Germany will be led by another grand coalition. Chancellor Merkel arranged the setting for a successor after this term.\u00a0Whether Foreign Minister Sigmar Gabriel will stay in office is still an open question. Meanwhile elections in Italy overshadow common efforts of France and German to tackle the crisis of the EU.","breadcrumb":{"@id":"https:\/\/libmod.de\/notes-from-berlin-another-fast-roundup-of-current-political-developments-in-germany\/#breadcrumb"},"inLanguage":"en-US","potentialAction":[{"@type":"ReadAction","target":["https:\/\/libmod.de\/notes-from-berlin-another-fast-roundup-of-current-political-developments-in-germany\/"]}]},{"@type":"ImageObject","inLanguage":"en-US","@id":"https:\/\/libmod.de\/notes-from-berlin-another-fast-roundup-of-current-political-developments-in-germany\/#primaryimage","url":"https:\/\/libmodredaktion.fra1.digitaloceanspaces.com\/wp-content\/uploads\/20240905145756\/Bundeskanzleramt_Berlin_3-e1514976096908.jpg","contentUrl":"https:\/\/libmodredaktion.fra1.digitaloceanspaces.com\/wp-content\/uploads\/20240905145756\/Bundeskanzleramt_Berlin_3-e1514976096908.jpg","width":1199,"height":799,"caption":"Foto: By Sebastian Bergmann [CC BY-SA 2.0], via Wikimedia Commons"},{"@type":"BreadcrumbList","@id":"https:\/\/libmod.de\/notes-from-berlin-another-fast-roundup-of-current-political-developments-in-germany\/#breadcrumb","itemListElement":[{"@type":"ListItem","position":1,"name":"Startseite","item":"https:\/\/libmod.de\/en\/"},{"@type":"ListItem","position":2,"name":"Notes From Berlin &#8211; Another Fast Roundup of Current Political Developments in Germany"}]},{"@type":"WebSite","@id":"https:\/\/libmod.de\/#website","url":"https:\/\/libmod.de\/","name":"libmod.de - Zentrum Liberale Moderne","description":"Think Tank f\u00fcr Politik in Berlin","publisher":{"@id":"https:\/\/libmod.de\/#organization"},"potentialAction":[{"@type":"SearchAction","target":{"@type":"EntryPoint","urlTemplate":"https:\/\/libmod.de\/?s={search_term_string}"},"query-input":{"@type":"PropertyValueSpecification","valueRequired":true,"valueName":"search_term_string"}}],"inLanguage":"en-US"},{"@type":"Organization","@id":"https:\/\/libmod.de\/#organization","name":"Zentrum Liberale Moderne","url":"https:\/\/libmod.de\/","logo":{"@type":"ImageObject","inLanguage":"en-US","@id":"https:\/\/libmod.de\/#\/schema\/logo\/image\/","url":"https:\/\/libmodredaktion.fra1.digitaloceanspaces.com\/wp-content\/uploads\/20240905145818\/LibMod_Logo_XL.jpg","contentUrl":"https:\/\/libmodredaktion.fra1.digitaloceanspaces.com\/wp-content\/uploads\/20240905145818\/LibMod_Logo_XL.jpg","width":1439,"height":615,"caption":"Zentrum Liberale Moderne"},"image":{"@id":"https:\/\/libmod.de\/#\/schema\/logo\/image\/"},"sameAs":["https:\/\/www.facebook.com\/LiberaleModerne\/","https:\/\/x.com\/liberalemoderne","https:\/\/www.youtube.com\/channel\/UC4Yl_V4pm1LwryD04ky54SA","https:\/\/www.instagram.com\/libmod\/","https:\/\/bsky.app\/profile\/libmod.de"],"description":"Das Zentrum Liberale Moderne ist ein politischer Think Tank und eine Debattenplattform. LibMod steht f\u00fcr die Verteidigung und Erneuerung der liberalen Demokratie, f\u00fcr den Aufbruch in die \u00f6kologische Moderne und f\u00fcr eine fundierte Osteuropa-Expertise."},{"@type":"Person","@id":"https:\/\/libmod.de\/#\/schema\/person\/1523c62558428c502f73ae2c37bd32fd","name":"Ralf F\u00fccks","image":{"@type":"ImageObject","inLanguage":"en-US","@id":"https:\/\/libmodredaktion.fra1.digitaloceanspaces.com\/wp-content\/uploads\/20240905145929\/Ralf-F%C3%BCcks_rund-150x150.png","url":"https:\/\/libmodredaktion.fra1.digitaloceanspaces.com\/wp-content\/uploads\/20240905145929\/Ralf-F%C3%BCcks_rund-150x150.png","contentUrl":"https:\/\/libmodredaktion.fra1.digitaloceanspaces.com\/wp-content\/uploads\/20240905145929\/Ralf-F%C3%BCcks_rund-150x150.png","caption":"Ralf F\u00fccks"},"description":"Ralf F\u00fccks ist gesch\u00e4ftsf\u00fchrender Gesellschafter des Zentrums Liberale Moderne und wirkte zuvor 21 Jahre als Vorstand der Heinrich B\u00f6ll Stiftung, der politischen Stiftung der Gr\u00fcnen. Davor war er Co-Vorsitzender der Gr\u00fcnen (1989\/90) und Senator f\u00fcr Umwelt und Stadtentwicklung in Bremen. Kontakt info@libmod.de T +49 30 25095870 Publikationen Ralf F\u00fccks, Freiheit verteidigen , Wie wir den Kampf um die offene Gesellschaft gewinnen, 2017 Ralf F\u00fccks, Intelligent wachsen , Die gr\u00fcne Revolution, 2013 Zum LibMod-Team","url":"https:\/\/libmod.de\/en\/author\/zlm_ralf_fuecks\/"}]}},"menu_order":533,"_links":{"self":[{"href":"https:\/\/libmod.de\/en\/wp-json\/wp\/v2\/posts\/26755","targetHints":{"allow":["GET"]}}],"collection":[{"href":"https:\/\/libmod.de\/en\/wp-json\/wp\/v2\/posts"}],"about":[{"href":"https:\/\/libmod.de\/en\/wp-json\/wp\/v2\/types\/post"}],"author":[{"embeddable":true,"href":"https:\/\/libmod.de\/en\/wp-json\/wp\/v2\/users\/7"}],"replies":[{"embeddable":true,"href":"https:\/\/libmod.de\/en\/wp-json\/wp\/v2\/comments?post=26755"}],"version-history":[{"count":10,"href":"https:\/\/libmod.de\/en\/wp-json\/wp\/v2\/posts\/26755\/revisions"}],"predecessor-version":[{"id":36225,"href":"https:\/\/libmod.de\/en\/wp-json\/wp\/v2\/posts\/26755\/revisions\/36225"}],"wp:featuredmedia":[{"embeddable":true,"href":"https:\/\/libmod.de\/en\/wp-json\/wp\/v2\/media\/26054"}],"wp:attachment":[{"href":"https:\/\/libmod.de\/en\/wp-json\/wp\/v2\/media?parent=26755"}],"wp:term":[{"taxonomy":"category","embeddable":true,"href":"https:\/\/libmod.de\/en\/wp-json\/wp\/v2\/categories?post=26755"},{"taxonomy":"post_tag","embeddable":true,"href":"https:\/\/libmod.de\/en\/wp-json\/wp\/v2\/tags?post=26755"}],"curies":[{"name":"wp","href":"https:\/\/api.w.org\/{rel}","templated":true}]}}