{"id":27286,"date":"2018-02-19T11:44:47","date_gmt":"2018-02-19T10:44:47","guid":{"rendered":"http:\/\/libmod.de\/?p=27286"},"modified":"2020-03-28T02:47:45","modified_gmt":"2020-03-28T01:47:45","slug":"three-years-after-minsk-ii-where-are-we-now","status":"publish","type":"post","link":"https:\/\/libmod.de\/en\/three-years-after-minsk-ii-where-are-we-now\/","title":{"rendered":"Three years after Minsk II: Where are we&nbsp;now?"},"content":{"rendered":"<div class=\"wpb-content-wrapper\"><p>[vc_row][vc_column][vc_column_text]<\/p>\n<figure id=\"attachment_26566\" aria-describedby=\"caption-attachment-26566\" style=\"width: 1201px\" class=\"wp-caption alignnone\"><img class=\"wp-image-26566 \" src=\"https:\/\/libmodredaktion.fra1.digitaloceanspaces.com\/wp-content\/uploads\/20240905145724\/shutterstock_323052848-e1519033667256-770x321.jpg\" alt width=\"1201\" height=\"501\" srcset=\"https:\/\/libmodredaktion.fra1.digitaloceanspaces.com\/wp-content\/uploads\/20240905145724\/shutterstock_323052848-e1519033667256-770x321.jpg 770w, https:\/\/libmodredaktion.fra1.digitaloceanspaces.com\/wp-content\/uploads\/20240905145724\/shutterstock_323052848-e1519033667256-768x321.jpg 768w, https:\/\/libmodredaktion.fra1.digitaloceanspaces.com\/wp-content\/uploads\/20240905145724\/shutterstock_323052848-e1519033667256.jpg 1200w\" sizes=\"(max-width: 1201px) 100vw, 1201px\"><figcaption id=\"caption-attachment-26566\" class=\"wp-caption-text\">Quelle: Shutter\u00adstock<\/figcaption><\/figure>\n<p>[\/vc_column_text][\/vc_column][\/vc_row][vc_row css=\u201d.vc_custom_1508251598805{margin-top: 30px !important;}\u201d][vc_column width=\u201c2\/3\u201d css=\u201d.vc_custom_1508252250311{padding-right: 20px !important;}\u201d][vc_column_text]<\/p>\n<h2>Recapit\u00adu\u00adlation of a&nbsp;faltering peace process: the second Minsk Agreement of February 2015, intended to put an end to the war in eastern Ukraine and to set a&nbsp;political process in motion, with no success so&nbsp;far.<\/h2>\n<p><!--more--><\/p>\n<p>A look back: On 27 February 2014, Russian special forces occupy Crimea\u2019s parliament building. The annex\u00adation of Crimea is forced through at a&nbsp;dizzying pace: the region\u2019s de facto incor\u00adpo\u00adration by Russia takes place on 18 March, a&nbsp;mere two days after the pseudo-refer\u00adendum held at gunpoint on 16 March. All of it metic\u00adu\u00adlously&nbsp;prepared.<\/p>\n<p>The West, completely blind\u00adsided by this unexpected devel\u00adopment, responds with shocked dismay, but correctly. Europe and the USA make it clear that there will be no military response of any kind. Instead, moderate economic sanctions are imposed. Secretly, many hoped that Putin had been satiated by the annex\u00adation, and that he would not risk the leap to mainland Ukraine. The West had under\u00ades\u00adti\u00admated the Kremlin\u2019s&nbsp;appetite.<\/p>\n<h2>Escalation in the&nbsp;Donbas<\/h2>\n<p>The Ukrainian military was not prepared for an attack on Crimea, nor later, for one in the Donbas. As a&nbsp;functioning force, it was practi\u00adcally non-existent. Officers whose commis\u00adsions dated back to the days of the joint Soviet Army, antiquated equipment, misman\u00adagement, corruption and zero experience in defending against an attack conspired to make the invasion a&nbsp;military walk in the park for the Russian forces, with the connivance of collab\u00ado\u00adrators from the&nbsp;Donbas.<\/p>\n<p>Recalling Milo\u0161evi\u0107\u2019s dictum from 1991 \u201cIf a&nbsp;Serbian lives there, it is Serbian soil\u201d, the Kremlin\u2019s propa\u00adganda asserted the imper\u00adative of protecting the \u201cRussian\u201d populace, allegedly threatened by a&nbsp;fascist Maidan. The myth of fascist uprisings was anything but new \u2013 the Kremlin had already used it to quell the liber\u00adation movements in Berlin in 1953, Hungary in 1956 and Czecho\u00adslo\u00advakia in&nbsp;1968.<\/p>\n<p>That, despite the organ\u00adi\u00adsa\u00adtional chaos within the Ukrainian military, the \u201cseparatists\u201d could nonetheless be, for the most part, driven back in August of 2014 was something on the order of a&nbsp;minor miracle. But not one the Kremlin was prepared to tolerate. A&nbsp;massive deployment of troops and heavy weaponry from Russia forced the Ukrainian forces back out again. In one partic\u00adu\u00adlarly dramatic chapter of the war, over 1&nbsp;000 Ukrainian soldiers found themselves trapped in Ilovaisk, encircled by enemy troops. Having met a&nbsp;few desperate soldiers who managed to escape the Ilovaisk pocket, the author has some idea of the horror these young men lived&nbsp;through.<\/p>\n<h2>Minsk I<\/h2>\n<p>Against this backdrop, a&nbsp;first meeting took place in Minsk on 5&nbsp;September. Under the auspices of the OSCE, Leonid Kuchma, former President of Ukraine, Mikhail Zurabov, Russia\u2019s Ambas\u00adsador to Ukraine, and the rebel leaders Alexander Zakharchenko and Igor Plotnitsky met with the respected diplomat Heidi Tagli\u00adavinia. The outcome was a&nbsp;package of measures made up of 12 points, which, in addition to a&nbsp;ceasefire, included provi\u00adsions on an exchange of prisoners, an OSCE monitoring mission to the Ukrainian-Russian border, special status for the Donbas region, and early regional&nbsp;elections.<\/p>\n<p>The ceasefire leaked like a&nbsp;sieve right from the start. The pro-Russian forces used the oppor\u00adtunity to further their conquests, capturing an area approx\u00adi\u00admately the same size as the city of Hamburg. The Ukrainian military found itself in a&nbsp;critical situation.<\/p>\n<h2>Second attempt in&nbsp;Minsk<\/h2>\n<p>This galvanised the German and French Govern\u00adments to make a&nbsp;new attempt to put an end to the war in the middle of Europe, with the personal involvement of Chancellor Angela Merkel and President Fran\u00e7ois Hollande. The talks went on until five in the&nbsp;morning.<\/p>\n<p>The Russian president was open to a&nbsp;new, second Minsk agreement, but demanded a&nbsp;two-week delay before it went into effect. Clearly, he was thinking of the fact that pro-Russian forces near Debaltseve had encircled around 8,000 Ukrainian troops there, and the desire bring this to its proper military&nbsp;conclusion.<\/p>\n<p>The repre\u00adsen\u00adta\u00adtives of the Normandy format managed to barter the two weeks down to 48&nbsp;hours, at which point the Ukrainian president signed the agreement. Readers must judge for themselves whether Poroshenko had any other option given the desper\u00adateness of the situation. (The truce was of no use to the troops trapped in Debaltseve at any rate: the pocket was closed and the atroc\u00adities the took their&nbsp;course.)<\/p>\n<h2>Where are we&nbsp;now?<\/h2>\n<p>The OSCE mission compiles painstaking reports on the military activ\u00adities in the disputed region. Russian military, equipment and troops on a \u201cbusman\u2019s furlough\u201d cross the Russian-Ukrainian border without imped\u00adiment; the rouble is the general means of payment; the admin\u00adis\u00adtration is controlled from Moscow; more than 1.5 million people have left the&nbsp;region.<\/p>\n<p>There are repeated viola\u00adtions of the ceasefire. Skirmishes over already war-torn terri\u00adtories, more symbolic in character than anything else, take a&nbsp;fresh toll in lives almost daily. Children in the so-called \u201cgrey zones\u201d walk to school under artillery fire. The contact line between the Donetsk and Luhansk \u201cPeople\u2019s Republics\u201d and free Ukraine is sealed ever more tightly. In Kiev, dangerous under\u00adtones can be heard in the new Reinte\u00adgration Act, casting those who have remained in the Donbas in the role of potential collab\u00ado\u00adrators rather than as victims. Adopted only recently and highly contro\u00adversial, the statute imposes de facto martial law in the Ukrainian-controlled areas of Donetsk and&nbsp;Luhansk.<\/p>\n<p>Occasionally, positive reports interrupt the flow of otherwise gloomy news from the region: the four working groups of the OSCE\u2019s Trilateral Contact Group, which focus on security issues, as well as political, economic and human\u00adi\u00adtarian topics, having quietly continued their work. One of the less visible successes was the recent exchange of 237 Russian for 73 Ukrainian prisoners. But many families are still left hanging, hoping for some sign that their loved ones are alive, or at least for defin\u00aditive word of their&nbsp;deaths.<\/p>\n<p>The pro-sanction coalition within western EU countries is beginning to crumble. The desire to be able to return to business as usual with the Kremlin runs too deep. An optimist would say: Minsk II is stagnating. A&nbsp;pessimist would say: Minsk has&nbsp;failed.<\/p>\n<h2>What does Putin&nbsp;want?<\/h2>\n<p>It is completely unclear whether the high costs of the occupation and the sanctions might have made President Putin willing to accept the reinte\u00adgration of the Donbas into Ukraine. There is much suggesting that the opposite might be true, that a&nbsp;democ\u00adratic Ukraine, freed of the war and able to prosper econom\u00adi\u00adcally might be seen as the greater threat to the stability of the author\u00adi\u00adtarian regime in&nbsp;Moscow.<\/p>\n<p>It is in this light that we much assess Putin\u2019s proposal that an inter\u00adna\u00adtional contingent of Blue Helmets watch over the OSCE activ\u00adities. The sincerity of Putin\u2019s proposal can easily be tested: Will he hand control of the Ukrainian-Russian border over to the UN peace\u00adkeeping forces and thus make it possible for Ukrainian sover\u00adeignty to be re-extended over the Donbas an orderly fashion? Or will he want to leave it at having a&nbsp;Blue Helmet contingent stationed at the current front-line? That would put the armed conflict on ice, but no more. The UN forces would be made unwilling acces\u00adsories to the consol\u00adi\u00addation of the status&nbsp;quo.<\/p>\n<p>Either way, Western govern\u00adments would be well advised to take a&nbsp;realistic approach to assessing the sturdiness of under\u00adtakings from Moscow. In 2008, for instance, in connection with the separation of South Ossetia and Abkhazia from Georgia, the Russian side issued assur\u00adances concerning OSCE and Red Cross access to the region and the withdrawal of the Russian \u201cpeace forces\u201d. Ten years after the end of the military conflict, Russia has still not made good on these commit\u00adments under the agreement however, far from it: Russian supremacy over the breakaway regions \u2013 repre\u00adsenting 20 percent of Georgian territory after all \u2013 has been de facto consol\u00adi\u00addated. This same scenario threatens&nbsp;Ukraine.<\/p>\n<p>Thus, it all depends on the mandate given to an inter\u00adna\u00adtional peace\u00adkeeping force for East Ukraine. An end to the fighting alone will not give rise to an enduring peace. A&nbsp;UN mission in the Donbas needs to be flanked by a&nbsp;political process leading to free and fair elections and securing the reinte\u00adgration of the occupied regions into&nbsp;Ukraine.<\/p>\n<h2>Where are the guarantor powers of Budapest&nbsp;now?<\/h2>\n<p>Let us not forget that in 1994, the Ukrainian Government \u2013 the world\u2019s third-ranking nuclear power at the time \u2013 was willing, in all good faith, to give up its nuclear weapons. In return, Russia, the USA and the UK guaranteed the political sover\u00adeignty of Ukraine and the integrity of its borders. Ending the war in East Ukraine therefore also falls within the respon\u00adsi\u00adbility of the states that signed the Budapest Memorandum. London and Washington should have been sitting at the table alongside Moscow, Paris and Berlin four years ago. After nearly four years of war and over ten thousand deaths, it is time for these states to live up to their respon\u00adsi\u00adbil\u00adities, to put an end finally to the war in the middle of Europe and ensure that inter\u00adna\u00adtional law is&nbsp;respected.<\/p>\n<p>It is not only Ukraine that is harmed by disar\u00admament agree\u00adments that are not worth the paper they are written on, they damage disar\u00admament efforts every\u00adwhere \u2013 because there can be no disar\u00admament in the absence of&nbsp;trust.<\/p>\n<p><img class=\"alignnone wp-image-23921 size-full\" src=\"http:\/\/libmodredaktion.fra1.digitaloceanspaces.com\/wp-content\/uploads\/20240905145906\/textende.png\" alt=\"Textende\" width=\"40\" height=\"120\">[\/vc_column_text][\/vc_column][vc_column width=\u201c1\/3\u201d el_class=\u201cdimmer\u201d][vc_empty_space height=\u201c130px\u201d][vc_column_text]<\/p>\n<h2>Related Content<\/h2>\n<p>[\/vc_column_text][vc_basic_grid post_type=\u201cpost\u201d max_items=\u201c3\u201d element_width=\u201c12\u201d item=\u201c24066\u201d grid_id=\u201cvc_gid:1519033764716\u20139a1ffdfa-f5af\u20112\u201d css=\u201d.vc_custom_1510528604730{background-color: #ffffff !important;}\u201d taxonomies=\u201c48\u201d][vc_row_inner css=\u201d.vc_custom_1508164629489{margin-top: 30px !important;margin-right: 0px !important;margin-left: 0px !important;background-color: #03d0b6 !important;}\u201d][vc_column_inner][vc_column_text css=\u201d.vc_custom_1508167210959{margin-top: \u201115px !important;}\u201d]<\/p>\n<h2><span style=\"color: #ffffff;\">Sub\u00adscribe our&nbsp;Newsletter<\/span><\/h2>\n<p>[\/vc_column_text][vc_column_text css=\u201d.vc_custom_1508166779270{margin-top: \u201110px !important;}\u201d]Receive news about our topics reg\u00adu\u00adlarly with our&nbsp;LibMod newslet\u00adter in German&nbsp;language.<\/p>\n<p><script>(function() {\n\twindow.mc4wp = window.mc4wp || {\n\t\tlisteners: [],\n\t\tforms: {\n\t\t\ton: function(evt, cb) {\n\t\t\t\twindow.mc4wp.listeners.push(\n\t\t\t\t\t{\n\t\t\t\t\t\tevent   : evt,\n\t\t\t\t\t\tcallback: cb\n\t\t\t\t\t}\n\t\t\t\t);\n\t\t\t}\n\t\t}\n\t}\n})();\n<\/script><!-- Mailchimp for WordPress v4.12.2 - https:\/\/wordpress.org\/plugins\/mailchimp-for-wp\/ --><\/p><form id=\"mc4wp-form-1\" class=\"mc4wp-form mc4wp-form-24179 mc4wp-form-styles-builder mc4wp-ajax\" method=\"post\" data-id=\"24179\" data-name=\"LibMod Newsletter\"><div class=\"mc4wp-form-fields\"><p>\n    <label>Anrede\u2002 \u2002\u2003<\/label>\n    <select name=\"ANREDE\" required>\n        <option value=\"Frau\" selected=\"true\">Frau<\/option>\n        <option value=\"Herr\">Herr<\/option>\n        <option value=\"X\">X<\/option>\n    <\/select>\n<\/p>\n<p>\n    <label>Insti\u00adtution\u2003<\/label>\n    <input name=\"MMERGE3\" type=\"text\">\n<\/p>\n<p>\n    <label>Nachname \u2002<\/label>\n    <input name=\"MMERGE2\" required type=\"text\">\n<\/p>\n<p>\n    <label>Vorname\u2002 \u2003<\/label>\n    <input name=\"MMERGE1\" required type=\"text\">\n<\/p>\n<p>\n    <label>Kategorie\u2002\u2003<\/label>\n    <select name=\"KATEGORIE\" required>\n        <option value=\"Newsletter\" selected=\"true\">Newsletter<\/option>\n    <\/select>\n<\/p>\n<p><input type=\"email\" name=\"EMAIL\" placeholder=\"Ihre Mail-Addresse\" required>\n<\/p><p>Mit unseren <span style=\"color: #000000;\"><a style=\"color: #000000;\" href=\"https:\/\/libmod.de\/datenschutzerklaerung\/\" target=\"_blank\" rel=\"noopener\">Daten\u00adschutzbes\u00adtim\u00admungen<\/a><\/span> <br>erkl\u00e4ren Sie sich einverstanden.<br><br>\n<input type=\"submit\" value=\"Absenden\"><br><\/p><\/div><label style=\"display: none !important;\">Leave this field empty if you\u2019re&nbsp;human:&nbsp;<input type=\"text\" name=\"_mc4wp_honeypot\" value tabindex=\"-1\" autocomplete=\"off\"><\/label><input type=\"hidden\" name=\"_mc4wp_timestamp\" value=\"1777797973\"><input type=\"hidden\" name=\"_mc4wp_form_id\" value=\"24179\"><input type=\"hidden\" name=\"_mc4wp_form_element_id\" value=\"mc4wp-form-1\"><div class=\"mc4wp-response\"><\/div><\/form><!-- \/ Mailchimp for WordPress Plugin -->[\/vc_column_text][\/vc_column_inner][\/vc_row_inner][\/vc_column][\/vc_row]\n<\/div>","protected":false},"excerpt":{"rendered":"<p>[vc_row][vc_column][vc_column_text] [\/vc_column_text][\/vc_column][\/vc_row][vc_row css=\u201d.vc_custom_1508251598805{margin-top: 30px !important;}\u201d][vc_column width=\u201c2\/3\u201d css=\u201d.vc_custom_1508252250311{padding-right: 20px !important;}\u201d][vc_column_text] Recapit\u00adu\u00adlation of a&nbsp;faltering peace process: the second Minsk Agreement of February 2015, intended to put an end to the war&nbsp;in...<\/p>\n","protected":false},"author":6,"featured_media":30060,"comment_status":"closed","ping_status":"closed","sticky":false,"template":"","format":"standard","meta":{"_acf_changed":false,"wp_typography_post_enhancements_disabled":false,"mc4wp_mailchimp_campaign":[],"footnotes":""},"categories":[1894],"tags":[2987,2878,2877,2829,11704,11708,2875,2912,2879,10657,2876],"class_list":["post-27286","post","type-post","status-publish","format-standard","has-post-thumbnail","category-uncategorized","tag-current","tag-east-ukraine","tag-eastern-europe","tag-eastern-neighbourhood","tag-europes-east","tag-minsk-en","tag-peace-process","tag-recommended","tag-russia","tag-ukraine-en","tag-war-and-peace"],"acf":[],"yoast_head":"<!-- This site is optimized with the Yoast SEO Premium plugin v27.4 (Yoast SEO v27.5) - https:\/\/yoast.com\/product\/yoast-seo-premium-wordpress\/ -->\n<title>Three years after Minsk II: Where are we now? - libmod.de - Zentrum Liberale Moderne<\/title>\n<meta name=\"description\" content=\"Recapitulation of a faltering peace process: the second Minsk Agreement of February 2015, intended to put an end to the war in eastern Ukraine and to set\" \/>\n<meta name=\"robots\" content=\"index, follow, max-snippet:-1, max-image-preview:large, max-video-preview:-1\" \/>\n<link rel=\"canonical\" href=\"https:\/\/libmod.de\/en\/three-years-after-minsk-ii-where-are-we-now\/\" \/>\n<meta property=\"og:locale\" content=\"en_US\" \/>\n<meta property=\"og:type\" content=\"article\" \/>\n<meta property=\"og:title\" content=\"Three years after Minsk II: Where are we now?\" \/>\n<meta property=\"og:description\" content=\"Recapitulation of a faltering peace process: the second Minsk Agreement of February 2015, intended to put an end to the war in eastern Ukraine and to set\" \/>\n<meta property=\"og:url\" content=\"https:\/\/libmod.de\/en\/three-years-after-minsk-ii-where-are-we-now\/\" \/>\n<meta property=\"og:site_name\" content=\"libmod.de - Zentrum Liberale Moderne\" \/>\n<meta property=\"article:publisher\" content=\"https:\/\/www.facebook.com\/LiberaleModerne\/\" \/>\n<meta property=\"article:published_time\" content=\"2018-02-19T10:44:47+00:00\" \/>\n<meta property=\"article:modified_time\" content=\"2020-03-28T01:47:45+00:00\" \/>\n<meta property=\"og:image\" content=\"https:\/\/i1.wp.com\/libmod.de\/wp-content\/uploads\/shutterstock_323052848-1-e1519033682486.jpg?fit=1200%2C800&ssl=1\" \/>\n\t<meta property=\"og:image:width\" content=\"1200\" \/>\n\t<meta property=\"og:image:height\" content=\"800\" \/>\n\t<meta property=\"og:image:type\" content=\"image\/jpeg\" \/>\n<meta name=\"author\" content=\"Marieluise Beck\" \/>\n<meta name=\"twitter:card\" content=\"summary_large_image\" \/>\n<meta name=\"twitter:creator\" content=\"@liberalemoderne\" \/>\n<meta name=\"twitter:site\" content=\"@liberalemoderne\" \/>\n<meta name=\"twitter:label1\" content=\"Written by\" \/>\n\t<meta name=\"twitter:data1\" content=\"Marieluise Beck\" \/>\n\t<meta name=\"twitter:label2\" content=\"Est. reading time\" \/>\n\t<meta name=\"twitter:data2\" content=\"8 minutes\" \/>\n<script type=\"application\/ld+json\" class=\"yoast-schema-graph\">{\"@context\":\"https:\\\/\\\/schema.org\",\"@graph\":[{\"@type\":\"Article\",\"@id\":\"https:\\\/\\\/libmod.de\\\/en\\\/three-years-after-minsk-ii-where-are-we-now\\\/#article\",\"isPartOf\":{\"@id\":\"https:\\\/\\\/libmod.de\\\/en\\\/three-years-after-minsk-ii-where-are-we-now\\\/\"},\"author\":{\"name\":\"Marieluise Beck\",\"@id\":\"https:\\\/\\\/libmod.de\\\/#\\\/schema\\\/person\\\/c3442e42efb79feb9ba6e1e943a61173\"},\"headline\":\"Three years after Minsk II: Where are we&nbsp;now?\",\"datePublished\":\"2018-02-19T10:44:47+00:00\",\"dateModified\":\"2020-03-28T01:47:45+00:00\",\"mainEntityOfPage\":{\"@id\":\"https:\\\/\\\/libmod.de\\\/en\\\/three-years-after-minsk-ii-where-are-we-now\\\/\"},\"wordCount\":1697,\"publisher\":{\"@id\":\"https:\\\/\\\/libmod.de\\\/#organization\"},\"image\":{\"@id\":\"https:\\\/\\\/libmod.de\\\/en\\\/three-years-after-minsk-ii-where-are-we-now\\\/#primaryimage\"},\"thumbnailUrl\":\"https:\\\/\\\/libmodredaktion.fra1.digitaloceanspaces.com\\\/wp-content\\\/uploads\\\/20240905145724\\\/shutterstock_323052848-1-e1519033682486.jpg\",\"keywords\":[\"current\",\"East Ukraine\",\"Eastern Europe\",\"Eastern Neighbourhood\",\"Europe\u2019s East\",\"Minsk\",\"Peace Process\",\"recommended\",\"Russia\",\"Ukraine\",\"War and Peace\"],\"articleSection\":[\"\u200c\"],\"inLanguage\":\"en-US\"},{\"@type\":\"WebPage\",\"@id\":\"https:\\\/\\\/libmod.de\\\/en\\\/three-years-after-minsk-ii-where-are-we-now\\\/\",\"url\":\"https:\\\/\\\/libmod.de\\\/en\\\/three-years-after-minsk-ii-where-are-we-now\\\/\",\"name\":\"Three years after Minsk II: Where are we now? - libmod.de - Zentrum Liberale Moderne\",\"isPartOf\":{\"@id\":\"https:\\\/\\\/libmod.de\\\/#website\"},\"primaryImageOfPage\":{\"@id\":\"https:\\\/\\\/libmod.de\\\/en\\\/three-years-after-minsk-ii-where-are-we-now\\\/#primaryimage\"},\"image\":{\"@id\":\"https:\\\/\\\/libmod.de\\\/en\\\/three-years-after-minsk-ii-where-are-we-now\\\/#primaryimage\"},\"thumbnailUrl\":\"https:\\\/\\\/libmodredaktion.fra1.digitaloceanspaces.com\\\/wp-content\\\/uploads\\\/20240905145724\\\/shutterstock_323052848-1-e1519033682486.jpg\",\"datePublished\":\"2018-02-19T10:44:47+00:00\",\"dateModified\":\"2020-03-28T01:47:45+00:00\",\"description\":\"Recapitulation of a faltering peace process: the second Minsk Agreement of February 2015, intended to put an end to the war in eastern Ukraine and to set\",\"breadcrumb\":{\"@id\":\"https:\\\/\\\/libmod.de\\\/en\\\/three-years-after-minsk-ii-where-are-we-now\\\/#breadcrumb\"},\"inLanguage\":\"en-US\",\"potentialAction\":[{\"@type\":\"ReadAction\",\"target\":[\"https:\\\/\\\/libmod.de\\\/en\\\/three-years-after-minsk-ii-where-are-we-now\\\/\"]}]},{\"@type\":\"ImageObject\",\"inLanguage\":\"en-US\",\"@id\":\"https:\\\/\\\/libmod.de\\\/en\\\/three-years-after-minsk-ii-where-are-we-now\\\/#primaryimage\",\"url\":\"https:\\\/\\\/libmodredaktion.fra1.digitaloceanspaces.com\\\/wp-content\\\/uploads\\\/20240905145724\\\/shutterstock_323052848-1-e1519033682486.jpg\",\"contentUrl\":\"https:\\\/\\\/libmodredaktion.fra1.digitaloceanspaces.com\\\/wp-content\\\/uploads\\\/20240905145724\\\/shutterstock_323052848-1-e1519033682486.jpg\",\"width\":1200,\"height\":800,\"caption\":\"Quelle: Shutterstock\"},{\"@type\":\"BreadcrumbList\",\"@id\":\"https:\\\/\\\/libmod.de\\\/en\\\/three-years-after-minsk-ii-where-are-we-now\\\/#breadcrumb\",\"itemListElement\":[{\"@type\":\"ListItem\",\"position\":1,\"name\":\"Startseite\",\"item\":\"https:\\\/\\\/libmod.de\\\/en\\\/\"},{\"@type\":\"ListItem\",\"position\":2,\"name\":\"Three years after Minsk II: Where are we&nbsp;now?\"}]},{\"@type\":\"WebSite\",\"@id\":\"https:\\\/\\\/libmod.de\\\/#website\",\"url\":\"https:\\\/\\\/libmod.de\\\/\",\"name\":\"libmod.de - Zentrum Liberale Moderne\",\"description\":\"Think Tank f\u00fcr Politik in Berlin\",\"publisher\":{\"@id\":\"https:\\\/\\\/libmod.de\\\/#organization\"},\"potentialAction\":[{\"@type\":\"SearchAction\",\"target\":{\"@type\":\"EntryPoint\",\"urlTemplate\":\"https:\\\/\\\/libmod.de\\\/?s={search_term_string}\"},\"query-input\":{\"@type\":\"PropertyValueSpecification\",\"valueRequired\":true,\"valueName\":\"search_term_string\"}}],\"inLanguage\":\"en-US\"},{\"@type\":\"Organization\",\"@id\":\"https:\\\/\\\/libmod.de\\\/#organization\",\"name\":\"Zentrum Liberale Moderne\",\"url\":\"https:\\\/\\\/libmod.de\\\/\",\"logo\":{\"@type\":\"ImageObject\",\"inLanguage\":\"en-US\",\"@id\":\"https:\\\/\\\/libmod.de\\\/#\\\/schema\\\/logo\\\/image\\\/\",\"url\":\"https:\\\/\\\/libmodredaktion.fra1.digitaloceanspaces.com\\\/wp-content\\\/uploads\\\/20240905145818\\\/LibMod_Logo_XL.jpg\",\"contentUrl\":\"https:\\\/\\\/libmodredaktion.fra1.digitaloceanspaces.com\\\/wp-content\\\/uploads\\\/20240905145818\\\/LibMod_Logo_XL.jpg\",\"width\":1439,\"height\":615,\"caption\":\"Zentrum Liberale Moderne\"},\"image\":{\"@id\":\"https:\\\/\\\/libmod.de\\\/#\\\/schema\\\/logo\\\/image\\\/\"},\"sameAs\":[\"https:\\\/\\\/www.facebook.com\\\/LiberaleModerne\\\/\",\"https:\\\/\\\/x.com\\\/liberalemoderne\",\"https:\\\/\\\/www.youtube.com\\\/channel\\\/UC4Yl_V4pm1LwryD04ky54SA\",\"https:\\\/\\\/www.instagram.com\\\/libmod\\\/\",\"https:\\\/\\\/bsky.app\\\/profile\\\/libmod.de\"],\"description\":\"Das Zentrum Liberale Moderne ist ein politischer Think Tank und eine Debattenplattform. LibMod steht f\u00fcr die Verteidigung und Erneuerung der liberalen Demokratie, f\u00fcr den Aufbruch in die \u00f6kologische Moderne und f\u00fcr eine fundierte Osteuropa-Expertise.\"},{\"@type\":\"Person\",\"@id\":\"https:\\\/\\\/libmod.de\\\/#\\\/schema\\\/person\\\/c3442e42efb79feb9ba6e1e943a61173\",\"name\":\"Marieluise Beck\",\"image\":{\"@type\":\"ImageObject\",\"inLanguage\":\"en-US\",\"@id\":\"https:\\\/\\\/libmodredaktion.fra1.digitaloceanspaces.com\\\/wp-content\\\/uploads\\\/20240905145630\\\/Marieluise_Beck_rund-150x150.jpg\",\"url\":\"https:\\\/\\\/libmodredaktion.fra1.digitaloceanspaces.com\\\/wp-content\\\/uploads\\\/20240905145630\\\/Marieluise_Beck_rund-150x150.jpg\",\"contentUrl\":\"https:\\\/\\\/libmodredaktion.fra1.digitaloceanspaces.com\\\/wp-content\\\/uploads\\\/20240905145630\\\/Marieluise_Beck_rund-150x150.jpg\",\"caption\":\"Marieluise Beck\"},\"description\":\"Marieluise Beck ist Direk\u00adto\u00adrin Ostmitteleuropa\\\/\u200bOsteuropa am Zentrum Liberale Moderne. Sie war 1983 Spre\u00adche\u00adrin der ersten gr\u00fcnen Bun\u00addes\u00adtags\u00adfrak\u00adtion, von 1983 bis 2017 Mit\u00adglied des Bun\u00addes\u00adta\u00adges und seit 2005 Mit\u00adglied des Aus\u00adw\u00e4r\u00adti\u00adgen Aus\u00adschus\u00adses. In der rot-gr\u00fcnen Bun\u00addes\u00adre\u00adgie\u00adrung hatte sie das Amt der Migra\u00adti\u00adons\u00adbe\u00adauf\u00adtrag\u00adten inne und war par\u00adla\u00admen\u00adta\u00adri\u00adsche Staats\u00adse\u00adkre\u00adt\u00e4\u00adrin im Bun\u00addes\u00adfa\u00admi\u00adli\u00aden\u00admi\u00adnis\u00adte\u00adrium. Au\u00dfer\u00addem war sie Mit\u00adglied der Par\u00adla\u00admen\u00adta\u00adri\u00adschen Ver\u00adsamm\u00adlung des Euro\u00adpa\u00adra\u00adtes. Dort schloss sie sich der Frak\u00adtion \u201eAllianz der Libe\u00adra\u00adlen und Demo\u00adkra\u00adten f\u00fcr Europa\u201c (ALDE) an. Sie ist Mit\u00adglied im Vor\u00adstand des Peters\u00adbur\u00adger Dialogs. W\u00e4hrend des ser\u00adbisch-bos\u00adni\u00adschen Krieges gr\u00fcn\u00addete sie das Hilfs\u00adwerk \u201eBr\u00fccke der Hoff\u00adnung\u201c, das inzwi\u00adschen \u00fcber 10 Mil\u00adlio\u00adnen Euro f\u00fcr huma\u00adni\u00adt\u00e4re Pro\u00adjekte umge\u00adsetzt hat.\",\"url\":\"https:\\\/\\\/libmod.de\\\/en\\\/author\\\/zlm_marieluise_beck\\\/\"}]}<\/script>\n<!-- \/ Yoast SEO Premium plugin. -->","yoast_head_json":{"title":"Three years after Minsk II: Where are we now? - libmod.de - Zentrum Liberale Moderne","description":"Recapitulation of a faltering peace process: the second Minsk Agreement of February 2015, intended to put an end to the war in eastern Ukraine and to set","robots":{"index":"index","follow":"follow","max-snippet":"max-snippet:-1","max-image-preview":"max-image-preview:large","max-video-preview":"max-video-preview:-1"},"canonical":"https:\/\/libmod.de\/en\/three-years-after-minsk-ii-where-are-we-now\/","og_locale":"en_US","og_type":"article","og_title":"Three years after Minsk II: Where are we now?","og_description":"Recapitulation of a faltering peace process: the second Minsk Agreement of February 2015, intended to put an end to the war in eastern Ukraine and to set","og_url":"https:\/\/libmod.de\/en\/three-years-after-minsk-ii-where-are-we-now\/","og_site_name":"libmod.de - Zentrum Liberale Moderne","article_publisher":"https:\/\/www.facebook.com\/LiberaleModerne\/","article_published_time":"2018-02-19T10:44:47+00:00","article_modified_time":"2020-03-28T01:47:45+00:00","og_image":[{"width":1200,"height":800,"url":"https:\/\/i1.wp.com\/libmod.de\/wp-content\/uploads\/shutterstock_323052848-1-e1519033682486.jpg?fit=1200%2C800&ssl=1","type":"image\/jpeg"}],"author":"Marieluise Beck","twitter_card":"summary_large_image","twitter_creator":"@liberalemoderne","twitter_site":"@liberalemoderne","twitter_misc":{"Written by":"Marieluise Beck","Est. reading time":"8 minutes"},"schema":{"@context":"https:\/\/schema.org","@graph":[{"@type":"Article","@id":"https:\/\/libmod.de\/en\/three-years-after-minsk-ii-where-are-we-now\/#article","isPartOf":{"@id":"https:\/\/libmod.de\/en\/three-years-after-minsk-ii-where-are-we-now\/"},"author":{"name":"Marieluise Beck","@id":"https:\/\/libmod.de\/#\/schema\/person\/c3442e42efb79feb9ba6e1e943a61173"},"headline":"Three years after Minsk II: Where are we&nbsp;now?","datePublished":"2018-02-19T10:44:47+00:00","dateModified":"2020-03-28T01:47:45+00:00","mainEntityOfPage":{"@id":"https:\/\/libmod.de\/en\/three-years-after-minsk-ii-where-are-we-now\/"},"wordCount":1697,"publisher":{"@id":"https:\/\/libmod.de\/#organization"},"image":{"@id":"https:\/\/libmod.de\/en\/three-years-after-minsk-ii-where-are-we-now\/#primaryimage"},"thumbnailUrl":"https:\/\/libmodredaktion.fra1.digitaloceanspaces.com\/wp-content\/uploads\/20240905145724\/shutterstock_323052848-1-e1519033682486.jpg","keywords":["current","East Ukraine","Eastern Europe","Eastern Neighbourhood","Europe\u2019s East","Minsk","Peace Process","recommended","Russia","Ukraine","War and Peace"],"articleSection":["\u200c"],"inLanguage":"en-US"},{"@type":"WebPage","@id":"https:\/\/libmod.de\/en\/three-years-after-minsk-ii-where-are-we-now\/","url":"https:\/\/libmod.de\/en\/three-years-after-minsk-ii-where-are-we-now\/","name":"Three years after Minsk II: Where are we now? - libmod.de - Zentrum Liberale Moderne","isPartOf":{"@id":"https:\/\/libmod.de\/#website"},"primaryImageOfPage":{"@id":"https:\/\/libmod.de\/en\/three-years-after-minsk-ii-where-are-we-now\/#primaryimage"},"image":{"@id":"https:\/\/libmod.de\/en\/three-years-after-minsk-ii-where-are-we-now\/#primaryimage"},"thumbnailUrl":"https:\/\/libmodredaktion.fra1.digitaloceanspaces.com\/wp-content\/uploads\/20240905145724\/shutterstock_323052848-1-e1519033682486.jpg","datePublished":"2018-02-19T10:44:47+00:00","dateModified":"2020-03-28T01:47:45+00:00","description":"Recapitulation of a faltering peace process: the second Minsk Agreement of February 2015, intended to put an end to the war in eastern Ukraine and to set","breadcrumb":{"@id":"https:\/\/libmod.de\/en\/three-years-after-minsk-ii-where-are-we-now\/#breadcrumb"},"inLanguage":"en-US","potentialAction":[{"@type":"ReadAction","target":["https:\/\/libmod.de\/en\/three-years-after-minsk-ii-where-are-we-now\/"]}]},{"@type":"ImageObject","inLanguage":"en-US","@id":"https:\/\/libmod.de\/en\/three-years-after-minsk-ii-where-are-we-now\/#primaryimage","url":"https:\/\/libmodredaktion.fra1.digitaloceanspaces.com\/wp-content\/uploads\/20240905145724\/shutterstock_323052848-1-e1519033682486.jpg","contentUrl":"https:\/\/libmodredaktion.fra1.digitaloceanspaces.com\/wp-content\/uploads\/20240905145724\/shutterstock_323052848-1-e1519033682486.jpg","width":1200,"height":800,"caption":"Quelle: Shutterstock"},{"@type":"BreadcrumbList","@id":"https:\/\/libmod.de\/en\/three-years-after-minsk-ii-where-are-we-now\/#breadcrumb","itemListElement":[{"@type":"ListItem","position":1,"name":"Startseite","item":"https:\/\/libmod.de\/en\/"},{"@type":"ListItem","position":2,"name":"Three years after Minsk II: Where are we&nbsp;now?"}]},{"@type":"WebSite","@id":"https:\/\/libmod.de\/#website","url":"https:\/\/libmod.de\/","name":"libmod.de - Zentrum Liberale Moderne","description":"Think Tank f\u00fcr Politik in Berlin","publisher":{"@id":"https:\/\/libmod.de\/#organization"},"potentialAction":[{"@type":"SearchAction","target":{"@type":"EntryPoint","urlTemplate":"https:\/\/libmod.de\/?s={search_term_string}"},"query-input":{"@type":"PropertyValueSpecification","valueRequired":true,"valueName":"search_term_string"}}],"inLanguage":"en-US"},{"@type":"Organization","@id":"https:\/\/libmod.de\/#organization","name":"Zentrum Liberale Moderne","url":"https:\/\/libmod.de\/","logo":{"@type":"ImageObject","inLanguage":"en-US","@id":"https:\/\/libmod.de\/#\/schema\/logo\/image\/","url":"https:\/\/libmodredaktion.fra1.digitaloceanspaces.com\/wp-content\/uploads\/20240905145818\/LibMod_Logo_XL.jpg","contentUrl":"https:\/\/libmodredaktion.fra1.digitaloceanspaces.com\/wp-content\/uploads\/20240905145818\/LibMod_Logo_XL.jpg","width":1439,"height":615,"caption":"Zentrum Liberale Moderne"},"image":{"@id":"https:\/\/libmod.de\/#\/schema\/logo\/image\/"},"sameAs":["https:\/\/www.facebook.com\/LiberaleModerne\/","https:\/\/x.com\/liberalemoderne","https:\/\/www.youtube.com\/channel\/UC4Yl_V4pm1LwryD04ky54SA","https:\/\/www.instagram.com\/libmod\/","https:\/\/bsky.app\/profile\/libmod.de"],"description":"Das Zentrum Liberale Moderne ist ein politischer Think Tank und eine Debattenplattform. LibMod steht f\u00fcr die Verteidigung und Erneuerung der liberalen Demokratie, f\u00fcr den Aufbruch in die \u00f6kologische Moderne und f\u00fcr eine fundierte Osteuropa-Expertise."},{"@type":"Person","@id":"https:\/\/libmod.de\/#\/schema\/person\/c3442e42efb79feb9ba6e1e943a61173","name":"Marieluise Beck","image":{"@type":"ImageObject","inLanguage":"en-US","@id":"https:\/\/libmodredaktion.fra1.digitaloceanspaces.com\/wp-content\/uploads\/20240905145630\/Marieluise_Beck_rund-150x150.jpg","url":"https:\/\/libmodredaktion.fra1.digitaloceanspaces.com\/wp-content\/uploads\/20240905145630\/Marieluise_Beck_rund-150x150.jpg","contentUrl":"https:\/\/libmodredaktion.fra1.digitaloceanspaces.com\/wp-content\/uploads\/20240905145630\/Marieluise_Beck_rund-150x150.jpg","caption":"Marieluise Beck"},"description":"Marieluise Beck ist Direk\u00adto\u00adrin Ostmitteleuropa\/\u200bOsteuropa am Zentrum Liberale Moderne. Sie war 1983 Spre\u00adche\u00adrin der ersten gr\u00fcnen Bun\u00addes\u00adtags\u00adfrak\u00adtion, von 1983 bis 2017 Mit\u00adglied des Bun\u00addes\u00adta\u00adges und seit 2005 Mit\u00adglied des Aus\u00adw\u00e4r\u00adti\u00adgen Aus\u00adschus\u00adses. In der rot-gr\u00fcnen Bun\u00addes\u00adre\u00adgie\u00adrung hatte sie das Amt der Migra\u00adti\u00adons\u00adbe\u00adauf\u00adtrag\u00adten inne und war par\u00adla\u00admen\u00adta\u00adri\u00adsche Staats\u00adse\u00adkre\u00adt\u00e4\u00adrin im Bun\u00addes\u00adfa\u00admi\u00adli\u00aden\u00admi\u00adnis\u00adte\u00adrium. Au\u00dfer\u00addem war sie Mit\u00adglied der Par\u00adla\u00admen\u00adta\u00adri\u00adschen Ver\u00adsamm\u00adlung des Euro\u00adpa\u00adra\u00adtes. Dort schloss sie sich der Frak\u00adtion \u201eAllianz der Libe\u00adra\u00adlen und Demo\u00adkra\u00adten f\u00fcr Europa\u201c (ALDE) an. Sie ist Mit\u00adglied im Vor\u00adstand des Peters\u00adbur\u00adger Dialogs. W\u00e4hrend des ser\u00adbisch-bos\u00adni\u00adschen Krieges gr\u00fcn\u00addete sie das Hilfs\u00adwerk \u201eBr\u00fccke der Hoff\u00adnung\u201c, das inzwi\u00adschen \u00fcber 10 Mil\u00adlio\u00adnen Euro f\u00fcr huma\u00adni\u00adt\u00e4re Pro\u00adjekte umge\u00adsetzt hat.","url":"https:\/\/libmod.de\/en\/author\/zlm_marieluise_beck\/"}]}},"menu_order":551,"_links":{"self":[{"href":"https:\/\/libmod.de\/en\/wp-json\/wp\/v2\/posts\/27286","targetHints":{"allow":["GET"]}}],"collection":[{"href":"https:\/\/libmod.de\/en\/wp-json\/wp\/v2\/posts"}],"about":[{"href":"https:\/\/libmod.de\/en\/wp-json\/wp\/v2\/types\/post"}],"author":[{"embeddable":true,"href":"https:\/\/libmod.de\/en\/wp-json\/wp\/v2\/users\/6"}],"replies":[{"embeddable":true,"href":"https:\/\/libmod.de\/en\/wp-json\/wp\/v2\/comments?post=27286"}],"version-history":[{"count":10,"href":"https:\/\/libmod.de\/en\/wp-json\/wp\/v2\/posts\/27286\/revisions"}],"predecessor-version":[{"id":36228,"href":"https:\/\/libmod.de\/en\/wp-json\/wp\/v2\/posts\/27286\/revisions\/36228"}],"wp:featuredmedia":[{"embeddable":true,"href":"https:\/\/libmod.de\/en\/wp-json\/wp\/v2\/media\/30060"}],"wp:attachment":[{"href":"https:\/\/libmod.de\/en\/wp-json\/wp\/v2\/media?parent=27286"}],"wp:term":[{"taxonomy":"category","embeddable":true,"href":"https:\/\/libmod.de\/en\/wp-json\/wp\/v2\/categories?post=27286"},{"taxonomy":"post_tag","embeddable":true,"href":"https:\/\/libmod.de\/en\/wp-json\/wp\/v2\/tags?post=27286"}],"curies":[{"name":"wp","href":"https:\/\/api.w.org\/{rel}","templated":true}]}}