{"id":27347,"date":"2018-02-08T16:11:28","date_gmt":"2018-02-08T15:11:28","guid":{"rendered":"http:\/\/libmod.de\/?p=27347"},"modified":"2020-03-28T02:47:49","modified_gmt":"2020-03-28T01:47:49","slug":"the_prolongation-of_the_present_into_the_future","status":"publish","type":"post","link":"https:\/\/libmod.de\/en\/the_prolongation-of_the_present_into_the_future\/","title":{"rendered":"Coalition agreement: The prolon\u00adgation of the present into the&nbsp;future"},"content":{"rendered":"<div class=\"wpb-content-wrapper\"><p>[vc_\u200brow css=\u201d.vc_custom_1508251598805{margin-top: 30px !important;}\u201d][vc_column width=\u201c2\/3\u201d css=\u201d.vc_custom_1508252250311{padding-right: 20px !important;}\u201d][vc_column_text]<\/p>\n<p>In the <a href=\"https:\/\/www.bundesregierung.de\/Content\/DE\/_Anlagen\/2018\/03\/2018-03-14-koalitionsvertrag.pdf;jsessionid=3F976C9D0B5908FE7F0C8B1B4F718194.s2t2?__blob=publicationFile&amp;v=2\">coalition agreement<\/a>, the CDU and the SPD dodge important reforms and take a&nbsp;scattershot approach to the distri\u00adb\u00adution of a&nbsp;great deal of money. The big challenges, like climate, demographic change and the digital revolution, are still not setting the political agenda. This is partly due to the CDU\/CSU\u2019s lack of a&nbsp;real programme and of a&nbsp;normative economic&nbsp;framework.<\/p>\n<p><!--more--><\/p>\n<p>Habeamus GroKo? No, there\u2019s no grand coalition (or GroKo for <em>Grosse Koalition<\/em>) yet, but it is likely that by stepping down as SPD chair, Martin Schultz has secured a&nbsp;majority for the coalition agreement. Priority to Europe, education and digital\u00adi\u00adsation: these are good inten\u00adtions. In other respects, a&nbsp;lot of money will be tossed about: good to all and harm to none. Struc\u00adtural reform in the areas of pensions, public health, taxes is left out of the equation. Climate policy figures more as a&nbsp;fringe issue; no new drive towards the ecological modern\u00adization of the economy. The section on foreign policy is fairly thin and replete with super\u00adficial compro\u00admises, the Federal Armed Forces remains underfunded.<\/p>\n<blockquote><p>The Greens and the FDP had better get&nbsp;ready.<\/p><\/blockquote>\n<p>Sorry, but this sounds more like tweaking the status quo than forward thinking. Obviously, the pressure for change in Germany is not (yet) so high that the political agenda is being dictated by the struc\u00adtural challenges it faces: the climate, the digital revolution, demographic shift and the pervasive upheaval in the world economy and global politics. The tide of refugees having abated, once again the hope prevails that we might get through all of this without making any major policy or societal change. The future is being envisioned as the present prolonged. Someone is in for a&nbsp;rude awakening.<\/p>\n<p>Looking at the structure and staffing of the new cabinet, the SPD appears in a&nbsp;better position to boost its political profile again. The party is justified in claiming that the coalition agreement reveals a&nbsp;Social-Democ\u00adratic handwriting. The same applies to the allocation of minis\u00adterial portfolios. Holding both the foreign and finance ministries puts the SPD on an equal footing with the Chancellor with respect to European policy. The Ministry for Labour and Social Affairs is the biggest money-distri\u00adb\u00adution machine, and with the environ\u00admental portfolio, the SPD keep their connection to Green-minded voters. For the CDU\/\u200bCSU, now more than ever, every\u00adthing depends on Angela Merkel. She remains <em>alter\u00adna\u00adtivlos<\/em>. Of a \u201ctransi\u00adtional chancellor\u201d there is no trace. The CDU\/\u200bCSU has become a&nbsp;party with no programme and no normative economic framework and one that lacks the courage to allow open debate about its future course. The will to rule won\u2019t be enough to defend the party\u2019s central position in the political landscape in the&nbsp;long-run.<\/p>\n<p>We shall see whether a&nbsp;GroKo relaunch is under\u00adpinned by the will to join forces and take the country forward, or whether the formation of a&nbsp;new government is just the prelude to a&nbsp;permanent campaign, in which the chief objective is to stake out the best starting position for early elections. The Greens and the FDP had better get&nbsp;ready.<\/p>\n<h2>&nbsp;<img class=\"alignnone wp-image-23921 size-full\" src=\"http:\/\/libmodredaktion.fra1.digitaloceanspaces.com\/wp-content\/uploads\/20240905145906\/textende.png\" alt=\"Textende\" width=\"40\" height=\"120\"><\/h2>\n<p>[\/vc_column_text][\/vc_column][vc_column width=\u201c1\/3\u201d el_class=\u201cdimmer\u201d][vc_column_text]<a href=\"https:\/\/libmod.de\/themen\/zwischenruf\/\"><img class=\"alignnone wp-image-25297 size-full\" src=\"https:\/\/libmodredaktion.fra1.digitaloceanspaces.com\/wp-content\/uploads\/20240905145843\/Ralf_Fuecks_Zwischenruf.jpg\" alt width=\"1200\" height=\"801\" srcset=\"https:\/\/libmodredaktion.fra1.digitaloceanspaces.com\/wp-content\/uploads\/20240905145843\/Ralf_Fuecks_Zwischenruf.jpg 1200w, https:\/\/libmodredaktion.fra1.digitaloceanspaces.com\/wp-content\/uploads\/20240905145843\/Ralf_Fuecks_Zwischenruf-770x514.jpg 770w, https:\/\/libmodredaktion.fra1.digitaloceanspaces.com\/wp-content\/uploads\/20240905145843\/Ralf_Fuecks_Zwischenruf-768x513.jpg 768w, https:\/\/libmodredaktion.fra1.digitaloceanspaces.com\/wp-content\/uploads\/20240905145843\/Ralf_Fuecks_Zwischenruf-1199x800.jpg 1199w\" sizes=\"(max-width: 1200px) 100vw, 1200px\"><\/a>[\/vc_column_text][vc_empty_space height=\u201c130px\u201d][vc_column_text]<\/p>\n<h2>Related Content<\/h2>\n<p>[\/vc_column_text][vc_basic_grid post_type=\u201cpost\u201d max_items=\u201c3\u201d element_width=\u201c12\u201d item=\u201c24066\u201d grid_id=\u201cvc_gid:1518094742605\u20135acfabe50b859e7acb44f7816cb3caf4\u20118\u201d css=\u201d.vc_custom_1508762642442{background-color: #ffffff !important;}\u201d taxonomies=\u201c52, 18\u201d][vc_row_inner css=\u201d.vc_custom_1508164629489{margin-top: 30px !important;margin-right: 0px !important;margin-left: 0px !important;background-color: #03d0b6 !important;}\u201d][vc_column_inner][vc_column_text css=\u201d.vc_custom_1508167210959{margin-top: \u201115px !important;}\u201d]<\/p>\n<h2><span style=\"color: #ffffff;\">Sub\u00adscribe our&nbsp;Newsletter<\/span><\/h2>\n<p>[\/vc_column_text][vc_column_text css=\u201d.vc_custom_1508166779270{margin-top: \u201110px !important;}\u201d]Receive news about our topics reg\u00adu\u00adlarly with our&nbsp;LibMod newslet\u00adter in German&nbsp;language.<\/p>\n<p><script>(function() {\n\twindow.mc4wp = window.mc4wp || {\n\t\tlisteners: [],\n\t\tforms: {\n\t\t\ton: function(evt, cb) {\n\t\t\t\twindow.mc4wp.listeners.push(\n\t\t\t\t\t{\n\t\t\t\t\t\tevent   : evt,\n\t\t\t\t\t\tcallback: cb\n\t\t\t\t\t}\n\t\t\t\t);\n\t\t\t}\n\t\t}\n\t}\n})();\n<\/script><!-- Mailchimp for WordPress v4.12.2 - https:\/\/wordpress.org\/plugins\/mailchimp-for-wp\/ --><\/p><form id=\"mc4wp-form-1\" class=\"mc4wp-form mc4wp-form-24179 mc4wp-form-styles-builder mc4wp-ajax\" method=\"post\" data-id=\"24179\" data-name=\"LibMod Newsletter\"><div class=\"mc4wp-form-fields\"><p>\n    <label>Anrede\u2002 \u2002\u2003<\/label>\n    <select name=\"ANREDE\" required>\n        <option value=\"Frau\" selected=\"true\">Frau<\/option>\n        <option value=\"Herr\">Herr<\/option>\n        <option value=\"X\">X<\/option>\n    <\/select>\n<\/p>\n<p>\n    <label>Insti\u00adtution\u2003<\/label>\n    <input name=\"MMERGE3\" type=\"text\">\n<\/p>\n<p>\n    <label>Nachname \u2002<\/label>\n    <input name=\"MMERGE2\" required type=\"text\">\n<\/p>\n<p>\n    <label>Vorname\u2002 \u2003<\/label>\n    <input name=\"MMERGE1\" required type=\"text\">\n<\/p>\n<p>\n    <label>Kategorie\u2002\u2003<\/label>\n    <select name=\"KATEGORIE\" required>\n        <option value=\"Newsletter\" selected=\"true\">Newsletter<\/option>\n    <\/select>\n<\/p>\n<p><input type=\"email\" name=\"EMAIL\" placeholder=\"Ihre Mail-Addresse\" required>\n<\/p><p>Mit unseren <span style=\"color: #000000;\"><a style=\"color: #000000;\" href=\"https:\/\/libmod.de\/datenschutzerklaerung\/\" target=\"_blank\" rel=\"noopener\">Daten\u00adschutzbes\u00adtim\u00admungen<\/a><\/span> <br>erkl\u00e4ren Sie sich einverstanden.<br><br>\n<input type=\"submit\" value=\"Absenden\"><br><\/p><\/div><label style=\"display: none !important;\">Leave this field empty if you\u2019re&nbsp;human:&nbsp;<input type=\"text\" name=\"_mc4wp_honeypot\" value tabindex=\"-1\" autocomplete=\"off\"><\/label><input type=\"hidden\" name=\"_mc4wp_timestamp\" value=\"1777504825\"><input type=\"hidden\" name=\"_mc4wp_form_id\" value=\"24179\"><input type=\"hidden\" name=\"_mc4wp_form_element_id\" value=\"mc4wp-form-1\"><div class=\"mc4wp-response\"><\/div><\/form><!-- \/ Mailchimp for WordPress Plugin -->[\/vc_column_text][\/vc_column_inner][\/vc_row_inner][\/vc_column][\/vc_row]\n<\/div>","protected":false},"excerpt":{"rendered":"<p>[vc_\u200b\u200brow css=\u201d.vc_custom_1508251598805{margin-top: 30px !important;}\u201d][vc_column width=\u201c2\/3\u201d css=\u201d.vc_custom_1508252250311{padding-right: 20px !important;}\u201d][vc_column_text] In the coalition agreement, the CDU and the SPD dodge important reforms and take a&nbsp;scattershot approach to the distri\u00adb\u00adution of a&nbsp;great deal...<\/p>\n","protected":false},"author":7,"featured_media":27318,"comment_status":"closed","ping_status":"closed","sticky":false,"template":"","format":"standard","meta":{"_acf_changed":false,"wp_typography_post_enhancements_disabled":false,"mc4wp_mailchimp_campaign":[],"footnotes":""},"categories":[2818],"tags":[2987,11697,3038,2079,2826,14883,14876,14877,14878,2830],"class_list":["post-27347","post","type-post","status-publish","format-standard","has-post-thumbnail","category-comment","tag-current","tag-defending-freedom","tag-digital-revolution","tag-europe","tag-future-of-the-west-en","tag-kommentar-en-40","tag-kommentar-en-33","tag-kommentar-en-34","tag-kommentar-en-35","tag-spotlight"],"acf":[],"yoast_head":"<!-- This site is optimized with the Yoast SEO Premium plugin v27.4 (Yoast SEO v27.5) - https:\/\/yoast.com\/product\/yoast-seo-premium-wordpress\/ -->\n<title>Coalition agreement: The prolongation of the present into the future<\/title>\n<meta name=\"description\" content=\"In the coalition agreement, the CDU and the SPD dodge important reforms and take a scattershot approach to the distribution of a great deal of money. The big challenges, like climate, demographic change and the digital revolution, are still not setting the political agenda.\" \/>\n<meta name=\"robots\" content=\"index, follow, max-snippet:-1, max-image-preview:large, max-video-preview:-1\" \/>\n<link rel=\"canonical\" href=\"https:\/\/libmod.de\/en\/the_prolongation-of_the_present_into_the_future\/\" \/>\n<meta property=\"og:locale\" content=\"en_US\" \/>\n<meta property=\"og:type\" content=\"article\" \/>\n<meta property=\"og:title\" content=\"Coalition agreement: The prolongation of the present into the future\" \/>\n<meta property=\"og:description\" content=\"In the coalition agreement, the CDU and the SPD dodge important reforms and take a scattershot approach to the distribution of a great deal of money.\" \/>\n<meta property=\"og:url\" content=\"https:\/\/libmod.de\/en\/the_prolongation-of_the_present_into_the_future\/\" \/>\n<meta property=\"og:site_name\" content=\"libmod.de - Zentrum Liberale Moderne\" \/>\n<meta property=\"article:publisher\" content=\"https:\/\/www.facebook.com\/LiberaleModerne\/\" \/>\n<meta property=\"article:published_time\" content=\"2018-02-08T15:11:28+00:00\" \/>\n<meta property=\"article:modified_time\" content=\"2020-03-28T01:47:49+00:00\" \/>\n<meta property=\"og:image\" content=\"https:\/\/i1.wp.com\/libmod.de\/wp-content\/uploads\/Ralf_Fuecks_Zwischenruf-1199x800-1.jpg?fit=1199%2C800&ssl=1\" \/>\n\t<meta property=\"og:image:width\" content=\"1199\" \/>\n\t<meta property=\"og:image:height\" content=\"800\" \/>\n\t<meta property=\"og:image:type\" content=\"image\/jpeg\" \/>\n<meta name=\"author\" content=\"Ralf F\u00fccks\" \/>\n<meta name=\"twitter:card\" content=\"summary_large_image\" \/>\n<meta name=\"twitter:title\" content=\"Coalition agreement: The prolongation of the present into the future\" \/>\n<meta name=\"twitter:description\" content=\"The CDU and the SPD dodge important reforms and take a scattershot approach to the distribution of a great deal of money.\" \/>\n<meta name=\"twitter:creator\" content=\"@liberalemoderne\" \/>\n<meta name=\"twitter:site\" content=\"@liberalemoderne\" \/>\n<meta name=\"twitter:label1\" content=\"Written by\" \/>\n\t<meta name=\"twitter:data1\" content=\"Ralf F\u00fccks\" \/>\n\t<meta name=\"twitter:label2\" content=\"Est. reading time\" \/>\n\t<meta name=\"twitter:data2\" content=\"3 minutes\" \/>\n<script type=\"application\/ld+json\" class=\"yoast-schema-graph\">{\"@context\":\"https:\\\/\\\/schema.org\",\"@graph\":[{\"@type\":\"Article\",\"@id\":\"https:\\\/\\\/libmod.de\\\/en\\\/the_prolongation-of_the_present_into_the_future\\\/#article\",\"isPartOf\":{\"@id\":\"https:\\\/\\\/libmod.de\\\/en\\\/the_prolongation-of_the_present_into_the_future\\\/\"},\"author\":{\"name\":\"Ralf F\u00fccks\",\"@id\":\"https:\\\/\\\/libmod.de\\\/#\\\/schema\\\/person\\\/1523c62558428c502f73ae2c37bd32fd\"},\"headline\":\"Coalition agreement: The prolon\u00adgation of the present into the&nbsp;future\",\"datePublished\":\"2018-02-08T15:11:28+00:00\",\"dateModified\":\"2020-03-28T01:47:49+00:00\",\"mainEntityOfPage\":{\"@id\":\"https:\\\/\\\/libmod.de\\\/en\\\/the_prolongation-of_the_present_into_the_future\\\/\"},\"wordCount\":692,\"publisher\":{\"@id\":\"https:\\\/\\\/libmod.de\\\/#organization\"},\"image\":{\"@id\":\"https:\\\/\\\/libmod.de\\\/en\\\/the_prolongation-of_the_present_into_the_future\\\/#primaryimage\"},\"thumbnailUrl\":\"https:\\\/\\\/libmodredaktion.fra1.digitaloceanspaces.com\\\/wp-content\\\/uploads\\\/20240905145640\\\/Ralf_Fuecks_Zwischenruf-1199x800-1.jpg\",\"keywords\":[\"current\",\"Defending Freedom\",\"digital revolution\",\"Europe\",\"Future of the West\",\"Kommentar&emsp;\",\"Kommentar&emsp;\",\"Kommentar&emsp;\",\"Kommentar&emsp;\",\"Spotlight\"],\"articleSection\":[\"Comment\u2003\"],\"inLanguage\":\"en-US\"},{\"@type\":\"WebPage\",\"@id\":\"https:\\\/\\\/libmod.de\\\/en\\\/the_prolongation-of_the_present_into_the_future\\\/\",\"url\":\"https:\\\/\\\/libmod.de\\\/en\\\/the_prolongation-of_the_present_into_the_future\\\/\",\"name\":\"Coalition agreement: The prolongation of the present into the future\",\"isPartOf\":{\"@id\":\"https:\\\/\\\/libmod.de\\\/#website\"},\"primaryImageOfPage\":{\"@id\":\"https:\\\/\\\/libmod.de\\\/en\\\/the_prolongation-of_the_present_into_the_future\\\/#primaryimage\"},\"image\":{\"@id\":\"https:\\\/\\\/libmod.de\\\/en\\\/the_prolongation-of_the_present_into_the_future\\\/#primaryimage\"},\"thumbnailUrl\":\"https:\\\/\\\/libmodredaktion.fra1.digitaloceanspaces.com\\\/wp-content\\\/uploads\\\/20240905145640\\\/Ralf_Fuecks_Zwischenruf-1199x800-1.jpg\",\"datePublished\":\"2018-02-08T15:11:28+00:00\",\"dateModified\":\"2020-03-28T01:47:49+00:00\",\"description\":\"In the coalition agreement, the CDU and the SPD dodge important reforms and take a scattershot approach to the distribution of a great deal of money. The big challenges, like climate, demographic change and the digital revolution, are still not setting the political agenda.\",\"breadcrumb\":{\"@id\":\"https:\\\/\\\/libmod.de\\\/en\\\/the_prolongation-of_the_present_into_the_future\\\/#breadcrumb\"},\"inLanguage\":\"en-US\",\"potentialAction\":[{\"@type\":\"ReadAction\",\"target\":[\"https:\\\/\\\/libmod.de\\\/en\\\/the_prolongation-of_the_present_into_the_future\\\/\"]}]},{\"@type\":\"ImageObject\",\"inLanguage\":\"en-US\",\"@id\":\"https:\\\/\\\/libmod.de\\\/en\\\/the_prolongation-of_the_present_into_the_future\\\/#primaryimage\",\"url\":\"https:\\\/\\\/libmodredaktion.fra1.digitaloceanspaces.com\\\/wp-content\\\/uploads\\\/20240905145640\\\/Ralf_Fuecks_Zwischenruf-1199x800-1.jpg\",\"contentUrl\":\"https:\\\/\\\/libmodredaktion.fra1.digitaloceanspaces.com\\\/wp-content\\\/uploads\\\/20240905145640\\\/Ralf_Fuecks_Zwischenruf-1199x800-1.jpg\",\"width\":1199,\"height\":800,\"caption\":\"Zwischenruf\"},{\"@type\":\"BreadcrumbList\",\"@id\":\"https:\\\/\\\/libmod.de\\\/en\\\/the_prolongation-of_the_present_into_the_future\\\/#breadcrumb\",\"itemListElement\":[{\"@type\":\"ListItem\",\"position\":1,\"name\":\"Startseite\",\"item\":\"https:\\\/\\\/libmod.de\\\/en\\\/\"},{\"@type\":\"ListItem\",\"position\":2,\"name\":\"Coali\u00adtion agree\u00adment: The pro\u00adlon\u00adga\u00adtion of the present into the&nbsp;future\"}]},{\"@type\":\"WebSite\",\"@id\":\"https:\\\/\\\/libmod.de\\\/#website\",\"url\":\"https:\\\/\\\/libmod.de\\\/\",\"name\":\"libmod.de - Zentrum Liberale Moderne\",\"description\":\"Think Tank f\u00fcr Politik in Berlin\",\"publisher\":{\"@id\":\"https:\\\/\\\/libmod.de\\\/#organization\"},\"potentialAction\":[{\"@type\":\"SearchAction\",\"target\":{\"@type\":\"EntryPoint\",\"urlTemplate\":\"https:\\\/\\\/libmod.de\\\/?s={search_term_string}\"},\"query-input\":{\"@type\":\"PropertyValueSpecification\",\"valueRequired\":true,\"valueName\":\"search_term_string\"}}],\"inLanguage\":\"en-US\"},{\"@type\":\"Organization\",\"@id\":\"https:\\\/\\\/libmod.de\\\/#organization\",\"name\":\"Zentrum Liberale Moderne\",\"url\":\"https:\\\/\\\/libmod.de\\\/\",\"logo\":{\"@type\":\"ImageObject\",\"inLanguage\":\"en-US\",\"@id\":\"https:\\\/\\\/libmod.de\\\/#\\\/schema\\\/logo\\\/image\\\/\",\"url\":\"https:\\\/\\\/libmodredaktion.fra1.digitaloceanspaces.com\\\/wp-content\\\/uploads\\\/20240905145818\\\/LibMod_Logo_XL.jpg\",\"contentUrl\":\"https:\\\/\\\/libmodredaktion.fra1.digitaloceanspaces.com\\\/wp-content\\\/uploads\\\/20240905145818\\\/LibMod_Logo_XL.jpg\",\"width\":1439,\"height\":615,\"caption\":\"Zentrum Liberale Moderne\"},\"image\":{\"@id\":\"https:\\\/\\\/libmod.de\\\/#\\\/schema\\\/logo\\\/image\\\/\"},\"sameAs\":[\"https:\\\/\\\/www.facebook.com\\\/LiberaleModerne\\\/\",\"https:\\\/\\\/x.com\\\/liberalemoderne\",\"https:\\\/\\\/www.youtube.com\\\/channel\\\/UC4Yl_V4pm1LwryD04ky54SA\",\"https:\\\/\\\/www.instagram.com\\\/libmod\\\/\",\"https:\\\/\\\/bsky.app\\\/profile\\\/libmod.de\"],\"description\":\"Das Zentrum Liberale Moderne ist ein politischer Think Tank und eine Debattenplattform. LibMod steht f\u00fcr die Verteidigung und Erneuerung der liberalen Demokratie, f\u00fcr den Aufbruch in die \u00f6kologische Moderne und f\u00fcr eine fundierte Osteuropa-Expertise.\"},{\"@type\":\"Person\",\"@id\":\"https:\\\/\\\/libmod.de\\\/#\\\/schema\\\/person\\\/1523c62558428c502f73ae2c37bd32fd\",\"name\":\"Ralf F\u00fccks\",\"image\":{\"@type\":\"ImageObject\",\"inLanguage\":\"en-US\",\"@id\":\"https:\\\/\\\/libmodredaktion.fra1.digitaloceanspaces.com\\\/wp-content\\\/uploads\\\/20240905145929\\\/Ralf-F%C3%BCcks_rund-150x150.png\",\"url\":\"https:\\\/\\\/libmodredaktion.fra1.digitaloceanspaces.com\\\/wp-content\\\/uploads\\\/20240905145929\\\/Ralf-F%C3%BCcks_rund-150x150.png\",\"contentUrl\":\"https:\\\/\\\/libmodredaktion.fra1.digitaloceanspaces.com\\\/wp-content\\\/uploads\\\/20240905145929\\\/Ralf-F%C3%BCcks_rund-150x150.png\",\"caption\":\"Ralf F\u00fccks\"},\"description\":\"Ralf F\u00fccks ist gesch\u00e4ftsf\u00fchrender Gesellschafter des Zentrums Liberale Moderne und wirkte zuvor 21 Jahre als Vorstand der Heinrich B\u00f6ll Stiftung, der politischen Stiftung der Gr\u00fcnen. Davor war er Co-Vorsitzender der Gr\u00fcnen (1989\\\/90) und Senator f\u00fcr Umwelt und Stadtentwicklung in Bremen. Kontakt info@libmod.de T +49 30 25095870 Publikationen Ralf F\u00fccks, Freiheit verteidigen , Wie wir den Kampf um die offene Gesellschaft gewinnen, 2017 Ralf F\u00fccks, Intelligent wachsen , Die gr\u00fcne Revolution, 2013 Zum LibMod-Team\",\"url\":\"https:\\\/\\\/libmod.de\\\/en\\\/author\\\/zlm_ralf_fuecks\\\/\"}]}<\/script>\n<!-- \/ Yoast SEO Premium plugin. -->","yoast_head_json":{"title":"Coalition agreement: The prolongation of the present into the future","description":"In the coalition agreement, the CDU and the SPD dodge important reforms and take a scattershot approach to the distribution of a great deal of money. The big challenges, like climate, demographic change and the digital revolution, are still not setting the political agenda.","robots":{"index":"index","follow":"follow","max-snippet":"max-snippet:-1","max-image-preview":"max-image-preview:large","max-video-preview":"max-video-preview:-1"},"canonical":"https:\/\/libmod.de\/en\/the_prolongation-of_the_present_into_the_future\/","og_locale":"en_US","og_type":"article","og_title":"Coalition agreement: The prolongation of the present into the future","og_description":"In the coalition agreement, the CDU and the SPD dodge important reforms and take a scattershot approach to the distribution of a great deal of money.","og_url":"https:\/\/libmod.de\/en\/the_prolongation-of_the_present_into_the_future\/","og_site_name":"libmod.de - Zentrum Liberale Moderne","article_publisher":"https:\/\/www.facebook.com\/LiberaleModerne\/","article_published_time":"2018-02-08T15:11:28+00:00","article_modified_time":"2020-03-28T01:47:49+00:00","og_image":[{"width":1199,"height":800,"url":"https:\/\/i1.wp.com\/libmod.de\/wp-content\/uploads\/Ralf_Fuecks_Zwischenruf-1199x800-1.jpg?fit=1199%2C800&ssl=1","type":"image\/jpeg"}],"author":"Ralf F\u00fccks","twitter_card":"summary_large_image","twitter_title":"Coalition agreement: The prolongation of the present into the future","twitter_description":"The CDU and the SPD dodge important reforms and take a scattershot approach to the distribution of a great deal of money.","twitter_creator":"@liberalemoderne","twitter_site":"@liberalemoderne","twitter_misc":{"Written by":"Ralf F\u00fccks","Est. reading time":"3 minutes"},"schema":{"@context":"https:\/\/schema.org","@graph":[{"@type":"Article","@id":"https:\/\/libmod.de\/en\/the_prolongation-of_the_present_into_the_future\/#article","isPartOf":{"@id":"https:\/\/libmod.de\/en\/the_prolongation-of_the_present_into_the_future\/"},"author":{"name":"Ralf F\u00fccks","@id":"https:\/\/libmod.de\/#\/schema\/person\/1523c62558428c502f73ae2c37bd32fd"},"headline":"Coalition agreement: The prolon\u00adgation of the present into the&nbsp;future","datePublished":"2018-02-08T15:11:28+00:00","dateModified":"2020-03-28T01:47:49+00:00","mainEntityOfPage":{"@id":"https:\/\/libmod.de\/en\/the_prolongation-of_the_present_into_the_future\/"},"wordCount":692,"publisher":{"@id":"https:\/\/libmod.de\/#organization"},"image":{"@id":"https:\/\/libmod.de\/en\/the_prolongation-of_the_present_into_the_future\/#primaryimage"},"thumbnailUrl":"https:\/\/libmodredaktion.fra1.digitaloceanspaces.com\/wp-content\/uploads\/20240905145640\/Ralf_Fuecks_Zwischenruf-1199x800-1.jpg","keywords":["current","Defending Freedom","digital revolution","Europe","Future of the West","Kommentar&emsp;","Kommentar&emsp;","Kommentar&emsp;","Kommentar&emsp;","Spotlight"],"articleSection":["Comment\u2003"],"inLanguage":"en-US"},{"@type":"WebPage","@id":"https:\/\/libmod.de\/en\/the_prolongation-of_the_present_into_the_future\/","url":"https:\/\/libmod.de\/en\/the_prolongation-of_the_present_into_the_future\/","name":"Coalition agreement: The prolongation of the present into the future","isPartOf":{"@id":"https:\/\/libmod.de\/#website"},"primaryImageOfPage":{"@id":"https:\/\/libmod.de\/en\/the_prolongation-of_the_present_into_the_future\/#primaryimage"},"image":{"@id":"https:\/\/libmod.de\/en\/the_prolongation-of_the_present_into_the_future\/#primaryimage"},"thumbnailUrl":"https:\/\/libmodredaktion.fra1.digitaloceanspaces.com\/wp-content\/uploads\/20240905145640\/Ralf_Fuecks_Zwischenruf-1199x800-1.jpg","datePublished":"2018-02-08T15:11:28+00:00","dateModified":"2020-03-28T01:47:49+00:00","description":"In the coalition agreement, the CDU and the SPD dodge important reforms and take a scattershot approach to the distribution of a great deal of money. The big challenges, like climate, demographic change and the digital revolution, are still not setting the political agenda.","breadcrumb":{"@id":"https:\/\/libmod.de\/en\/the_prolongation-of_the_present_into_the_future\/#breadcrumb"},"inLanguage":"en-US","potentialAction":[{"@type":"ReadAction","target":["https:\/\/libmod.de\/en\/the_prolongation-of_the_present_into_the_future\/"]}]},{"@type":"ImageObject","inLanguage":"en-US","@id":"https:\/\/libmod.de\/en\/the_prolongation-of_the_present_into_the_future\/#primaryimage","url":"https:\/\/libmodredaktion.fra1.digitaloceanspaces.com\/wp-content\/uploads\/20240905145640\/Ralf_Fuecks_Zwischenruf-1199x800-1.jpg","contentUrl":"https:\/\/libmodredaktion.fra1.digitaloceanspaces.com\/wp-content\/uploads\/20240905145640\/Ralf_Fuecks_Zwischenruf-1199x800-1.jpg","width":1199,"height":800,"caption":"Zwischenruf"},{"@type":"BreadcrumbList","@id":"https:\/\/libmod.de\/en\/the_prolongation-of_the_present_into_the_future\/#breadcrumb","itemListElement":[{"@type":"ListItem","position":1,"name":"Startseite","item":"https:\/\/libmod.de\/en\/"},{"@type":"ListItem","position":2,"name":"Coali\u00adtion agree\u00adment: The pro\u00adlon\u00adga\u00adtion of the present into the&nbsp;future"}]},{"@type":"WebSite","@id":"https:\/\/libmod.de\/#website","url":"https:\/\/libmod.de\/","name":"libmod.de - Zentrum Liberale Moderne","description":"Think Tank f\u00fcr Politik in Berlin","publisher":{"@id":"https:\/\/libmod.de\/#organization"},"potentialAction":[{"@type":"SearchAction","target":{"@type":"EntryPoint","urlTemplate":"https:\/\/libmod.de\/?s={search_term_string}"},"query-input":{"@type":"PropertyValueSpecification","valueRequired":true,"valueName":"search_term_string"}}],"inLanguage":"en-US"},{"@type":"Organization","@id":"https:\/\/libmod.de\/#organization","name":"Zentrum Liberale Moderne","url":"https:\/\/libmod.de\/","logo":{"@type":"ImageObject","inLanguage":"en-US","@id":"https:\/\/libmod.de\/#\/schema\/logo\/image\/","url":"https:\/\/libmodredaktion.fra1.digitaloceanspaces.com\/wp-content\/uploads\/20240905145818\/LibMod_Logo_XL.jpg","contentUrl":"https:\/\/libmodredaktion.fra1.digitaloceanspaces.com\/wp-content\/uploads\/20240905145818\/LibMod_Logo_XL.jpg","width":1439,"height":615,"caption":"Zentrum Liberale Moderne"},"image":{"@id":"https:\/\/libmod.de\/#\/schema\/logo\/image\/"},"sameAs":["https:\/\/www.facebook.com\/LiberaleModerne\/","https:\/\/x.com\/liberalemoderne","https:\/\/www.youtube.com\/channel\/UC4Yl_V4pm1LwryD04ky54SA","https:\/\/www.instagram.com\/libmod\/","https:\/\/bsky.app\/profile\/libmod.de"],"description":"Das Zentrum Liberale Moderne ist ein politischer Think Tank und eine Debattenplattform. LibMod steht f\u00fcr die Verteidigung und Erneuerung der liberalen Demokratie, f\u00fcr den Aufbruch in die \u00f6kologische Moderne und f\u00fcr eine fundierte Osteuropa-Expertise."},{"@type":"Person","@id":"https:\/\/libmod.de\/#\/schema\/person\/1523c62558428c502f73ae2c37bd32fd","name":"Ralf F\u00fccks","image":{"@type":"ImageObject","inLanguage":"en-US","@id":"https:\/\/libmodredaktion.fra1.digitaloceanspaces.com\/wp-content\/uploads\/20240905145929\/Ralf-F%C3%BCcks_rund-150x150.png","url":"https:\/\/libmodredaktion.fra1.digitaloceanspaces.com\/wp-content\/uploads\/20240905145929\/Ralf-F%C3%BCcks_rund-150x150.png","contentUrl":"https:\/\/libmodredaktion.fra1.digitaloceanspaces.com\/wp-content\/uploads\/20240905145929\/Ralf-F%C3%BCcks_rund-150x150.png","caption":"Ralf F\u00fccks"},"description":"Ralf F\u00fccks ist gesch\u00e4ftsf\u00fchrender Gesellschafter des Zentrums Liberale Moderne und wirkte zuvor 21 Jahre als Vorstand der Heinrich B\u00f6ll Stiftung, der politischen Stiftung der Gr\u00fcnen. Davor war er Co-Vorsitzender der Gr\u00fcnen (1989\/90) und Senator f\u00fcr Umwelt und Stadtentwicklung in Bremen. Kontakt info@libmod.de T +49 30 25095870 Publikationen Ralf F\u00fccks, Freiheit verteidigen , Wie wir den Kampf um die offene Gesellschaft gewinnen, 2017 Ralf F\u00fccks, Intelligent wachsen , Die gr\u00fcne Revolution, 2013 Zum LibMod-Team","url":"https:\/\/libmod.de\/en\/author\/zlm_ralf_fuecks\/"}]}},"menu_order":557,"_links":{"self":[{"href":"https:\/\/libmod.de\/en\/wp-json\/wp\/v2\/posts\/27347","targetHints":{"allow":["GET"]}}],"collection":[{"href":"https:\/\/libmod.de\/en\/wp-json\/wp\/v2\/posts"}],"about":[{"href":"https:\/\/libmod.de\/en\/wp-json\/wp\/v2\/types\/post"}],"author":[{"embeddable":true,"href":"https:\/\/libmod.de\/en\/wp-json\/wp\/v2\/users\/7"}],"replies":[{"embeddable":true,"href":"https:\/\/libmod.de\/en\/wp-json\/wp\/v2\/comments?post=27347"}],"version-history":[{"count":6,"href":"https:\/\/libmod.de\/en\/wp-json\/wp\/v2\/posts\/27347\/revisions"}],"predecessor-version":[{"id":36227,"href":"https:\/\/libmod.de\/en\/wp-json\/wp\/v2\/posts\/27347\/revisions\/36227"}],"wp:featuredmedia":[{"embeddable":true,"href":"https:\/\/libmod.de\/en\/wp-json\/wp\/v2\/media\/27318"}],"wp:attachment":[{"href":"https:\/\/libmod.de\/en\/wp-json\/wp\/v2\/media?parent=27347"}],"wp:term":[{"taxonomy":"category","embeddable":true,"href":"https:\/\/libmod.de\/en\/wp-json\/wp\/v2\/categories?post=27347"},{"taxonomy":"post_tag","embeddable":true,"href":"https:\/\/libmod.de\/en\/wp-json\/wp\/v2\/tags?post=27347"}],"curies":[{"name":"wp","href":"https:\/\/api.w.org\/{rel}","templated":true}]}}