{"id":38529,"date":"2020-06-16T13:16:44","date_gmt":"2020-06-16T11:16:44","guid":{"rendered":"http:\/\/libmod.de\/?p=38529"},"modified":"2020-07-02T13:20:10","modified_gmt":"2020-07-02T11:20:10","slug":"the-health-political-economic-and-social-impact-of-covid-19-on-moldova","status":"publish","type":"post","link":"https:\/\/libmod.de\/en\/the-health-political-economic-and-social-impact-of-covid-19-on-moldova\/","title":{"rendered":"The health, political, economic and social impact of COVID-19 on&nbsp;Moldova"},"content":{"rendered":"<div class=\"wpb-content-wrapper\"><p>[vc_row][vc_column][vc_column_text]<\/p>\n<figure id=\"attachment_38101\" aria-describedby=\"caption-attachment-38101\" style=\"width: 1204px\" class=\"wp-caption alignnone\"><img class=\"wp-image-38101 \" src=\"https:\/\/libmodredaktion.fra1.digitaloceanspaces.com\/wp-content\/uploads\/20240905144610\/moldova_500-770x321.jpg\" alt width=\"1204\" height=\"502\" srcset=\"https:\/\/libmodredaktion.fra1.digitaloceanspaces.com\/wp-content\/uploads\/20240905144610\/moldova_500-770x321.jpg 770w, https:\/\/libmodredaktion.fra1.digitaloceanspaces.com\/wp-content\/uploads\/20240905144610\/moldova_500-768x320.jpg 768w, https:\/\/libmodredaktion.fra1.digitaloceanspaces.com\/wp-content\/uploads\/20240905144610\/moldova_500.jpg 1200w\" sizes=\"(max-width: 1204px) 100vw, 1204px\"><figcaption id=\"caption-attachment-38101\" class=\"wp-caption-text\">Frimu\u00adFilms \/\u200b Shutter\u00adstock<\/figcaption><\/figure>\n<p>[\/vc_column_text][\/vc_column][\/vc_row][vc_row css=\u201d.vc_custom_1508251598805{margin-top: 30px !important;}\u201d][vc_column width=\u201c2\/3\u201d css=\u201d.vc_custom_1508252250311{padding-right: 20px !important;}\u201d][vc_column_text]<\/p>\n<h3>As part of our project \u201cEastern Partnership 2.0\u201d we publish a&nbsp;series of articles about the three EU associ\u00adation states (Ukraine, Georgia, Moldova). Three authors from the region (Veronika Movchan, Irina Guruli, Sergiu Gaibu) analyse the health, political, economic and social impact of COVID-19&nbsp;in their&nbsp;countries.<\/h3>\n<p><!--more--><\/p>\n<p>Most inter\u00adna\u00adtional bodies and researchers in the field have a&nbsp;common certainty that this crisis will go beyond the previous crisis of 2008 and could be one of the biggest in the last 50&nbsp;years. The IMF has forecast a&nbsp;3% drop in GDP for Moldova by 2020. But this scenario is rather optimistic. The EBRD forecasts a&nbsp;decrease of 4% and German Economic Team has evaluated the drop of Moldova\u2019s GDP by 6.3%. For March, the National Bureau of Statistics of Moldova reported a&nbsp;decrease in indus\u00adtrial production by 10.5% compared to March 2019 and 8% compared to the month of February. Freight transport decreased by 15% in March compared to the same period in 2019. Under these condi\u00adtions, the deteri\u00ado\u00adration of the economic situation is&nbsp;certain.<\/p>\n<p>The macro\u00adeco\u00adnomic indicators of the Republic of Moldova before the crisis showed a&nbsp;good financial stability, this being an advantage that could be used for economic recovery. But this window of oppor\u00adtunity for Moldova is open for a&nbsp;short period of time and, if taken wrong measures, these resilience reserves can be quickly depleted and the country can be thrown into lasting economic stagnation. In the condi\u00adtions of the Covid-19 crisis, Moldova will face a&nbsp;decrease in foreign exchange inflows from both important sources: remit\u00adtances and exports. In the 2008 crisis, remit\u00adtances fell by 29% and exports by 19.6% (2009 vs 2008). Social isolation and limiting inter\u00adna\u00adtional circu\u00adlation will amplify the negative effect on these two main currency sources. Remit\u00adtances have droped in March 2020 with 6% and in April with 10% comparing to the same period of 2019. Exports have recorded a&nbsp;drop of 18.3% in March 2020 vs March 2019. Maintaining a&nbsp;suffi\u00adcient supply of foreign currency is critical for economic stability, ensuring the necessary imports for the national economy and keeping inflation in an acceptable&nbsp;corridor.<\/p>\n<p>The quarantine measures have slowed down the spread of the virus. But the uneven appli\u00adcation of the quarantine measures and the tolerance of the socialist Government to Russian Orthodox Church gatherings and some social events important for the pro-Russian Socialist Party for the upcoming presi\u00addential election campaign reduced signif\u00adi\u00adcantly the efficiency of the quarantine measures. Thus, after two months of effort of social isolation the number of infec\u00adtions started to rise again dissolving the hopes of pandemic slowdown. Just a&nbsp;few days ago Moldova regis\u00adtered 10000 persons with positive results on Covid-19. The pandemic revealed the deficiencies of the medical system and poor admin\u00adis\u00adtrative coordi\u00adnation and supply. As conse\u00adquence Moldova regis\u00adtered one of the highest rates of infection among medical staff, reducing response capabil\u00adities of the medical system to the needs of the&nbsp;population.<\/p>\n<p>In addition to threats to public health, the Covid-19 crisis brings uncer\u00adtainty to the economy. Public insti\u00adtu\u00adtions, businesses and house\u00adholds are all affected by the slowdown in economic activity, but the main issue is the lack of predictability and evolution of the pandemic. The vast majority of sectors are experi\u00adencing a&nbsp;sharp decline in sales and revenue due to the impos\u00adsi\u00adbility of carrying out normal business due to disruption of supply chains and reduced demand both inter\u00adnally and exter\u00adnally. It becomes certain that the economy of the Republic of Moldova will be affected not only by internal factors, but also by the situation in countries such as Romania, Germany, Italy, Turkey or Russia. Thus, the external shock could spread to the export channel by reducing the demand for products processed in lohn (wiring, textiles). These branches depend directly on the automotive industry in countries such as Romania and Germany, or the textile industry in Italy. Some categories of house\u00adholds such as credit holders, tenants, returning emigrants or workers in the informal economy do not have social protection in crisis&nbsp;situations.<\/p>\n<p>The government is aware of the need to support the economy through social programs and invest\u00adments. It was developed a&nbsp;few social programmes for house\u00adholds that lost revenues, but it seems that the inter\u00adven\u00adtions are late and the admin\u00adis\u00adtrative burden high. The Government intends to contract external loans to invest in infra\u00adstructure to support the economy. Certainly, a&nbsp;public investment program can be a&nbsp;suitable tool to counteract the effects of the crisis. However, the Govern\u00adment\u2019s perspective on public investment is limited mainly to transport infra\u00adstructure. To this end, it was intended to contract EUR 200 million from the Government of the Russian Feder\u00adation, which failed, due to ambiguous and risky provi\u00adsions of the agreement. As conse\u00adquence the Consti\u00adtu\u00adtional Court has canceled the Parliament ratifi\u00adcation of the agreement. The government is seeking alter\u00adnative options for financing their investment initia\u00adtives. In the same time, Moldova has diffi\u00adculties to absorb the resources already available from the Council of Europe, the World Bank and the EBRD for road modern\u00adization. Thus, the Government should consider a&nbsp;more strategic approach to the concept of investment, in order to increase the country\u2019s compet\u00adi\u00adtiveness and ensure a&nbsp;rate of return of the investment projects capable of gener\u00adating additional added value in the economy to ensure the repayment of newly attracted credit resources and to avoid condemning Moldova to use current low-income sources to serve these debts. To this end, it is necessary to analyze the effects of the crisis, good inter\u00adna\u00adtional practices and to correctly prior\u00aditize investment&nbsp;projects.<\/p>\n<p><img class=\"alignnone wp-image-23921 size-full\" src=\"http:\/\/libmodredaktion.fra1.digitaloceanspaces.com\/wp-content\/uploads\/20240905145906\/textende.png\" alt=\"Textende\" width=\"40\" height=\"120\">[\/vc_column_text][vc_separator][vc_column_text]Hat Ihnen unser Beitrag gefallen? Dann spenden Sie doch einfach und bequem \u00fcber unser Spendentool. Sie unter\u00adst\u00fctzen damit die publizis\u00adtische Arbeit von&nbsp;LibMod.<\/p>\n<p>[\/vc_column_text][vc_column_text]<script type=\"text\/javascript\">\n\t(function() {\n\t\tvar u=\"https:\/\/spenden.twingle.de\/embed\/genericorganisation\/genericproject\/tw5aeafe12eb6cb\/widget\";\n\t\tvar id = '_' + Math.random().toString(36).substr(2, 9);\n\t\tvar d=document, g=d.createElement('script'), s=d.getElementsByTagName('script')[0];\n\t\tdocument.write('<div id=\"twingle-public-embed-' + id + '\"><\/div>');\n\t\tg.type='text\/javascript'; g.async=true; g.defer=true; g.src=u+'\/'+id; s.parentNode.insertBefore(g,s);\n\t})();\n<\/script>[\/vc_column_text][vc_column_text]Wir sind als gemein\u00adn\u00fctzig anerkannt, entsprechend sind Spenden steuerlich absetzbar. F\u00fcr eine Spendenbescheinigung (n\u00f6tig bei einem Betrag \u00fcber 200 EUR), senden Sie Ihre Adress\u00addaten bitte an <a href=\"mailto:finanzen@libmod.de\">finanzen@libmod.de<\/a><\/p>\n<p>&nbsp;<\/p>\n<p>[\/vc_column_text][\/vc_column][vc_column width=\u201c1\/3\u201d el_class=\u201cdimmer\u201d][vc_empty_space height=\u201c130px\u201d][vc_column_text]<\/p>\n<h2>Verwandte Themen<\/h2>\n<p>[\/vc_column_text][vc_basic_grid post_type=\u201cpost\u201d max_items=\u201c3\u201d element_width=\u201c12\u201d item=\u201c24066\u201d grid_id=\u201cvc_gid:1592473047444\u2013849ab003-60fb\u20118\u201d css=\u201d.vc_custom_1592297105196{background-color: #ffffff !important;}\u201d taxonomies=\u201c10634\u201d][vc_row_inner css=\u201d.vc_custom_1508164629489{margin-top: 30px !important;margin-right: 0px !important;margin-left: 0px !important;background-color: #03d0b6 !important;}\u201d][vc_column_inner][vc_column_text css=\u201d.vc_custom_1508167210959{margin-top: \u201115px !important;}\u201d]<\/p>\n<h2><span style=\"color: #ffffff;\">Newsletter bestellen<\/span><\/h2>\n<p>[\/vc_column_text][vc_column_text css=\u201d.vc_custom_1508166779270{margin-top: \u201110px !important;}\u201d]Mit dem LibMod-Newsletter erhalten Sie regelm\u00e4\u00dfig Neuigkeiten zu unseren Themen in Ihr&nbsp;Postfach.<\/p>\n<p><script>(function() {\n\twindow.mc4wp = window.mc4wp || {\n\t\tlisteners: [],\n\t\tforms: {\n\t\t\ton: function(evt, cb) {\n\t\t\t\twindow.mc4wp.listeners.push(\n\t\t\t\t\t{\n\t\t\t\t\t\tevent   : evt,\n\t\t\t\t\t\tcallback: cb\n\t\t\t\t\t}\n\t\t\t\t);\n\t\t\t}\n\t\t}\n\t}\n})();\n<\/script><!-- Mailchimp for WordPress v4.12.2 - https:\/\/wordpress.org\/plugins\/mailchimp-for-wp\/ --><\/p><form id=\"mc4wp-form-1\" class=\"mc4wp-form mc4wp-form-24179 mc4wp-form-styles-builder mc4wp-ajax\" method=\"post\" data-id=\"24179\" data-name=\"LibMod Newsletter\"><div class=\"mc4wp-form-fields\"><p>\n    <label>Anrede\u2002 \u2002\u2003<\/label>\n    <select name=\"ANREDE\" required>\n        <option value=\"Frau\" selected=\"true\">Frau<\/option>\n        <option value=\"Herr\">Herr<\/option>\n        <option value=\"X\">X<\/option>\n    <\/select>\n<\/p>\n<p>\n    <label>Insti\u00adtution\u2003<\/label>\n    <input name=\"MMERGE3\" type=\"text\">\n<\/p>\n<p>\n    <label>Nachname \u2002<\/label>\n    <input name=\"MMERGE2\" required type=\"text\">\n<\/p>\n<p>\n    <label>Vorname\u2002 \u2003<\/label>\n    <input name=\"MMERGE1\" required type=\"text\">\n<\/p>\n<p>\n    <label>Kategorie\u2002\u2003<\/label>\n    <select name=\"KATEGORIE\" required>\n        <option value=\"Newsletter\" selected=\"true\">Newsletter<\/option>\n    <\/select>\n<\/p>\n<p><input type=\"email\" name=\"EMAIL\" placeholder=\"Ihre Mail-Addresse\" required>\n<\/p><p>Mit unseren <span style=\"color: #000000;\"><a style=\"color: #000000;\" href=\"https:\/\/libmod.de\/datenschutzerklaerung\/\" target=\"_blank\" rel=\"noopener\">Daten\u00adschutzbes\u00adtim\u00admungen<\/a><\/span> <br>erkl\u00e4ren Sie sich einverstanden.<br><br>\n<input type=\"submit\" value=\"Absenden\"><br><\/p><\/div><label style=\"display: none !important;\">Leave this field empty if you\u2019re&nbsp;human:&nbsp;<input type=\"text\" name=\"_mc4wp_honeypot\" value tabindex=\"-1\" autocomplete=\"off\"><\/label><input type=\"hidden\" name=\"_mc4wp_timestamp\" value=\"1777807354\"><input type=\"hidden\" name=\"_mc4wp_form_id\" value=\"24179\"><input type=\"hidden\" name=\"_mc4wp_form_element_id\" value=\"mc4wp-form-1\"><div class=\"mc4wp-response\"><\/div><\/form><!-- \/ Mailchimp for WordPress Plugin -->[\/vc_column_text][\/vc_column_inner][\/vc_row_inner][\/vc_column][\/vc_row]\n<\/div>","protected":false},"excerpt":{"rendered":"<p>[vc_row][vc_column][vc_column_text] [\/vc_column_text][\/vc_column][\/vc_row][vc_row css=\u201d.vc_custom_1508251598805{margin-top: 30px !important;}\u201d][vc_column width=\u201c2\/3\u201d css=\u201d.vc_custom_1508252250311{padding-right: 20px !important;}\u201d][vc_column_text] As part of our project \u201cEastern Partnership 2.0\u201d we publish a&nbsp;series of articles about the three EU associ\u00adation states (Ukraine,&nbsp;Georgia,...<\/p>\n","protected":false},"author":179,"featured_media":38100,"comment_status":"closed","ping_status":"closed","sticky":false,"template":"","format":"standard","meta":{"_acf_changed":false,"wp_typography_post_enhancements_disabled":false,"mc4wp_mailchimp_campaign":[],"footnotes":""},"categories":[2809],"tags":[14168,14068],"class_list":["post-38529","post","type-post","status-publish","format-standard","has-post-thumbnail","category-analysis","tag-eap-plus","tag-moldova"],"acf":[],"yoast_head":"<!-- This site is optimized with the Yoast SEO Premium plugin v27.4 (Yoast SEO v27.5) - https:\/\/yoast.com\/product\/yoast-seo-premium-wordpress\/ -->\n<title>The health, political, economic and social impact of COVID-19 on Moldova - libmod.de - Zentrum Liberale Moderne<\/title>\n<meta name=\"description\" content=\"As part of our project &quot;Eastern Partnership 2.0&quot; we publish a series of articles about the three EU association states (Ukraine, Georgia, Moldova). Three\" \/>\n<meta name=\"robots\" content=\"index, follow, max-snippet:-1, max-image-preview:large, max-video-preview:-1\" \/>\n<link rel=\"canonical\" href=\"https:\/\/libmod.de\/en\/the-health-political-economic-and-social-impact-of-covid-19-on-moldova\/\" \/>\n<meta property=\"og:locale\" content=\"en_US\" \/>\n<meta property=\"og:type\" content=\"article\" \/>\n<meta property=\"og:title\" content=\"The health, political, economic and social impact of COVID-19 on Moldova\" \/>\n<meta property=\"og:description\" content=\"As part of our project &quot;Eastern Partnership 2.0&quot; we publish a series of articles about the three EU association states (Ukraine, Georgia, Moldova). Three\" \/>\n<meta property=\"og:url\" content=\"https:\/\/libmod.de\/en\/the-health-political-economic-and-social-impact-of-covid-19-on-moldova\/\" \/>\n<meta property=\"og:site_name\" content=\"libmod.de - Zentrum Liberale Moderne\" \/>\n<meta property=\"article:publisher\" content=\"https:\/\/www.facebook.com\/LiberaleModerne\/\" \/>\n<meta property=\"article:published_time\" content=\"2020-06-16T11:16:44+00:00\" \/>\n<meta property=\"article:modified_time\" content=\"2020-07-02T11:20:10+00:00\" \/>\n<meta property=\"og:image\" content=\"https:\/\/i1.wp.com\/libmod.de\/wp-content\/uploads\/moldova_800.jpg?fit=1200%2C800&ssl=1\" \/>\n\t<meta property=\"og:image:width\" content=\"1200\" \/>\n\t<meta property=\"og:image:height\" content=\"800\" \/>\n\t<meta property=\"og:image:type\" content=\"image\/jpeg\" \/>\n<meta name=\"author\" content=\"Sergiu Gaibu\" \/>\n<meta name=\"twitter:card\" content=\"summary_large_image\" \/>\n<meta name=\"twitter:creator\" content=\"@liberalemoderne\" \/>\n<meta name=\"twitter:site\" content=\"@liberalemoderne\" \/>\n<meta name=\"twitter:label1\" content=\"Written by\" \/>\n\t<meta name=\"twitter:data1\" content=\"Sergiu Gaibu\" \/>\n\t<meta name=\"twitter:label2\" content=\"Est. reading time\" \/>\n\t<meta name=\"twitter:data2\" content=\"6 minutes\" \/>\n<script type=\"application\/ld+json\" class=\"yoast-schema-graph\">{\"@context\":\"https:\\\/\\\/schema.org\",\"@graph\":[{\"@type\":\"Article\",\"@id\":\"https:\\\/\\\/libmod.de\\\/en\\\/the-health-political-economic-and-social-impact-of-covid-19-on-moldova\\\/#article\",\"isPartOf\":{\"@id\":\"https:\\\/\\\/libmod.de\\\/en\\\/the-health-political-economic-and-social-impact-of-covid-19-on-moldova\\\/\"},\"author\":{\"name\":\"Sergiu Gaibu\",\"@id\":\"https:\\\/\\\/libmod.de\\\/#\\\/schema\\\/person\\\/baf4676e5d289901e198d3b68251c2ab\"},\"headline\":\"The health, political, economic and social impact of COVID-19 on&nbsp;Moldova\",\"datePublished\":\"2020-06-16T11:16:44+00:00\",\"dateModified\":\"2020-07-02T11:20:10+00:00\",\"mainEntityOfPage\":{\"@id\":\"https:\\\/\\\/libmod.de\\\/en\\\/the-health-political-economic-and-social-impact-of-covid-19-on-moldova\\\/\"},\"wordCount\":1160,\"publisher\":{\"@id\":\"https:\\\/\\\/libmod.de\\\/#organization\"},\"image\":{\"@id\":\"https:\\\/\\\/libmod.de\\\/en\\\/the-health-political-economic-and-social-impact-of-covid-19-on-moldova\\\/#primaryimage\"},\"thumbnailUrl\":\"https:\\\/\\\/libmodredaktion.fra1.digitaloceanspaces.com\\\/wp-content\\\/uploads\\\/20240905144611\\\/moldova_800.jpg\",\"keywords\":[\"EaP Plus\",\"Moldova\"],\"articleSection\":[\"Analysis\u2003\"],\"inLanguage\":\"en-US\"},{\"@type\":\"WebPage\",\"@id\":\"https:\\\/\\\/libmod.de\\\/en\\\/the-health-political-economic-and-social-impact-of-covid-19-on-moldova\\\/\",\"url\":\"https:\\\/\\\/libmod.de\\\/en\\\/the-health-political-economic-and-social-impact-of-covid-19-on-moldova\\\/\",\"name\":\"The health, political, economic and social impact of COVID-19 on Moldova - libmod.de - Zentrum Liberale Moderne\",\"isPartOf\":{\"@id\":\"https:\\\/\\\/libmod.de\\\/#website\"},\"primaryImageOfPage\":{\"@id\":\"https:\\\/\\\/libmod.de\\\/en\\\/the-health-political-economic-and-social-impact-of-covid-19-on-moldova\\\/#primaryimage\"},\"image\":{\"@id\":\"https:\\\/\\\/libmod.de\\\/en\\\/the-health-political-economic-and-social-impact-of-covid-19-on-moldova\\\/#primaryimage\"},\"thumbnailUrl\":\"https:\\\/\\\/libmodredaktion.fra1.digitaloceanspaces.com\\\/wp-content\\\/uploads\\\/20240905144611\\\/moldova_800.jpg\",\"datePublished\":\"2020-06-16T11:16:44+00:00\",\"dateModified\":\"2020-07-02T11:20:10+00:00\",\"description\":\"As part of our project \\\"Eastern Partnership 2.0\\\" we publish a series of articles about the three EU association states (Ukraine, Georgia, Moldova). Three\",\"breadcrumb\":{\"@id\":\"https:\\\/\\\/libmod.de\\\/en\\\/the-health-political-economic-and-social-impact-of-covid-19-on-moldova\\\/#breadcrumb\"},\"inLanguage\":\"en-US\",\"potentialAction\":[{\"@type\":\"ReadAction\",\"target\":[\"https:\\\/\\\/libmod.de\\\/en\\\/the-health-political-economic-and-social-impact-of-covid-19-on-moldova\\\/\"]}]},{\"@type\":\"ImageObject\",\"inLanguage\":\"en-US\",\"@id\":\"https:\\\/\\\/libmod.de\\\/en\\\/the-health-political-economic-and-social-impact-of-covid-19-on-moldova\\\/#primaryimage\",\"url\":\"https:\\\/\\\/libmodredaktion.fra1.digitaloceanspaces.com\\\/wp-content\\\/uploads\\\/20240905144611\\\/moldova_800.jpg\",\"contentUrl\":\"https:\\\/\\\/libmodredaktion.fra1.digitaloceanspaces.com\\\/wp-content\\\/uploads\\\/20240905144611\\\/moldova_800.jpg\",\"width\":1200,\"height\":800,\"caption\":\"FrimuFilms \\\/ Shutterstock\"},{\"@type\":\"BreadcrumbList\",\"@id\":\"https:\\\/\\\/libmod.de\\\/en\\\/the-health-political-economic-and-social-impact-of-covid-19-on-moldova\\\/#breadcrumb\",\"itemListElement\":[{\"@type\":\"ListItem\",\"position\":1,\"name\":\"Startseite\",\"item\":\"https:\\\/\\\/libmod.de\\\/en\\\/\"},{\"@type\":\"ListItem\",\"position\":2,\"name\":\"The health, polit\u00adi\u00adcal, eco\u00adnomic and social impact of COVID-19 on&nbsp;Moldova\"}]},{\"@type\":\"WebSite\",\"@id\":\"https:\\\/\\\/libmod.de\\\/#website\",\"url\":\"https:\\\/\\\/libmod.de\\\/\",\"name\":\"libmod.de - Zentrum Liberale Moderne\",\"description\":\"Think Tank f\u00fcr Politik in Berlin\",\"publisher\":{\"@id\":\"https:\\\/\\\/libmod.de\\\/#organization\"},\"potentialAction\":[{\"@type\":\"SearchAction\",\"target\":{\"@type\":\"EntryPoint\",\"urlTemplate\":\"https:\\\/\\\/libmod.de\\\/?s={search_term_string}\"},\"query-input\":{\"@type\":\"PropertyValueSpecification\",\"valueRequired\":true,\"valueName\":\"search_term_string\"}}],\"inLanguage\":\"en-US\"},{\"@type\":\"Organization\",\"@id\":\"https:\\\/\\\/libmod.de\\\/#organization\",\"name\":\"Zentrum Liberale Moderne\",\"url\":\"https:\\\/\\\/libmod.de\\\/\",\"logo\":{\"@type\":\"ImageObject\",\"inLanguage\":\"en-US\",\"@id\":\"https:\\\/\\\/libmod.de\\\/#\\\/schema\\\/logo\\\/image\\\/\",\"url\":\"https:\\\/\\\/libmodredaktion.fra1.digitaloceanspaces.com\\\/wp-content\\\/uploads\\\/20240905145818\\\/LibMod_Logo_XL.jpg\",\"contentUrl\":\"https:\\\/\\\/libmodredaktion.fra1.digitaloceanspaces.com\\\/wp-content\\\/uploads\\\/20240905145818\\\/LibMod_Logo_XL.jpg\",\"width\":1439,\"height\":615,\"caption\":\"Zentrum Liberale Moderne\"},\"image\":{\"@id\":\"https:\\\/\\\/libmod.de\\\/#\\\/schema\\\/logo\\\/image\\\/\"},\"sameAs\":[\"https:\\\/\\\/www.facebook.com\\\/LiberaleModerne\\\/\",\"https:\\\/\\\/x.com\\\/liberalemoderne\",\"https:\\\/\\\/www.youtube.com\\\/channel\\\/UC4Yl_V4pm1LwryD04ky54SA\",\"https:\\\/\\\/www.instagram.com\\\/libmod\\\/\",\"https:\\\/\\\/bsky.app\\\/profile\\\/libmod.de\"],\"description\":\"Das Zentrum Liberale Moderne ist ein politischer Think Tank und eine Debattenplattform. LibMod steht f\u00fcr die Verteidigung und Erneuerung der liberalen Demokratie, f\u00fcr den Aufbruch in die \u00f6kologische Moderne und f\u00fcr eine fundierte Osteuropa-Expertise.\"},{\"@type\":\"Person\",\"@id\":\"https:\\\/\\\/libmod.de\\\/#\\\/schema\\\/person\\\/baf4676e5d289901e198d3b68251c2ab\",\"name\":\"Sergiu Gaibu\",\"image\":{\"@type\":\"ImageObject\",\"inLanguage\":\"en-US\",\"@id\":\"https:\\\/\\\/libmodredaktion.fra1.digitaloceanspaces.com\\\/wp-content\\\/uploads\\\/20240905144807\\\/User-150x150.png\",\"url\":\"https:\\\/\\\/libmodredaktion.fra1.digitaloceanspaces.com\\\/wp-content\\\/uploads\\\/20240905144807\\\/User-150x150.png\",\"contentUrl\":\"https:\\\/\\\/libmodredaktion.fra1.digitaloceanspaces.com\\\/wp-content\\\/uploads\\\/20240905144807\\\/User-150x150.png\",\"caption\":\"Sergiu Gaibu\"},\"url\":\"https:\\\/\\\/libmod.de\\\/en\\\/author\\\/sergiu-gaibu\\\/\"}]}<\/script>\n<!-- \/ Yoast SEO Premium plugin. -->","yoast_head_json":{"title":"The health, political, economic and social impact of COVID-19 on Moldova - libmod.de - Zentrum Liberale Moderne","description":"As part of our project \"Eastern Partnership 2.0\" we publish a series of articles about the three EU association states (Ukraine, Georgia, Moldova). Three","robots":{"index":"index","follow":"follow","max-snippet":"max-snippet:-1","max-image-preview":"max-image-preview:large","max-video-preview":"max-video-preview:-1"},"canonical":"https:\/\/libmod.de\/en\/the-health-political-economic-and-social-impact-of-covid-19-on-moldova\/","og_locale":"en_US","og_type":"article","og_title":"The health, political, economic and social impact of COVID-19 on Moldova","og_description":"As part of our project \"Eastern Partnership 2.0\" we publish a series of articles about the three EU association states (Ukraine, Georgia, Moldova). Three","og_url":"https:\/\/libmod.de\/en\/the-health-political-economic-and-social-impact-of-covid-19-on-moldova\/","og_site_name":"libmod.de - Zentrum Liberale Moderne","article_publisher":"https:\/\/www.facebook.com\/LiberaleModerne\/","article_published_time":"2020-06-16T11:16:44+00:00","article_modified_time":"2020-07-02T11:20:10+00:00","og_image":[{"width":1200,"height":800,"url":"https:\/\/i1.wp.com\/libmod.de\/wp-content\/uploads\/moldova_800.jpg?fit=1200%2C800&ssl=1","type":"image\/jpeg"}],"author":"Sergiu Gaibu","twitter_card":"summary_large_image","twitter_creator":"@liberalemoderne","twitter_site":"@liberalemoderne","twitter_misc":{"Written by":"Sergiu Gaibu","Est. reading time":"6 minutes"},"schema":{"@context":"https:\/\/schema.org","@graph":[{"@type":"Article","@id":"https:\/\/libmod.de\/en\/the-health-political-economic-and-social-impact-of-covid-19-on-moldova\/#article","isPartOf":{"@id":"https:\/\/libmod.de\/en\/the-health-political-economic-and-social-impact-of-covid-19-on-moldova\/"},"author":{"name":"Sergiu Gaibu","@id":"https:\/\/libmod.de\/#\/schema\/person\/baf4676e5d289901e198d3b68251c2ab"},"headline":"The health, political, economic and social impact of COVID-19 on&nbsp;Moldova","datePublished":"2020-06-16T11:16:44+00:00","dateModified":"2020-07-02T11:20:10+00:00","mainEntityOfPage":{"@id":"https:\/\/libmod.de\/en\/the-health-political-economic-and-social-impact-of-covid-19-on-moldova\/"},"wordCount":1160,"publisher":{"@id":"https:\/\/libmod.de\/#organization"},"image":{"@id":"https:\/\/libmod.de\/en\/the-health-political-economic-and-social-impact-of-covid-19-on-moldova\/#primaryimage"},"thumbnailUrl":"https:\/\/libmodredaktion.fra1.digitaloceanspaces.com\/wp-content\/uploads\/20240905144611\/moldova_800.jpg","keywords":["EaP Plus","Moldova"],"articleSection":["Analysis\u2003"],"inLanguage":"en-US"},{"@type":"WebPage","@id":"https:\/\/libmod.de\/en\/the-health-political-economic-and-social-impact-of-covid-19-on-moldova\/","url":"https:\/\/libmod.de\/en\/the-health-political-economic-and-social-impact-of-covid-19-on-moldova\/","name":"The health, political, economic and social impact of COVID-19 on Moldova - libmod.de - Zentrum Liberale Moderne","isPartOf":{"@id":"https:\/\/libmod.de\/#website"},"primaryImageOfPage":{"@id":"https:\/\/libmod.de\/en\/the-health-political-economic-and-social-impact-of-covid-19-on-moldova\/#primaryimage"},"image":{"@id":"https:\/\/libmod.de\/en\/the-health-political-economic-and-social-impact-of-covid-19-on-moldova\/#primaryimage"},"thumbnailUrl":"https:\/\/libmodredaktion.fra1.digitaloceanspaces.com\/wp-content\/uploads\/20240905144611\/moldova_800.jpg","datePublished":"2020-06-16T11:16:44+00:00","dateModified":"2020-07-02T11:20:10+00:00","description":"As part of our project \"Eastern Partnership 2.0\" we publish a series of articles about the three EU association states (Ukraine, Georgia, Moldova). Three","breadcrumb":{"@id":"https:\/\/libmod.de\/en\/the-health-political-economic-and-social-impact-of-covid-19-on-moldova\/#breadcrumb"},"inLanguage":"en-US","potentialAction":[{"@type":"ReadAction","target":["https:\/\/libmod.de\/en\/the-health-political-economic-and-social-impact-of-covid-19-on-moldova\/"]}]},{"@type":"ImageObject","inLanguage":"en-US","@id":"https:\/\/libmod.de\/en\/the-health-political-economic-and-social-impact-of-covid-19-on-moldova\/#primaryimage","url":"https:\/\/libmodredaktion.fra1.digitaloceanspaces.com\/wp-content\/uploads\/20240905144611\/moldova_800.jpg","contentUrl":"https:\/\/libmodredaktion.fra1.digitaloceanspaces.com\/wp-content\/uploads\/20240905144611\/moldova_800.jpg","width":1200,"height":800,"caption":"FrimuFilms \/ Shutterstock"},{"@type":"BreadcrumbList","@id":"https:\/\/libmod.de\/en\/the-health-political-economic-and-social-impact-of-covid-19-on-moldova\/#breadcrumb","itemListElement":[{"@type":"ListItem","position":1,"name":"Startseite","item":"https:\/\/libmod.de\/en\/"},{"@type":"ListItem","position":2,"name":"The health, polit\u00adi\u00adcal, eco\u00adnomic and social impact of COVID-19 on&nbsp;Moldova"}]},{"@type":"WebSite","@id":"https:\/\/libmod.de\/#website","url":"https:\/\/libmod.de\/","name":"libmod.de - Zentrum Liberale Moderne","description":"Think Tank f\u00fcr Politik in Berlin","publisher":{"@id":"https:\/\/libmod.de\/#organization"},"potentialAction":[{"@type":"SearchAction","target":{"@type":"EntryPoint","urlTemplate":"https:\/\/libmod.de\/?s={search_term_string}"},"query-input":{"@type":"PropertyValueSpecification","valueRequired":true,"valueName":"search_term_string"}}],"inLanguage":"en-US"},{"@type":"Organization","@id":"https:\/\/libmod.de\/#organization","name":"Zentrum Liberale Moderne","url":"https:\/\/libmod.de\/","logo":{"@type":"ImageObject","inLanguage":"en-US","@id":"https:\/\/libmod.de\/#\/schema\/logo\/image\/","url":"https:\/\/libmodredaktion.fra1.digitaloceanspaces.com\/wp-content\/uploads\/20240905145818\/LibMod_Logo_XL.jpg","contentUrl":"https:\/\/libmodredaktion.fra1.digitaloceanspaces.com\/wp-content\/uploads\/20240905145818\/LibMod_Logo_XL.jpg","width":1439,"height":615,"caption":"Zentrum Liberale Moderne"},"image":{"@id":"https:\/\/libmod.de\/#\/schema\/logo\/image\/"},"sameAs":["https:\/\/www.facebook.com\/LiberaleModerne\/","https:\/\/x.com\/liberalemoderne","https:\/\/www.youtube.com\/channel\/UC4Yl_V4pm1LwryD04ky54SA","https:\/\/www.instagram.com\/libmod\/","https:\/\/bsky.app\/profile\/libmod.de"],"description":"Das Zentrum Liberale Moderne ist ein politischer Think Tank und eine Debattenplattform. LibMod steht f\u00fcr die Verteidigung und Erneuerung der liberalen Demokratie, f\u00fcr den Aufbruch in die \u00f6kologische Moderne und f\u00fcr eine fundierte Osteuropa-Expertise."},{"@type":"Person","@id":"https:\/\/libmod.de\/#\/schema\/person\/baf4676e5d289901e198d3b68251c2ab","name":"Sergiu Gaibu","image":{"@type":"ImageObject","inLanguage":"en-US","@id":"https:\/\/libmodredaktion.fra1.digitaloceanspaces.com\/wp-content\/uploads\/20240905144807\/User-150x150.png","url":"https:\/\/libmodredaktion.fra1.digitaloceanspaces.com\/wp-content\/uploads\/20240905144807\/User-150x150.png","contentUrl":"https:\/\/libmodredaktion.fra1.digitaloceanspaces.com\/wp-content\/uploads\/20240905144807\/User-150x150.png","caption":"Sergiu Gaibu"},"url":"https:\/\/libmod.de\/en\/author\/sergiu-gaibu\/"}]}},"menu_order":11,"_links":{"self":[{"href":"https:\/\/libmod.de\/en\/wp-json\/wp\/v2\/posts\/38529","targetHints":{"allow":["GET"]}}],"collection":[{"href":"https:\/\/libmod.de\/en\/wp-json\/wp\/v2\/posts"}],"about":[{"href":"https:\/\/libmod.de\/en\/wp-json\/wp\/v2\/types\/post"}],"author":[{"embeddable":true,"href":"https:\/\/libmod.de\/en\/wp-json\/wp\/v2\/users\/179"}],"replies":[{"embeddable":true,"href":"https:\/\/libmod.de\/en\/wp-json\/wp\/v2\/comments?post=38529"}],"version-history":[{"count":3,"href":"https:\/\/libmod.de\/en\/wp-json\/wp\/v2\/posts\/38529\/revisions"}],"predecessor-version":[{"id":38532,"href":"https:\/\/libmod.de\/en\/wp-json\/wp\/v2\/posts\/38529\/revisions\/38532"}],"wp:featuredmedia":[{"embeddable":true,"href":"https:\/\/libmod.de\/en\/wp-json\/wp\/v2\/media\/38100"}],"wp:attachment":[{"href":"https:\/\/libmod.de\/en\/wp-json\/wp\/v2\/media?parent=38529"}],"wp:term":[{"taxonomy":"category","embeddable":true,"href":"https:\/\/libmod.de\/en\/wp-json\/wp\/v2\/categories?post=38529"},{"taxonomy":"post_tag","embeddable":true,"href":"https:\/\/libmod.de\/en\/wp-json\/wp\/v2\/tags?post=38529"}],"curies":[{"name":"wp","href":"https:\/\/api.w.org\/{rel}","templated":true}]}}