{"id":39230,"date":"2020-09-08T22:55:22","date_gmt":"2020-09-08T20:55:22","guid":{"rendered":"http:\/\/libmod.de\/soviet-nostalgia-and-great-power-aspirations-copy\/"},"modified":"2022-10-11T17:17:34","modified_gmt":"2022-10-11T15:17:34","slug":"beck-fuecks-russia-and-the-germans-a-complicated-affair","status":"publish","type":"post","link":"https:\/\/libmod.de\/en\/beck-fuecks-russia-and-the-germans-a-complicated-affair\/","title":{"rendered":"Russia and the Germans \u2013 a&nbsp;compli\u00adcated&nbsp;affair"},"content":{"rendered":"<div class=\"wpb-content-wrapper\"><p>[vc_row][vc_column][vc_column_text]<\/p>\n<figure id=\"attachment_39234\" aria-describedby=\"caption-attachment-39234\" style=\"width: 1200px\" class=\"wp-caption alignleft\"><img class=\"wp-image-39234 size-full\" src=\"https:\/\/libmodredaktion.fra1.digitaloceanspaces.com\/wp-content\/uploads\/20240905144524\/Raising_a_flag_over_the_Reichstag_2_1200_500.jpg\" alt width=\"1200\" height=\"500\" srcset=\"https:\/\/libmodredaktion.fra1.digitaloceanspaces.com\/wp-content\/uploads\/20240905144524\/Raising_a_flag_over_the_Reichstag_2_1200_500.jpg 1200w, https:\/\/libmodredaktion.fra1.digitaloceanspaces.com\/wp-content\/uploads\/20240905144524\/Raising_a_flag_over_the_Reichstag_2_1200_500-770x321.jpg 770w, https:\/\/libmodredaktion.fra1.digitaloceanspaces.com\/wp-content\/uploads\/20240905144524\/Raising_a_flag_over_the_Reichstag_2_1200_500-768x320.jpg 768w\" sizes=\"(max-width: 1200px) 100vw, 1200px\"><figcaption id=\"caption-attachment-39234\" class=\"wp-caption-text\">Mil.ru \/\u200b CC BY (https:\/\/creativecommons.org\/licenses\/by\/4.0)<\/figcaption><\/figure>\n<p>[\/vc_column_text][\/vc_column][\/vc_row][vc_row css=\u201d.vc_custom_1508251598805{margin-top: 30px !important;}\u201d][vc_column width=\u201c2\/3\u201d css=\u201d.vc_custom_1508252250311{padding-right: 20px !important;}\u201d][vc_btn title=\u201c\u0427\u0438\u0442\u0430\u0435\u0442\u0435 \u044d\u0442\u0443 \u0441\u0442\u0430\u0442\u044c\u044e \u043d\u0430 \u0440\u0443\u0441\u0441\u043a\u043e\u043c\u201d color=\u201cvista-blue\u201d link=\u201curl:https%3A%2F%2Flibmod.de%2Fsuperillu-sonderheft-beitrag-ru%2F|||\u201d][vc_column_text]<\/p>\n<h3>In Germany, a&nbsp;majority favour closer ties with Russia despite new autho\u00adri\u00adanism under Putin, military aggression against Ukraine and bombing in Syria. Where does the desire for a&nbsp;special relationship with Russia come&nbsp;from?<\/h3>\n<p><!--more--><\/p>\n<p>Germany and Russia \u2013 theirs is a&nbsp;story rife with contra\u00addiction. A&nbsp;story with both light and dark, fasci\u00adnation and horror. In the official state and military histories, Russians and Germans appear in the role of allies and in that of bitter enemies. The tsars and the Prussians forged pacts parti\u00adtioning Poland and defeated Napoleon in the Battle of Nations at Leipzig. A&nbsp;century later, the Germans and the Russians faced off on opposite sides in World War I \u2013 a&nbsp;prelude to the life-and-death struggle that began with Hitler\u2019s invasion of the Soviet Union in June of 1941 and ended with the raising of the red flag over the Reichstag. The atroc\u00adities committed by the SS and the German Wehrmacht in that war of annihi\u00adlation continue to shock to this day. During the Siege of Leningrad alone, more than a&nbsp;million human beings&nbsp;died.<\/p>\n<p>By the time the Third Reich surren\u00addered, 27 million Soviet civilians and soldiers had lost their lives \u2013 Russians, Ukrainians, Belaru\u00adsians, Jews and other members of the multi\u00adethnic state. Nearly four million Wehrmacht soldiers fell on the Eastern Front or died in Soviet custody as prisoners of war. Millions of German families fled the eastern terri\u00adtories taken by the Red Army or were expelled from there after the war. Hundreds of thousands of women were raped by Red Army soldiers. While the USA was helping West Germany get back on its feet after the war with the Marshall Plan, East German indus\u00adtrial infra\u00adstructure was being dismantled and trans\u00adported to the Soviet Union as reparations.<\/p>\n<p>With all the horrors on both sides, it is something close to a&nbsp;miracle that the relationship between Germany and Russian has not been tainted by a&nbsp;lasting bitterness. In fact, quite the opposite is the case: there is a&nbsp;great deal of mutual liking and the desire for friendly cooper\u00adation. One repre\u00adsen\u00adtative survey from the spring of 2018 found that 58 percent of Germans were in favour of closer ties with Russia. This desire was partic\u00adu\u00adlarly strong among people who supported Alter\u00adnative for Germany (AfD) and The Left (<em>die Linke<\/em>) and in East Germany.<a href=\"#_edn1\" name=\"_ednref1\">[i]<\/a> Another survey from November of 2019 found that 66 percent of Germans would like closer cooper\u00adation with Russia. Only 39 percent considered relations with the USA to be more important than those with Moscow.<a href=\"#_edn2\" name=\"_ednref2\">[ii]<\/a><\/p>\n<p>The fact that Vladimir Putin has, bit by bit, constructed a&nbsp;new author\u00adi\u00adtarian regime has not dampened this desire, any more than Russia\u2019s military inter\u00advention in Ukraine has, or the annex\u00adation of Crimea or Russia\u2019s broth\u00aderhood in arms with the Syrian dictator Assad. Nor did the massive cyber\u00adattack on the German Bundestag or the murderous attacks on opponents of Putin in the United Kingdom or, more recently, in Berlin\u2019s Tiergarten give rise to any great swell of indig\u00adnation. Israel\u2019s anti-terror operation in the Gaza Strip and the war waged by the USA against Iraq drew loud calls for protest and demon\u00adstra\u00adtions \u2013 but the Russian bombing campaign in Syria and the shooting down of passenger flight MH-17 over Eastern Ukraine were accepted with a&nbsp;shrug. The desire to be on good terms with Russia has Germans gener\u00adously turning a&nbsp;blind eye to the Kremlin\u2019s human rights viola\u00adtions and aggressive great-power behaviour. What lies behind this complexity? An expla\u00adnation in five&nbsp;points:<\/p>\n<ol>\n<li>Fear: After the horrors of World War II, the single greatest fear of a&nbsp;vast majority of Germans is that of a&nbsp;return to war with Russia. We seek to avoid, at all costs, becoming entangled in conflicts that might lead to an armed confrontation. Knowing this, the Kremlin feels no hesitation about using military force as an instrument of foreign policy, whether in the Ukraine or in&nbsp;Syria.<\/li>\n<li>Guilt: While some like to point to the \u201cAnglo-American bombing terror\u201d as offsetting Germany\u2019s own misdeeds, many Germans still feel themselves to owe a&nbsp;historical debt of guilt when it comes to Russia. Often, the victims of the German war of annihi\u00adlation in Central and Eastern Europe are attributed to Russia alone. In fact, soldiers of many different nation\u00adal\u00adities fought in the Red Army, and, relative to population size, Poland, Belarus and Ukraine suffered the greatest destruction and the most deaths. Unlike Russia, though, those countries cannot count on the empathy of the German&nbsp;public.<\/li>\n<li>The myth of spiritual kinship: Tolstoy and Goethe, Beethoven and Tchaikovsky, Dosto\u00adevsky and Nietzsche, the Bolshoi and the balalaika \u2013 those who enthuse about German-Russian spiritual kinship are fond of pointing to liter\u00adature and music to make their case. For centuries, the educated classes of both countries compen\u00adsated for their political backwardness with homages to art and culture. Roman\u00adticism rather than modernity, spiritual depth rather than commerce, emotion rather than cold ratio\u00adnality \u2013 a&nbsp;mix of senti\u00admen\u00adtality and brutality sets both Russians and Germans apart from Western civil\u00adi\u00adsation. This tradition continues to exert a&nbsp;subliminal influence. In Russia, the old battle between liberals and anti-liberals continues unabated, and even in Germany, the \u201clong road West\u201d is by no means uncontested.<\/li>\n<li>Imperial tradition: Like Russia, the German Empire was a&nbsp;European Great Power. We should not fool ourselves into believing that this way of thinking has vanished entirely. In Russia, there are many who mourn the end of the Soviet empire; in Germany, there are many who still subscribe to the idea that European stability can only be based on an arrangement with Russia \u2013 if necessary, one in which the smaller Central and Eastern European states need have no say. In Polish, Baltic and Ukrainian ears, Schr\u00f6der\u2019s \u201cParis-Berlin-Moscow axis\u201d has a&nbsp;familiar ring, harkening back to Great-Power pacts that cost them&nbsp;dearly.<\/li>\n<li>Industry: A&nbsp;joint German-Russian economic area has been a&nbsp;fond dream of parts of the world of big business in Germany for over a&nbsp;century. Germany would supply the machines and quality indus\u00adtrial goods; Russia would secure the raw material base for German industry. The Nord Stream project is rooted in this tradition. Thinking on a&nbsp;grand scale, this is the idea of a&nbsp;Eurasian economic area stretching \u201cfrom Lisbon to Vladi\u00advostok\u201d, which is seen, and not just in Russia, as a&nbsp;project that would counter the transat\u00adlantic orien\u00adtation of&nbsp;Europe.<\/li>\n<\/ol>\n<p>To be completely clear: a&nbsp;strategic partnership with Russia is indeed desirable, for many reasons. However, such a&nbsp;partnership can only grow up out of common values and rules like those agreed in the Charter of Paris for a&nbsp;New Europe in 1990: democracy and human rights, the equal sover\u00adeignty of all European states, the renun\u00adci\u00adation of violence. As long as the Russian leadership continues to head in the opposite direction, we need a&nbsp;policy that, while charac\u00adterised by a&nbsp;willingness to cooperate, does not shy away from conflict when European values and interests are at stake. Putin is not Russia. The Russia worthy of our sympathy is the Russia of Andrei Sakharov, Anna Akhmatova and Lev Kopelev, the Russia of the murdered journalist Anna Politkovskaya and of Arseni Roginski, founder of the human rights organ\u00adi\u00adsation Memorial. Those who want Russia as a&nbsp;partner should support the many citizen\u2019s initia\u00adtives, critical minds and coura\u00adgeous journalists who are striving for a&nbsp;democ\u00adratic, European Russia. The time of change will&nbsp;come.<\/p>\n<hr>\n<p>Marieluise Beck was a&nbsp;member of the Bundestag for Alliance 90\/\u200bThe Greens for many years; Ralf F\u00fccks headed the Heinrich B\u00f6ll Foundation, which is affil\u00adiated with the Alliance 90\/\u200bThe Greens. In 2017, they co-founded the Centre for Liberal Modernity, a&nbsp;think tank that has no ties to any political party. Both have been active in Russia for many&nbsp;years.<\/p>\n<p>This article was origi\u00adnally written for a&nbsp;<a href=\"https:\/\/www.superillu.de\/magazin\/angebote\/sonderheft\/neues-superillu-magazin-ueber-russland-1264#&amp;gid=1&amp;pid=5\">special edition of the journal Super Illu<\/a>, devoted to Russia. You can read the <a href=\"https:\/\/russlandverstehen.libmod.de\/superillu-sonderheft-beitrag\/\">German version<\/a> on <a href=\"https:\/\/russlandverstehen.libmod.de\/\">\u201cRussland verstehen\u201d<\/a>, our new website devoted to&nbsp;Russia.<\/p>\n<p><a href=\"#_ednref1\" name=\"_edn1\">[i]<\/a> Survey by the polling company Civey, commis\u00adsioned by the German daily <em>Die Welt<\/em>, published 17 Mar.&nbsp;2018<\/p>\n<p><a href=\"#_ednref2\" name=\"_edn2\">[ii]<\/a> Survey commis\u00adsioned by the foundation K\u00f6ber-Stiftung, subject of a&nbsp;report at tagesschau.de on 26 Nov.&nbsp;2019<\/p>\n<p><img class=\"alignnone wp-image-23921 size-full\" src=\"http:\/\/libmodredaktion.fra1.digitaloceanspaces.com\/wp-content\/uploads\/20240905145906\/textende.png\" alt=\"Textende\" width=\"40\" height=\"120\">[\/vc_column_text][vc_separator][vc_column_text]Hat Ihnen unser Beitrag gefallen? Dann spenden Sie doch einfach und bequem \u00fcber unser Spendentool. Sie unter\u00adst\u00fctzen damit die publizis\u00adtische Arbeit von&nbsp;LibMod.<\/p>\n<p>[\/vc_column_text][vc_column_text]<script type=\"text\/javascript\">\n\t(function() {\n\t\tvar u=\"https:\/\/spenden.twingle.de\/embed\/genericorganisation\/genericproject\/tw5aeafe12eb6cb\/widget\";\n\t\tvar id = '_' + Math.random().toString(36).substr(2, 9);\n\t\tvar d=document, g=d.createElement('script'), s=d.getElementsByTagName('script')[0];\n\t\tdocument.write('<div id=\"twingle-public-embed-' + id + '\"><\/div>');\n\t\tg.type='text\/javascript'; g.async=true; g.defer=true; g.src=u+'\/'+id; s.parentNode.insertBefore(g,s);\n\t})();\n<\/script>[\/vc_column_text][vc_column_text]Wir sind als gemein\u00adn\u00fctzig anerkannt, entsprechend sind Spenden steuerlich absetzbar. F\u00fcr eine Spendenbescheinigung (n\u00f6tig bei einem Betrag \u00fcber 200 EUR), senden Sie Ihre Adress\u00addaten bitte an <a href=\"mailto:finanzen@libmod.de\">finanzen@libmod.de<\/a><\/p>\n<p>&nbsp;<\/p>\n<p>[\/vc_column_text][\/vc_column][vc_column width=\u201c1\/3\u201d el_class=\u201cdimmer\u201d][vc_empty_space height=\u201c130px\u201d][vc_column_text]<\/p>\n<h2>Verwandte Themen<\/h2>\n<p>[\/vc_column_text][vc_basic_grid post_type=\u201cpost\u201d max_items=\u201c3\u201d element_width=\u201c12\u201d item=\u201c24066\u201d grid_id=\u201cvc_gid:1602858013890-b3b6a070-9fc0\u20111\u201d css=\u201d.vc_custom_1510528604730{background-color: #ffffff !important;}\u201d taxonomies=\u201c48\u201d][vc_row_inner css=\u201d.vc_custom_1508164629489{margin-top: 30px !important;margin-right: 0px !important;margin-left: 0px !important;background-color: #03d0b6 !important;}\u201d][vc_column_inner][vc_column_text css=\u201d.vc_custom_1508167210959{margin-top: \u201115px !important;}\u201d]<\/p>\n<h2><span style=\"color: #ffffff;\">Newsletter bestellen<\/span><\/h2>\n<p>[\/vc_column_text][vc_column_text css=\u201d.vc_custom_1508166779270{margin-top: \u201110px !important;}\u201d]Mit dem LibMod-Newsletter erhalten Sie regelm\u00e4\u00dfig Neuigkeiten zu unseren Themen in Ihr&nbsp;Postfach.<\/p>\n<p><script>(function() {\n\twindow.mc4wp = window.mc4wp || {\n\t\tlisteners: [],\n\t\tforms: {\n\t\t\ton: function(evt, cb) {\n\t\t\t\twindow.mc4wp.listeners.push(\n\t\t\t\t\t{\n\t\t\t\t\t\tevent   : evt,\n\t\t\t\t\t\tcallback: cb\n\t\t\t\t\t}\n\t\t\t\t);\n\t\t\t}\n\t\t}\n\t}\n})();\n<\/script><!-- Mailchimp for WordPress v4.12.2 - https:\/\/wordpress.org\/plugins\/mailchimp-for-wp\/ --><\/p><form id=\"mc4wp-form-1\" class=\"mc4wp-form mc4wp-form-24179 mc4wp-form-styles-builder mc4wp-ajax\" method=\"post\" data-id=\"24179\" data-name=\"LibMod Newsletter\"><div class=\"mc4wp-form-fields\"><p>\n    <label>Anrede\u2002 \u2002\u2003<\/label>\n    <select name=\"ANREDE\" required>\n        <option value=\"Frau\" selected=\"true\">Frau<\/option>\n        <option value=\"Herr\">Herr<\/option>\n        <option value=\"X\">X<\/option>\n    <\/select>\n<\/p>\n<p>\n    <label>Insti\u00adtution\u2003<\/label>\n    <input name=\"MMERGE3\" type=\"text\">\n<\/p>\n<p>\n    <label>Nachname \u2002<\/label>\n    <input name=\"MMERGE2\" required type=\"text\">\n<\/p>\n<p>\n    <label>Vorname\u2002 \u2003<\/label>\n    <input name=\"MMERGE1\" required type=\"text\">\n<\/p>\n<p>\n    <label>Kategorie\u2002\u2003<\/label>\n    <select name=\"KATEGORIE\" required>\n        <option value=\"Newsletter\" selected=\"true\">Newsletter<\/option>\n    <\/select>\n<\/p>\n<p><input type=\"email\" name=\"EMAIL\" placeholder=\"Ihre Mail-Addresse\" required>\n<\/p><p>Mit unseren <span style=\"color: #000000;\"><a style=\"color: #000000;\" href=\"https:\/\/libmod.de\/datenschutzerklaerung\/\" target=\"_blank\" rel=\"noopener\">Daten\u00adschutzbes\u00adtim\u00admungen<\/a><\/span> <br>erkl\u00e4ren Sie sich einverstanden.<br><br>\n<input type=\"submit\" value=\"Absenden\"><br><\/p><\/div><label style=\"display: none !important;\">Leave this field empty if you\u2019re&nbsp;human:&nbsp;<input type=\"text\" name=\"_mc4wp_honeypot\" value tabindex=\"-1\" autocomplete=\"off\"><\/label><input type=\"hidden\" name=\"_mc4wp_timestamp\" value=\"1777101336\"><input type=\"hidden\" name=\"_mc4wp_form_id\" value=\"24179\"><input type=\"hidden\" name=\"_mc4wp_form_element_id\" value=\"mc4wp-form-1\"><div class=\"mc4wp-response\"><\/div><\/form><!-- \/ Mailchimp for WordPress Plugin -->[\/vc_column_text][\/vc_column_inner][\/vc_row_inner][\/vc_column][\/vc_row]\n<\/div>","protected":false},"excerpt":{"rendered":"<p>[vc_row][vc_column][vc_column_text] [\/vc_column_text][\/vc_column][\/vc_row][vc_row css=\u201d.vc_custom_1508251598805{margin-top: 30px !important;}\u201d][vc_column width=\u201c2\/3\u201d css=\u201d.vc_custom_1508252250311{padding-right: 20px !important;}\u201d][vc_btn title=\u201c\u0427\u0438\u0442\u0430\u0435\u0442\u0435 \u044d\u0442\u0443 \u0441\u0442\u0430\u0442\u044c\u044e \u043d\u0430 \u0440\u0443\u0441\u0441\u043a\u043e\u043c\u201d color=\u201cvista-blue\u201d link=\u201curl:https%3A%2F%2Flibmod.de%2Fsuperillu-sonderheft-beitrag-ru%2F|||\u201d][vc_column_text] In Germany, a&nbsp;majority favour closer ties with Russia despite new autho\u00adri\u00adanism under Putin,&nbsp;military...<\/p>\n","protected":false},"author":115,"featured_media":39236,"comment_status":"closed","ping_status":"closed","sticky":false,"template":"","format":"standard","meta":{"_acf_changed":false,"wp_typography_post_enhancements_disabled":false,"mc4wp_mailchimp_campaign":[],"footnotes":""},"categories":[2809],"tags":[2987,11704,14967,2997,14207,11705,2879,14206],"class_list":["post-39230","post","type-post","status-publish","format-standard","has-post-thumbnail","category-analysis","tag-current","tag-europes-east","tag-expert-network-russia","tag-germany","tag-history","tag-putin-en","tag-russia","tag-world-war-ii"],"acf":[],"yoast_head":"<!-- This site is optimized with the Yoast SEO Premium plugin v27.4 (Yoast SEO v27.4) - https:\/\/yoast.com\/product\/yoast-seo-premium-wordpress\/ -->\n<title>Russia and the Germans \u2013 a complicated affair<\/title>\n<meta name=\"description\" content=\"In Germany, a majority favour closer ties with Russia despite new authorianism under Putin, military aggression against Ukraine and bombing in Syria. Where does this come from?\" \/>\n<meta name=\"robots\" content=\"index, follow, max-snippet:-1, max-image-preview:large, max-video-preview:-1\" \/>\n<link rel=\"canonical\" href=\"https:\/\/libmod.de\/en\/beck-fuecks-russia-and-the-germans-a-complicated-affair\/\" \/>\n<meta property=\"og:locale\" content=\"en_US\" \/>\n<meta property=\"og:type\" content=\"article\" \/>\n<meta property=\"og:title\" content=\"Russia and the Germans \u2013 a complicated affair\" \/>\n<meta property=\"og:description\" content=\"In Germany, a majority favour closer ties with Russia despite new authorianism under Putin, military aggression against Ukraine and bombing in Syria. Where does this come from?\" \/>\n<meta property=\"og:url\" content=\"https:\/\/libmod.de\/en\/beck-fuecks-russia-and-the-germans-a-complicated-affair\/\" \/>\n<meta property=\"og:site_name\" content=\"libmod.de - Zentrum Liberale Moderne\" \/>\n<meta property=\"article:publisher\" content=\"https:\/\/www.facebook.com\/LiberaleModerne\/\" \/>\n<meta property=\"article:published_time\" content=\"2020-09-08T20:55:22+00:00\" \/>\n<meta property=\"article:modified_time\" content=\"2022-10-11T15:17:34+00:00\" \/>\n<meta property=\"og:image\" content=\"https:\/\/libmod.de\/wp-content\/uploads\/Raising_a_flag_over_the_Reichstag_2_1200_800.jpg\" \/>\n\t<meta property=\"og:image:width\" content=\"1200\" \/>\n\t<meta property=\"og:image:height\" content=\"800\" \/>\n\t<meta property=\"og:image:type\" content=\"image\/jpeg\" \/>\n<meta name=\"author\" content=\"Ralf F\u00fccks, Marieluise Beck\" \/>\n<meta name=\"twitter:card\" content=\"summary_large_image\" \/>\n<meta name=\"twitter:title\" content=\"Russia and the Germans \u2013 a complicated affair\" \/>\n<meta name=\"twitter:description\" content=\"In Germany, a majority favour closer ties with Russia despite new authorianism under Putin, military aggression against Ukraine and bombing in Syria. Where does this come from?\" \/>\n<meta name=\"twitter:creator\" content=\"@liberalemoderne\" \/>\n<meta name=\"twitter:site\" content=\"@liberalemoderne\" \/>\n<meta name=\"twitter:label1\" content=\"Written by\" \/>\n\t<meta name=\"twitter:data1\" content=\"Ralf F\u00fccks, Marieluise Beck\" \/>\n\t<meta name=\"twitter:label2\" content=\"Est. reading time\" \/>\n\t<meta name=\"twitter:data2\" content=\"9 minutes\" \/>\n<script type=\"application\/ld+json\" class=\"yoast-schema-graph\">{\"@context\":\"https:\\\/\\\/schema.org\",\"@graph\":[{\"@type\":\"Article\",\"@id\":\"https:\\\/\\\/libmod.de\\\/en\\\/beck-fuecks-russia-and-the-germans-a-complicated-affair\\\/#article\",\"isPartOf\":{\"@id\":\"https:\\\/\\\/libmod.de\\\/en\\\/beck-fuecks-russia-and-the-germans-a-complicated-affair\\\/\"},\"author\":{\"name\":\"Ralf F\u00fccks, Marieluise Beck\",\"@id\":\"https:\\\/\\\/libmod.de\\\/#\\\/schema\\\/person\\\/cf451a7b6d2322afeb29f1393254a1a7\"},\"headline\":\"Russia and the Germans \u2013 a&nbsp;compli\u00adcated&nbsp;affair\",\"datePublished\":\"2020-09-08T20:55:22+00:00\",\"dateModified\":\"2022-10-11T15:17:34+00:00\",\"mainEntityOfPage\":{\"@id\":\"https:\\\/\\\/libmod.de\\\/en\\\/beck-fuecks-russia-and-the-germans-a-complicated-affair\\\/\"},\"wordCount\":1639,\"publisher\":{\"@id\":\"https:\\\/\\\/libmod.de\\\/#organization\"},\"image\":{\"@id\":\"https:\\\/\\\/libmod.de\\\/en\\\/beck-fuecks-russia-and-the-germans-a-complicated-affair\\\/#primaryimage\"},\"thumbnailUrl\":\"https:\\\/\\\/libmodredaktion.fra1.digitaloceanspaces.com\\\/wp-content\\\/uploads\\\/20240905144523\\\/Raising_a_flag_over_the_Reichstag_2_1200_800.jpg\",\"keywords\":[\"current\",\"Europe\u2019s East\",\"Expert Network Russia\",\"Germany\",\"History\",\"Putin\",\"Russia\",\"World War II\"],\"articleSection\":[\"Analysis\u2003\"],\"inLanguage\":\"en-US\"},{\"@type\":\"WebPage\",\"@id\":\"https:\\\/\\\/libmod.de\\\/en\\\/beck-fuecks-russia-and-the-germans-a-complicated-affair\\\/\",\"url\":\"https:\\\/\\\/libmod.de\\\/en\\\/beck-fuecks-russia-and-the-germans-a-complicated-affair\\\/\",\"name\":\"Russia and the Germans \u2013 a complicated affair\",\"isPartOf\":{\"@id\":\"https:\\\/\\\/libmod.de\\\/#website\"},\"primaryImageOfPage\":{\"@id\":\"https:\\\/\\\/libmod.de\\\/en\\\/beck-fuecks-russia-and-the-germans-a-complicated-affair\\\/#primaryimage\"},\"image\":{\"@id\":\"https:\\\/\\\/libmod.de\\\/en\\\/beck-fuecks-russia-and-the-germans-a-complicated-affair\\\/#primaryimage\"},\"thumbnailUrl\":\"https:\\\/\\\/libmodredaktion.fra1.digitaloceanspaces.com\\\/wp-content\\\/uploads\\\/20240905144523\\\/Raising_a_flag_over_the_Reichstag_2_1200_800.jpg\",\"datePublished\":\"2020-09-08T20:55:22+00:00\",\"dateModified\":\"2022-10-11T15:17:34+00:00\",\"description\":\"In Germany, a majority favour closer ties with Russia despite new authorianism under Putin, military aggression against Ukraine and bombing in Syria. Where does this come from?\",\"breadcrumb\":{\"@id\":\"https:\\\/\\\/libmod.de\\\/en\\\/beck-fuecks-russia-and-the-germans-a-complicated-affair\\\/#breadcrumb\"},\"inLanguage\":\"en-US\",\"potentialAction\":[{\"@type\":\"ReadAction\",\"target\":[\"https:\\\/\\\/libmod.de\\\/en\\\/beck-fuecks-russia-and-the-germans-a-complicated-affair\\\/\"]}]},{\"@type\":\"ImageObject\",\"inLanguage\":\"en-US\",\"@id\":\"https:\\\/\\\/libmod.de\\\/en\\\/beck-fuecks-russia-and-the-germans-a-complicated-affair\\\/#primaryimage\",\"url\":\"https:\\\/\\\/libmodredaktion.fra1.digitaloceanspaces.com\\\/wp-content\\\/uploads\\\/20240905144523\\\/Raising_a_flag_over_the_Reichstag_2_1200_800.jpg\",\"contentUrl\":\"https:\\\/\\\/libmodredaktion.fra1.digitaloceanspaces.com\\\/wp-content\\\/uploads\\\/20240905144523\\\/Raising_a_flag_over_the_Reichstag_2_1200_800.jpg\",\"width\":1200,\"height\":800,\"caption\":\"Mil.ru \\\/ CC BY (https:\\\/\\\/creativecommons.org\\\/licenses\\\/by\\\/4.0)\"},{\"@type\":\"BreadcrumbList\",\"@id\":\"https:\\\/\\\/libmod.de\\\/en\\\/beck-fuecks-russia-and-the-germans-a-complicated-affair\\\/#breadcrumb\",\"itemListElement\":[{\"@type\":\"ListItem\",\"position\":1,\"name\":\"Startseite\",\"item\":\"https:\\\/\\\/libmod.de\\\/en\\\/\"},{\"@type\":\"ListItem\",\"position\":2,\"name\":\"Russia and the Germans \u2013 a complicated affair\"}]},{\"@type\":\"WebSite\",\"@id\":\"https:\\\/\\\/libmod.de\\\/#website\",\"url\":\"https:\\\/\\\/libmod.de\\\/\",\"name\":\"libmod.de - Zentrum Liberale Moderne\",\"description\":\"Think Tank f\u00fcr Politik in Berlin\",\"publisher\":{\"@id\":\"https:\\\/\\\/libmod.de\\\/#organization\"},\"potentialAction\":[{\"@type\":\"SearchAction\",\"target\":{\"@type\":\"EntryPoint\",\"urlTemplate\":\"https:\\\/\\\/libmod.de\\\/?s={search_term_string}\"},\"query-input\":{\"@type\":\"PropertyValueSpecification\",\"valueRequired\":true,\"valueName\":\"search_term_string\"}}],\"inLanguage\":\"en-US\"},{\"@type\":\"Organization\",\"@id\":\"https:\\\/\\\/libmod.de\\\/#organization\",\"name\":\"Zentrum Liberale Moderne\",\"url\":\"https:\\\/\\\/libmod.de\\\/\",\"logo\":{\"@type\":\"ImageObject\",\"inLanguage\":\"en-US\",\"@id\":\"https:\\\/\\\/libmod.de\\\/#\\\/schema\\\/logo\\\/image\\\/\",\"url\":\"https:\\\/\\\/libmodredaktion.fra1.digitaloceanspaces.com\\\/wp-content\\\/uploads\\\/20240905145818\\\/LibMod_Logo_XL.jpg\",\"contentUrl\":\"https:\\\/\\\/libmodredaktion.fra1.digitaloceanspaces.com\\\/wp-content\\\/uploads\\\/20240905145818\\\/LibMod_Logo_XL.jpg\",\"width\":1439,\"height\":615,\"caption\":\"Zentrum Liberale Moderne\"},\"image\":{\"@id\":\"https:\\\/\\\/libmod.de\\\/#\\\/schema\\\/logo\\\/image\\\/\"},\"sameAs\":[\"https:\\\/\\\/www.facebook.com\\\/LiberaleModerne\\\/\",\"https:\\\/\\\/x.com\\\/liberalemoderne\",\"https:\\\/\\\/www.youtube.com\\\/channel\\\/UC4Yl_V4pm1LwryD04ky54SA\",\"https:\\\/\\\/www.instagram.com\\\/libmod\\\/\",\"https:\\\/\\\/bsky.app\\\/profile\\\/libmod.de\"],\"description\":\"Das Zentrum Liberale Moderne ist ein politischer Think Tank und eine Debattenplattform. LibMod steht f\u00fcr die Verteidigung und Erneuerung der liberalen Demokratie, f\u00fcr den Aufbruch in die \u00f6kologische Moderne und f\u00fcr eine fundierte Osteuropa-Expertise.\"},{\"@type\":\"Person\",\"@id\":\"https:\\\/\\\/libmod.de\\\/#\\\/schema\\\/person\\\/cf451a7b6d2322afeb29f1393254a1a7\",\"name\":\"Ralf F\u00fccks, Marieluise Beck\",\"image\":{\"@type\":\"ImageObject\",\"inLanguage\":\"en-US\",\"@id\":\"https:\\\/\\\/libmodredaktion.fra1.digitaloceanspaces.com\\\/wp-content\\\/uploads\\\/20240905144744\\\/FuecksBeck-150x150.jpg\",\"url\":\"https:\\\/\\\/libmodredaktion.fra1.digitaloceanspaces.com\\\/wp-content\\\/uploads\\\/20240905144744\\\/FuecksBeck-150x150.jpg\",\"contentUrl\":\"https:\\\/\\\/libmodredaktion.fra1.digitaloceanspaces.com\\\/wp-content\\\/uploads\\\/20240905144744\\\/FuecksBeck-150x150.jpg\",\"caption\":\"Ralf F\u00fccks, Marieluise Beck\"},\"url\":\"https:\\\/\\\/libmod.de\\\/en\\\/author\\\/fuecks_beck\\\/\"}]}<\/script>\n<!-- \/ Yoast SEO Premium plugin. -->","yoast_head_json":{"title":"Russia and the Germans \u2013 a complicated affair","description":"In Germany, a majority favour closer ties with Russia despite new authorianism under Putin, military aggression against Ukraine and bombing in Syria. Where does this come from?","robots":{"index":"index","follow":"follow","max-snippet":"max-snippet:-1","max-image-preview":"max-image-preview:large","max-video-preview":"max-video-preview:-1"},"canonical":"https:\/\/libmod.de\/en\/beck-fuecks-russia-and-the-germans-a-complicated-affair\/","og_locale":"en_US","og_type":"article","og_title":"Russia and the Germans \u2013 a complicated affair","og_description":"In Germany, a majority favour closer ties with Russia despite new authorianism under Putin, military aggression against Ukraine and bombing in Syria. Where does this come from?","og_url":"https:\/\/libmod.de\/en\/beck-fuecks-russia-and-the-germans-a-complicated-affair\/","og_site_name":"libmod.de - Zentrum Liberale Moderne","article_publisher":"https:\/\/www.facebook.com\/LiberaleModerne\/","article_published_time":"2020-09-08T20:55:22+00:00","article_modified_time":"2022-10-11T15:17:34+00:00","og_image":[{"width":1200,"height":800,"url":"https:\/\/libmod.de\/wp-content\/uploads\/Raising_a_flag_over_the_Reichstag_2_1200_800.jpg","type":"image\/jpeg"}],"author":"Ralf F\u00fccks, Marieluise Beck","twitter_card":"summary_large_image","twitter_title":"Russia and the Germans \u2013 a complicated affair","twitter_description":"In Germany, a majority favour closer ties with Russia despite new authorianism under Putin, military aggression against Ukraine and bombing in Syria. Where does this come from?","twitter_creator":"@liberalemoderne","twitter_site":"@liberalemoderne","twitter_misc":{"Written by":"Ralf F\u00fccks, Marieluise Beck","Est. reading time":"9 minutes"},"schema":{"@context":"https:\/\/schema.org","@graph":[{"@type":"Article","@id":"https:\/\/libmod.de\/en\/beck-fuecks-russia-and-the-germans-a-complicated-affair\/#article","isPartOf":{"@id":"https:\/\/libmod.de\/en\/beck-fuecks-russia-and-the-germans-a-complicated-affair\/"},"author":{"name":"Ralf F\u00fccks, Marieluise Beck","@id":"https:\/\/libmod.de\/#\/schema\/person\/cf451a7b6d2322afeb29f1393254a1a7"},"headline":"Russia and the Germans \u2013 a&nbsp;compli\u00adcated&nbsp;affair","datePublished":"2020-09-08T20:55:22+00:00","dateModified":"2022-10-11T15:17:34+00:00","mainEntityOfPage":{"@id":"https:\/\/libmod.de\/en\/beck-fuecks-russia-and-the-germans-a-complicated-affair\/"},"wordCount":1639,"publisher":{"@id":"https:\/\/libmod.de\/#organization"},"image":{"@id":"https:\/\/libmod.de\/en\/beck-fuecks-russia-and-the-germans-a-complicated-affair\/#primaryimage"},"thumbnailUrl":"https:\/\/libmodredaktion.fra1.digitaloceanspaces.com\/wp-content\/uploads\/20240905144523\/Raising_a_flag_over_the_Reichstag_2_1200_800.jpg","keywords":["current","Europe\u2019s East","Expert Network Russia","Germany","History","Putin","Russia","World War II"],"articleSection":["Analysis\u2003"],"inLanguage":"en-US"},{"@type":"WebPage","@id":"https:\/\/libmod.de\/en\/beck-fuecks-russia-and-the-germans-a-complicated-affair\/","url":"https:\/\/libmod.de\/en\/beck-fuecks-russia-and-the-germans-a-complicated-affair\/","name":"Russia and the Germans \u2013 a complicated affair","isPartOf":{"@id":"https:\/\/libmod.de\/#website"},"primaryImageOfPage":{"@id":"https:\/\/libmod.de\/en\/beck-fuecks-russia-and-the-germans-a-complicated-affair\/#primaryimage"},"image":{"@id":"https:\/\/libmod.de\/en\/beck-fuecks-russia-and-the-germans-a-complicated-affair\/#primaryimage"},"thumbnailUrl":"https:\/\/libmodredaktion.fra1.digitaloceanspaces.com\/wp-content\/uploads\/20240905144523\/Raising_a_flag_over_the_Reichstag_2_1200_800.jpg","datePublished":"2020-09-08T20:55:22+00:00","dateModified":"2022-10-11T15:17:34+00:00","description":"In Germany, a majority favour closer ties with Russia despite new authorianism under Putin, military aggression against Ukraine and bombing in Syria. Where does this come from?","breadcrumb":{"@id":"https:\/\/libmod.de\/en\/beck-fuecks-russia-and-the-germans-a-complicated-affair\/#breadcrumb"},"inLanguage":"en-US","potentialAction":[{"@type":"ReadAction","target":["https:\/\/libmod.de\/en\/beck-fuecks-russia-and-the-germans-a-complicated-affair\/"]}]},{"@type":"ImageObject","inLanguage":"en-US","@id":"https:\/\/libmod.de\/en\/beck-fuecks-russia-and-the-germans-a-complicated-affair\/#primaryimage","url":"https:\/\/libmodredaktion.fra1.digitaloceanspaces.com\/wp-content\/uploads\/20240905144523\/Raising_a_flag_over_the_Reichstag_2_1200_800.jpg","contentUrl":"https:\/\/libmodredaktion.fra1.digitaloceanspaces.com\/wp-content\/uploads\/20240905144523\/Raising_a_flag_over_the_Reichstag_2_1200_800.jpg","width":1200,"height":800,"caption":"Mil.ru \/ CC BY (https:\/\/creativecommons.org\/licenses\/by\/4.0)"},{"@type":"BreadcrumbList","@id":"https:\/\/libmod.de\/en\/beck-fuecks-russia-and-the-germans-a-complicated-affair\/#breadcrumb","itemListElement":[{"@type":"ListItem","position":1,"name":"Startseite","item":"https:\/\/libmod.de\/en\/"},{"@type":"ListItem","position":2,"name":"Russia and the Germans \u2013 a complicated affair"}]},{"@type":"WebSite","@id":"https:\/\/libmod.de\/#website","url":"https:\/\/libmod.de\/","name":"libmod.de - Zentrum Liberale Moderne","description":"Think Tank f\u00fcr Politik in Berlin","publisher":{"@id":"https:\/\/libmod.de\/#organization"},"potentialAction":[{"@type":"SearchAction","target":{"@type":"EntryPoint","urlTemplate":"https:\/\/libmod.de\/?s={search_term_string}"},"query-input":{"@type":"PropertyValueSpecification","valueRequired":true,"valueName":"search_term_string"}}],"inLanguage":"en-US"},{"@type":"Organization","@id":"https:\/\/libmod.de\/#organization","name":"Zentrum Liberale Moderne","url":"https:\/\/libmod.de\/","logo":{"@type":"ImageObject","inLanguage":"en-US","@id":"https:\/\/libmod.de\/#\/schema\/logo\/image\/","url":"https:\/\/libmodredaktion.fra1.digitaloceanspaces.com\/wp-content\/uploads\/20240905145818\/LibMod_Logo_XL.jpg","contentUrl":"https:\/\/libmodredaktion.fra1.digitaloceanspaces.com\/wp-content\/uploads\/20240905145818\/LibMod_Logo_XL.jpg","width":1439,"height":615,"caption":"Zentrum Liberale Moderne"},"image":{"@id":"https:\/\/libmod.de\/#\/schema\/logo\/image\/"},"sameAs":["https:\/\/www.facebook.com\/LiberaleModerne\/","https:\/\/x.com\/liberalemoderne","https:\/\/www.youtube.com\/channel\/UC4Yl_V4pm1LwryD04ky54SA","https:\/\/www.instagram.com\/libmod\/","https:\/\/bsky.app\/profile\/libmod.de"],"description":"Das Zentrum Liberale Moderne ist ein politischer Think Tank und eine Debattenplattform. LibMod steht f\u00fcr die Verteidigung und Erneuerung der liberalen Demokratie, f\u00fcr den Aufbruch in die \u00f6kologische Moderne und f\u00fcr eine fundierte Osteuropa-Expertise."},{"@type":"Person","@id":"https:\/\/libmod.de\/#\/schema\/person\/cf451a7b6d2322afeb29f1393254a1a7","name":"Ralf F\u00fccks, Marieluise Beck","image":{"@type":"ImageObject","inLanguage":"en-US","@id":"https:\/\/libmodredaktion.fra1.digitaloceanspaces.com\/wp-content\/uploads\/20240905144744\/FuecksBeck-150x150.jpg","url":"https:\/\/libmodredaktion.fra1.digitaloceanspaces.com\/wp-content\/uploads\/20240905144744\/FuecksBeck-150x150.jpg","contentUrl":"https:\/\/libmodredaktion.fra1.digitaloceanspaces.com\/wp-content\/uploads\/20240905144744\/FuecksBeck-150x150.jpg","caption":"Ralf F\u00fccks, Marieluise Beck"},"url":"https:\/\/libmod.de\/en\/author\/fuecks_beck\/"}]}},"menu_order":620,"_links":{"self":[{"href":"https:\/\/libmod.de\/en\/wp-json\/wp\/v2\/posts\/39230","targetHints":{"allow":["GET"]}}],"collection":[{"href":"https:\/\/libmod.de\/en\/wp-json\/wp\/v2\/posts"}],"about":[{"href":"https:\/\/libmod.de\/en\/wp-json\/wp\/v2\/types\/post"}],"author":[{"embeddable":true,"href":"https:\/\/libmod.de\/en\/wp-json\/wp\/v2\/users\/115"}],"replies":[{"embeddable":true,"href":"https:\/\/libmod.de\/en\/wp-json\/wp\/v2\/comments?post=39230"}],"version-history":[{"count":10,"href":"https:\/\/libmod.de\/en\/wp-json\/wp\/v2\/posts\/39230\/revisions"}],"predecessor-version":[{"id":39838,"href":"https:\/\/libmod.de\/en\/wp-json\/wp\/v2\/posts\/39230\/revisions\/39838"}],"wp:featuredmedia":[{"embeddable":true,"href":"https:\/\/libmod.de\/en\/wp-json\/wp\/v2\/media\/39236"}],"wp:attachment":[{"href":"https:\/\/libmod.de\/en\/wp-json\/wp\/v2\/media?parent=39230"}],"wp:term":[{"taxonomy":"category","embeddable":true,"href":"https:\/\/libmod.de\/en\/wp-json\/wp\/v2\/categories?post=39230"},{"taxonomy":"post_tag","embeddable":true,"href":"https:\/\/libmod.de\/en\/wp-json\/wp\/v2\/tags?post=39230"}],"curies":[{"name":"wp","href":"https:\/\/api.w.org\/{rel}","templated":true}]}}