{"id":39754,"date":"2020-10-09T11:07:45","date_gmt":"2020-10-09T09:07:45","guid":{"rendered":"http:\/\/libmod.de\/online-diskussion-sicherheit-im-wandel-mit-anthony-giddens-copy\/"},"modified":"2020-12-22T14:28:11","modified_gmt":"2020-12-22T13:28:11","slug":"online-conversation-rethinking-liberalism","status":"publish","type":"post","link":"https:\/\/libmod.de\/en\/online-conversation-rethinking-liberalism\/","title":{"rendered":"Online Conver\u00adsation: Rethinking Liber\u00adalism \u2014 What went wrong with Liber\u00adalism and what to do about&nbsp;it?"},"content":{"rendered":"<div class=\"wpb-content-wrapper\"><p>[vc_row][vc_column][vc_column_text]<img class=\"alignnone wp-image-33586 size-full\" src=\"https:\/\/libmodredaktion.fra1.digitaloceanspaces.com\/wp-content\/uploads\/20240905145140\/LibMod_Freiheitsstatue_kl.jpg\" alt width=\"1200\" height=\"499\" srcset=\"https:\/\/libmodredaktion.fra1.digitaloceanspaces.com\/wp-content\/uploads\/20240905145140\/LibMod_Freiheitsstatue_kl.jpg 1200w, https:\/\/libmodredaktion.fra1.digitaloceanspaces.com\/wp-content\/uploads\/20240905145140\/LibMod_Freiheitsstatue_kl-770x320.jpg 770w, https:\/\/libmodredaktion.fra1.digitaloceanspaces.com\/wp-content\/uploads\/20240905145140\/LibMod_Freiheitsstatue_kl-768x319.jpg 768w\" sizes=\"(max-width: 1200px) 100vw, 1200px\">[\/vc_column_text][\/vc_column][\/vc_row][vc_row css=\u201d.vc_custom_1508251598805{margin-top: 30px !important;}\u201d][vc_column width=\u201c2\/3\u201d css=\u201d.vc_custom_1508252250311{padding-right: 20px !important;}\u201d][vc_column_text]<strong>Wednesday October 14. 7&nbsp;pm\u20118.30&nbsp;pm \u2013 via&nbsp;Zoom<\/strong><\/p>\n<p><!--more--><\/p>\n<p>Liberal democracy is at risk.&nbsp;From within, populist parties and movements&nbsp;are challenging open societies&nbsp;by exploiting fear of global\u00adization, resent\u00adments against migrants and anger about social inequality. At the same time,&nbsp;author\u00adi\u00adtarian regimes&nbsp;are challenging the liberal order and actively undermine liberal democracies.<\/p>\n<p>Liber\u00adalism as a&nbsp;school of thought and&nbsp;policy orien\u00adtation has widely lost its attractive power. The times seem gone when Liberals have been a&nbsp;driving force for&nbsp;democracy, civil rights and a&nbsp;thriving economy. Today, Liber\u00adalism&nbsp;seems on the defense,&nbsp;widely&nbsp;associated with market radicalism and selfish interests of the rich and&nbsp;succesful.<\/p>\n<p>Yet you will&nbsp;find liberal&nbsp;minds&nbsp;in&nbsp;almost&nbsp;every&nbsp;democ\u00adratic party. And wherever people are standing up against author\u00adi\u00adtarian regimes \u2013 like now in Belarus -, liberal ideas are inspiring their call for freedom and dignity. Liber\u00adalism is&nbsp;far from dead, but clearly needs a&nbsp;profound renovation.<\/p>\n<p>&nbsp;<\/p>\n<p><strong>Ralf F\u00fccks (Center for Liberal Modernity)<\/strong> will discuss the question \u201cWhat went wrong with Liber\u00adalism and what to do about it?\u201d&nbsp;with<\/p>\n<ul>\n<li><strong>Goran Buldioski, Open Society Initiative for Europe (OSIFE), Open Society Foundations<\/strong><\/li>\n<li><strong>Tanja B\u00f6rzel, Free University Berlin and&nbsp;SCRIPTS<\/strong><\/li>\n<li><strong>Karen Horn, University of&nbsp;Erfurt&nbsp;<\/strong><\/li>\n<li><strong>Amichai Magen, IDC&nbsp;Herzliya<\/strong><\/li>\n<\/ul>\n<p><a href=\"https:\/\/forms.office.com\/Pages\/ResponsePage.aspx?id=UgDKnAL4k0itQTkwtBgiiUAysDsTR4RPjeGqGUReBeNUMVVPU0laU1NUSk5GT0I2VEtHWE0zSTEyTSQlQCN0PWcu\">Register here.<\/a><\/p>\n<p>Supported by<\/p>\n<p><img class=\"wp-image-39756 alignnone\" src=\"https:\/\/libmodredaktion.fra1.digitaloceanspaces.com\/wp-content\/uploads\/20240905144431\/Bild1.png\" alt width=\"307\" height=\"171\"><\/p>\n<p><img class=\"wp-image-23921 alignleft\" src=\"http:\/\/libmodredaktion.fra1.digitaloceanspaces.com\/wp-content\/uploads\/20240905145906\/textende.png\" alt=\"Textende\" width=\"37\" height=\"111\">[\/vc_column_text][vc_separator][vc_column_text]Hat Ihnen unser Beitrag gefallen? Dann spenden Sie doch einfach und bequem \u00fcber unser Spendentool. Sie unter\u00adst\u00fctzen damit die publizis\u00adtische Arbeit von&nbsp;LibMod.<\/p>\n<p>[\/vc_column_text][vc_column_text]<script type=\"text\/javascript\">\n\t(function() {\n\t\tvar u=\"https:\/\/spenden.twingle.de\/embed\/genericorganisation\/genericproject\/tw5aeafe12eb6cb\/widget\";\n\t\tvar id = '_' + Math.random().toString(36).substr(2, 9);\n\t\tvar d=document, g=d.createElement('script'), s=d.getElementsByTagName('script')[0];\n\t\tdocument.write('<div id=\"twingle-public-embed-' + id + '\"><\/div>');\n\t\tg.type='text\/javascript'; g.async=true; g.defer=true; g.src=u+'\/'+id; s.parentNode.insertBefore(g,s);\n\t})();\n<\/script>[\/vc_column_text][vc_column_text]Wir sind als gemein\u00adn\u00fctzig anerkannt, entsprechend sind Spenden steuerlich absetzbar. F\u00fcr eine Spendenbescheinigung (n\u00f6tig bei einem Betrag \u00fcber 200 EUR), senden Sie Ihre Adress\u00addaten bitte an <a href=\"mailto:finanzen@libmod.de\">finanzen@libmod.de<\/a><\/p>\n<p>&nbsp;<\/p>\n<p>[\/vc_column_text][\/vc_column][vc_column width=\u201c1\/3\u201d el_class=\u201cdimmer\u201d][vc_empty_space height=\u201c130px\u201d][vc_column_text]<\/p>\n<h2>Verwandte Themen<\/h2>\n<p>[\/vc_column_text][vc_basic_grid post_type=\u201cpost\u201d max_items=\u201c3\u201d element_width=\u201c12\u201d item=\u201c24066\u201d grid_id=\u201cvc_gid:1602501896977-abf1497a-194f\u20115\u201d css=\u201d.vc_custom_1508761799809{background-color: #ffffff !important;}\u201d taxonomies=\u201c50\u201d][vc_row_inner css=\u201d.vc_custom_1508164629489{margin-top: 30px !important;margin-right: 0px !important;margin-left: 0px !important;background-color: #03d0b6 !important;}\u201d][vc_column_inner][vc_column_text css=\u201d.vc_custom_1508167210959{margin-top: \u201115px !important;}\u201d]<\/p>\n<h2><span style=\"color: #ffffff;\">Newsletter bestellen<\/span><\/h2>\n<p>[\/vc_column_text][vc_column_text css=\u201d.vc_custom_1508166779270{margin-top: \u201110px !important;}\u201d]Mit dem LibMod-Newsletter erhalten Sie regelm\u00e4\u00dfig Neuigkeiten zu unseren Themen in Ihr&nbsp;Postfach.<\/p>\n<p><script>(function() {\n\twindow.mc4wp = window.mc4wp || {\n\t\tlisteners: [],\n\t\tforms: {\n\t\t\ton: function(evt, cb) {\n\t\t\t\twindow.mc4wp.listeners.push(\n\t\t\t\t\t{\n\t\t\t\t\t\tevent   : evt,\n\t\t\t\t\t\tcallback: cb\n\t\t\t\t\t}\n\t\t\t\t);\n\t\t\t}\n\t\t}\n\t}\n})();\n<\/script><!-- Mailchimp for WordPress v4.12.2 - https:\/\/wordpress.org\/plugins\/mailchimp-for-wp\/ --><\/p><form id=\"mc4wp-form-1\" class=\"mc4wp-form mc4wp-form-24179 mc4wp-form-styles-builder mc4wp-ajax\" method=\"post\" data-id=\"24179\" data-name=\"LibMod Newsletter\"><div class=\"mc4wp-form-fields\"><p>\n    <label>Anrede\u2002 \u2002\u2003<\/label>\n    <select name=\"ANREDE\" required>\n        <option value=\"Frau\" selected=\"true\">Frau<\/option>\n        <option value=\"Herr\">Herr<\/option>\n        <option value=\"X\">X<\/option>\n    <\/select>\n<\/p>\n<p>\n    <label>Insti\u00adtution\u2003<\/label>\n    <input name=\"MMERGE3\" type=\"text\">\n<\/p>\n<p>\n    <label>Nachname \u2002<\/label>\n    <input name=\"MMERGE2\" required type=\"text\">\n<\/p>\n<p>\n    <label>Vorname\u2002 \u2003<\/label>\n    <input name=\"MMERGE1\" required type=\"text\">\n<\/p>\n<p>\n    <label>Kategorie\u2002\u2003<\/label>\n    <select name=\"KATEGORIE\" required>\n        <option value=\"Newsletter\" selected=\"true\">Newsletter<\/option>\n    <\/select>\n<\/p>\n<p><input type=\"email\" name=\"EMAIL\" placeholder=\"Ihre Mail-Addresse\" required>\n<\/p><p>Mit unseren <span style=\"color: #000000;\"><a style=\"color: #000000;\" href=\"https:\/\/libmod.de\/datenschutzerklaerung\/\" target=\"_blank\" rel=\"noopener\">Daten\u00adschutzbes\u00adtim\u00admungen<\/a><\/span> <br>erkl\u00e4ren Sie sich einverstanden.<br><br>\n<input type=\"submit\" value=\"Absenden\"><br><\/p><\/div><label style=\"display: none !important;\">Leave this field empty if you\u2019re&nbsp;human:&nbsp;<input type=\"text\" name=\"_mc4wp_honeypot\" value tabindex=\"-1\" autocomplete=\"off\"><\/label><input type=\"hidden\" name=\"_mc4wp_timestamp\" value=\"1777720890\"><input type=\"hidden\" name=\"_mc4wp_form_id\" value=\"24179\"><input type=\"hidden\" name=\"_mc4wp_form_element_id\" value=\"mc4wp-form-1\"><div class=\"mc4wp-response\"><\/div><\/form><!-- \/ Mailchimp for WordPress Plugin -->[\/vc_column_text][\/vc_column_inner][\/vc_row_inner][\/vc_column][\/vc_row]\n<\/div>","protected":false},"excerpt":{"rendered":"<p>[vc_row][vc_column][vc_column_text][\/vc_column_text][\/vc_column][\/vc_row][vc_row css=\u201d.vc_custom_1508251598805{margin-top: 30px !important;}\u201d][vc_column width=\u201c2\/3\u201d css=\u201d.vc_custom_1508252250311{padding-right: 20px !important;}\u201d][vc_column_text]Wednesday October 14. 7&nbsp;pm\u20118.30&nbsp;pm \u2013 via&nbsp;Zoom<\/p>\n","protected":false},"author":10,"featured_media":39768,"comment_status":"closed","ping_status":"closed","sticky":false,"template":"","format":"standard","meta":{"_acf_changed":false,"wp_typography_post_enhancements_disabled":false,"mc4wp_mailchimp_campaign":[],"footnotes":""},"categories":[1894],"tags":[3105,2988,14601],"class_list":["post-39754","post","type-post","status-publish","format-standard","has-post-thumbnail","category-uncategorized","tag-liberal-democracy","tag-liberalism","tag-panel-discussion"],"acf":[],"yoast_head":"<!-- This site is optimized with the Yoast SEO Premium plugin v27.4 (Yoast SEO v27.5) - https:\/\/yoast.com\/product\/yoast-seo-premium-wordpress\/ -->\n<title>Online Conversation: Rethinking Liberalism - What went wrong with Liberalism and what to do about it? - libmod.de - Zentrum Liberale Moderne<\/title>\n<meta name=\"description\" content=\"Wednesday October 14. 7 pm-8.30 pm \u2013 via Zoom Liberal democracy is at risk.\u00a0From within, populist parties and movements\u00a0are challenging open societies\u00a0by\" \/>\n<meta name=\"robots\" content=\"index, follow, max-snippet:-1, max-image-preview:large, max-video-preview:-1\" \/>\n<link rel=\"canonical\" href=\"https:\/\/libmod.de\/en\/online-conversation-rethinking-liberalism\/\" \/>\n<meta property=\"og:locale\" content=\"en_US\" \/>\n<meta property=\"og:type\" content=\"article\" \/>\n<meta property=\"og:title\" content=\"Online Conversation: Rethinking Liberalism - What went wrong with Liberalism and what to do about it?\" \/>\n<meta property=\"og:description\" content=\"Wednesday October 14. 7 pm-8.30 pm \u2013 via Zoom Liberal democracy is at risk.\u00a0From within, populist parties and movements\u00a0are challenging open societies\u00a0by\" \/>\n<meta property=\"og:url\" content=\"https:\/\/libmod.de\/en\/online-conversation-rethinking-liberalism\/\" \/>\n<meta property=\"og:site_name\" content=\"libmod.de - Zentrum Liberale Moderne\" \/>\n<meta property=\"article:publisher\" content=\"https:\/\/www.facebook.com\/LiberaleModerne\/\" \/>\n<meta property=\"article:published_time\" content=\"2020-10-09T09:07:45+00:00\" \/>\n<meta property=\"article:modified_time\" content=\"2020-12-22T13:28:11+00:00\" \/>\n<meta property=\"og:image\" content=\"https:\/\/i2.wp.com\/libmod.de\/wp-content\/uploads\/Freiheitsstatue_1200_800.jpg?fit=1200%2C800&ssl=1\" \/>\n\t<meta property=\"og:image:width\" content=\"1200\" \/>\n\t<meta property=\"og:image:height\" content=\"800\" \/>\n\t<meta property=\"og:image:type\" content=\"image\/jpeg\" \/>\n<meta name=\"author\" content=\"\u200b\" \/>\n<meta name=\"twitter:card\" content=\"summary_large_image\" \/>\n<meta name=\"twitter:creator\" content=\"@liberalemoderne\" \/>\n<meta name=\"twitter:site\" content=\"@liberalemoderne\" \/>\n<meta name=\"twitter:label1\" content=\"Written by\" \/>\n\t<meta name=\"twitter:data1\" content=\"\u200b\" \/>\n\t<meta name=\"twitter:label2\" content=\"Est. reading time\" \/>\n\t<meta name=\"twitter:data2\" content=\"2 minutes\" \/>\n<script type=\"application\/ld+json\" class=\"yoast-schema-graph\">{\"@context\":\"https:\\\/\\\/schema.org\",\"@graph\":[{\"@type\":\"Article\",\"@id\":\"https:\\\/\\\/libmod.de\\\/en\\\/online-conversation-rethinking-liberalism\\\/#article\",\"isPartOf\":{\"@id\":\"https:\\\/\\\/libmod.de\\\/en\\\/online-conversation-rethinking-liberalism\\\/\"},\"author\":{\"name\":\"\u200b\",\"@id\":\"https:\\\/\\\/libmod.de\\\/#\\\/schema\\\/person\\\/1d9e50b59b21b878f81b8df9ba1a3a31\"},\"headline\":\"Online Conver\u00adsation: Rethinking Liber\u00adalism \u2014 What went wrong with Liber\u00adalism and what to do about&nbsp;it?\",\"datePublished\":\"2020-10-09T09:07:45+00:00\",\"dateModified\":\"2020-12-22T13:28:11+00:00\",\"mainEntityOfPage\":{\"@id\":\"https:\\\/\\\/libmod.de\\\/en\\\/online-conversation-rethinking-liberalism\\\/\"},\"wordCount\":464,\"publisher\":{\"@id\":\"https:\\\/\\\/libmod.de\\\/#organization\"},\"image\":{\"@id\":\"https:\\\/\\\/libmod.de\\\/en\\\/online-conversation-rethinking-liberalism\\\/#primaryimage\"},\"thumbnailUrl\":\"https:\\\/\\\/libmodredaktion.fra1.digitaloceanspaces.com\\\/wp-content\\\/uploads\\\/20240905144430\\\/Freiheitsstatue_1200_800.jpg\",\"keywords\":[\"Liberal Democracy\",\"liberalism\",\"Panel Discussion\"],\"articleSection\":[\"\u200c\"],\"inLanguage\":\"en-US\"},{\"@type\":\"WebPage\",\"@id\":\"https:\\\/\\\/libmod.de\\\/en\\\/online-conversation-rethinking-liberalism\\\/\",\"url\":\"https:\\\/\\\/libmod.de\\\/en\\\/online-conversation-rethinking-liberalism\\\/\",\"name\":\"Online Conversation: Rethinking Liberalism - What went wrong with Liberalism and what to do about it? - libmod.de - Zentrum Liberale Moderne\",\"isPartOf\":{\"@id\":\"https:\\\/\\\/libmod.de\\\/#website\"},\"primaryImageOfPage\":{\"@id\":\"https:\\\/\\\/libmod.de\\\/en\\\/online-conversation-rethinking-liberalism\\\/#primaryimage\"},\"image\":{\"@id\":\"https:\\\/\\\/libmod.de\\\/en\\\/online-conversation-rethinking-liberalism\\\/#primaryimage\"},\"thumbnailUrl\":\"https:\\\/\\\/libmodredaktion.fra1.digitaloceanspaces.com\\\/wp-content\\\/uploads\\\/20240905144430\\\/Freiheitsstatue_1200_800.jpg\",\"datePublished\":\"2020-10-09T09:07:45+00:00\",\"dateModified\":\"2020-12-22T13:28:11+00:00\",\"description\":\"Wednesday October 14. 7 pm-8.30 pm \u2013 via Zoom Liberal democracy is at risk.\u00a0From within, populist parties and movements\u00a0are challenging open societies\u00a0by\",\"breadcrumb\":{\"@id\":\"https:\\\/\\\/libmod.de\\\/en\\\/online-conversation-rethinking-liberalism\\\/#breadcrumb\"},\"inLanguage\":\"en-US\",\"potentialAction\":[{\"@type\":\"ReadAction\",\"target\":[\"https:\\\/\\\/libmod.de\\\/en\\\/online-conversation-rethinking-liberalism\\\/\"]}]},{\"@type\":\"ImageObject\",\"inLanguage\":\"en-US\",\"@id\":\"https:\\\/\\\/libmod.de\\\/en\\\/online-conversation-rethinking-liberalism\\\/#primaryimage\",\"url\":\"https:\\\/\\\/libmodredaktion.fra1.digitaloceanspaces.com\\\/wp-content\\\/uploads\\\/20240905144430\\\/Freiheitsstatue_1200_800.jpg\",\"contentUrl\":\"https:\\\/\\\/libmodredaktion.fra1.digitaloceanspaces.com\\\/wp-content\\\/uploads\\\/20240905144430\\\/Freiheitsstatue_1200_800.jpg\",\"width\":1200,\"height\":800},{\"@type\":\"BreadcrumbList\",\"@id\":\"https:\\\/\\\/libmod.de\\\/en\\\/online-conversation-rethinking-liberalism\\\/#breadcrumb\",\"itemListElement\":[{\"@type\":\"ListItem\",\"position\":1,\"name\":\"Startseite\",\"item\":\"https:\\\/\\\/libmod.de\\\/en\\\/\"},{\"@type\":\"ListItem\",\"position\":2,\"name\":\"Online Con\u00adver\u00adsa\u00adtion: Rethink\u00ading Lib\u00ader\u00adal\u00adism \u2014 What went wrong with Lib\u00ader\u00adal\u00adism and what to do about&nbsp;it?\"}]},{\"@type\":\"WebSite\",\"@id\":\"https:\\\/\\\/libmod.de\\\/#website\",\"url\":\"https:\\\/\\\/libmod.de\\\/\",\"name\":\"libmod.de - Zentrum Liberale Moderne\",\"description\":\"Think Tank f\u00fcr Politik in Berlin\",\"publisher\":{\"@id\":\"https:\\\/\\\/libmod.de\\\/#organization\"},\"potentialAction\":[{\"@type\":\"SearchAction\",\"target\":{\"@type\":\"EntryPoint\",\"urlTemplate\":\"https:\\\/\\\/libmod.de\\\/?s={search_term_string}\"},\"query-input\":{\"@type\":\"PropertyValueSpecification\",\"valueRequired\":true,\"valueName\":\"search_term_string\"}}],\"inLanguage\":\"en-US\"},{\"@type\":\"Organization\",\"@id\":\"https:\\\/\\\/libmod.de\\\/#organization\",\"name\":\"Zentrum Liberale Moderne\",\"url\":\"https:\\\/\\\/libmod.de\\\/\",\"logo\":{\"@type\":\"ImageObject\",\"inLanguage\":\"en-US\",\"@id\":\"https:\\\/\\\/libmod.de\\\/#\\\/schema\\\/logo\\\/image\\\/\",\"url\":\"https:\\\/\\\/libmodredaktion.fra1.digitaloceanspaces.com\\\/wp-content\\\/uploads\\\/20240905145818\\\/LibMod_Logo_XL.jpg\",\"contentUrl\":\"https:\\\/\\\/libmodredaktion.fra1.digitaloceanspaces.com\\\/wp-content\\\/uploads\\\/20240905145818\\\/LibMod_Logo_XL.jpg\",\"width\":1439,\"height\":615,\"caption\":\"Zentrum Liberale Moderne\"},\"image\":{\"@id\":\"https:\\\/\\\/libmod.de\\\/#\\\/schema\\\/logo\\\/image\\\/\"},\"sameAs\":[\"https:\\\/\\\/www.facebook.com\\\/LiberaleModerne\\\/\",\"https:\\\/\\\/x.com\\\/liberalemoderne\",\"https:\\\/\\\/www.youtube.com\\\/channel\\\/UC4Yl_V4pm1LwryD04ky54SA\",\"https:\\\/\\\/www.instagram.com\\\/libmod\\\/\",\"https:\\\/\\\/bsky.app\\\/profile\\\/libmod.de\"],\"description\":\"Das Zentrum Liberale Moderne ist ein politischer Think Tank und eine Debattenplattform. LibMod steht f\u00fcr die Verteidigung und Erneuerung der liberalen Demokratie, f\u00fcr den Aufbruch in die \u00f6kologische Moderne und f\u00fcr eine fundierte Osteuropa-Expertise.\"},{\"@type\":\"Person\",\"@id\":\"https:\\\/\\\/libmod.de\\\/#\\\/schema\\\/person\\\/1d9e50b59b21b878f81b8df9ba1a3a31\",\"name\":\"\u200b\",\"image\":{\"@type\":\"ImageObject\",\"inLanguage\":\"en-US\",\"@id\":\"https:\\\/\\\/libmodredaktion.fra1.digitaloceanspaces.com\\\/wp-content\\\/uploads\\\/20240905144807\\\/User-150x150.png\",\"url\":\"https:\\\/\\\/libmodredaktion.fra1.digitaloceanspaces.com\\\/wp-content\\\/uploads\\\/20240905144807\\\/User-150x150.png\",\"contentUrl\":\"https:\\\/\\\/libmodredaktion.fra1.digitaloceanspaces.com\\\/wp-content\\\/uploads\\\/20240905144807\\\/User-150x150.png\",\"caption\":\"\u200b\"},\"url\":\"https:\\\/\\\/libmod.de\\\/en\\\/author\\\/zlm_neutraler_autor\\\/\"}]}<\/script>\n<!-- \/ Yoast SEO Premium plugin. -->","yoast_head_json":{"title":"Online Conversation: Rethinking Liberalism - What went wrong with Liberalism and what to do about it? - libmod.de - Zentrum Liberale Moderne","description":"Wednesday October 14. 7 pm-8.30 pm \u2013 via Zoom Liberal democracy is at risk.\u00a0From within, populist parties and movements\u00a0are challenging open societies\u00a0by","robots":{"index":"index","follow":"follow","max-snippet":"max-snippet:-1","max-image-preview":"max-image-preview:large","max-video-preview":"max-video-preview:-1"},"canonical":"https:\/\/libmod.de\/en\/online-conversation-rethinking-liberalism\/","og_locale":"en_US","og_type":"article","og_title":"Online Conversation: Rethinking Liberalism - What went wrong with Liberalism and what to do about it?","og_description":"Wednesday October 14. 7 pm-8.30 pm \u2013 via Zoom Liberal democracy is at risk.\u00a0From within, populist parties and movements\u00a0are challenging open societies\u00a0by","og_url":"https:\/\/libmod.de\/en\/online-conversation-rethinking-liberalism\/","og_site_name":"libmod.de - Zentrum Liberale Moderne","article_publisher":"https:\/\/www.facebook.com\/LiberaleModerne\/","article_published_time":"2020-10-09T09:07:45+00:00","article_modified_time":"2020-12-22T13:28:11+00:00","og_image":[{"width":1200,"height":800,"url":"https:\/\/i2.wp.com\/libmod.de\/wp-content\/uploads\/Freiheitsstatue_1200_800.jpg?fit=1200%2C800&ssl=1","type":"image\/jpeg"}],"author":"\u200b","twitter_card":"summary_large_image","twitter_creator":"@liberalemoderne","twitter_site":"@liberalemoderne","twitter_misc":{"Written by":"\u200b","Est. reading time":"2 minutes"},"schema":{"@context":"https:\/\/schema.org","@graph":[{"@type":"Article","@id":"https:\/\/libmod.de\/en\/online-conversation-rethinking-liberalism\/#article","isPartOf":{"@id":"https:\/\/libmod.de\/en\/online-conversation-rethinking-liberalism\/"},"author":{"name":"\u200b","@id":"https:\/\/libmod.de\/#\/schema\/person\/1d9e50b59b21b878f81b8df9ba1a3a31"},"headline":"Online Conver\u00adsation: Rethinking Liber\u00adalism \u2014 What went wrong with Liber\u00adalism and what to do about&nbsp;it?","datePublished":"2020-10-09T09:07:45+00:00","dateModified":"2020-12-22T13:28:11+00:00","mainEntityOfPage":{"@id":"https:\/\/libmod.de\/en\/online-conversation-rethinking-liberalism\/"},"wordCount":464,"publisher":{"@id":"https:\/\/libmod.de\/#organization"},"image":{"@id":"https:\/\/libmod.de\/en\/online-conversation-rethinking-liberalism\/#primaryimage"},"thumbnailUrl":"https:\/\/libmodredaktion.fra1.digitaloceanspaces.com\/wp-content\/uploads\/20240905144430\/Freiheitsstatue_1200_800.jpg","keywords":["Liberal Democracy","liberalism","Panel Discussion"],"articleSection":["\u200c"],"inLanguage":"en-US"},{"@type":"WebPage","@id":"https:\/\/libmod.de\/en\/online-conversation-rethinking-liberalism\/","url":"https:\/\/libmod.de\/en\/online-conversation-rethinking-liberalism\/","name":"Online Conversation: Rethinking Liberalism - What went wrong with Liberalism and what to do about it? - libmod.de - Zentrum Liberale Moderne","isPartOf":{"@id":"https:\/\/libmod.de\/#website"},"primaryImageOfPage":{"@id":"https:\/\/libmod.de\/en\/online-conversation-rethinking-liberalism\/#primaryimage"},"image":{"@id":"https:\/\/libmod.de\/en\/online-conversation-rethinking-liberalism\/#primaryimage"},"thumbnailUrl":"https:\/\/libmodredaktion.fra1.digitaloceanspaces.com\/wp-content\/uploads\/20240905144430\/Freiheitsstatue_1200_800.jpg","datePublished":"2020-10-09T09:07:45+00:00","dateModified":"2020-12-22T13:28:11+00:00","description":"Wednesday October 14. 7 pm-8.30 pm \u2013 via Zoom Liberal democracy is at risk.\u00a0From within, populist parties and movements\u00a0are challenging open societies\u00a0by","breadcrumb":{"@id":"https:\/\/libmod.de\/en\/online-conversation-rethinking-liberalism\/#breadcrumb"},"inLanguage":"en-US","potentialAction":[{"@type":"ReadAction","target":["https:\/\/libmod.de\/en\/online-conversation-rethinking-liberalism\/"]}]},{"@type":"ImageObject","inLanguage":"en-US","@id":"https:\/\/libmod.de\/en\/online-conversation-rethinking-liberalism\/#primaryimage","url":"https:\/\/libmodredaktion.fra1.digitaloceanspaces.com\/wp-content\/uploads\/20240905144430\/Freiheitsstatue_1200_800.jpg","contentUrl":"https:\/\/libmodredaktion.fra1.digitaloceanspaces.com\/wp-content\/uploads\/20240905144430\/Freiheitsstatue_1200_800.jpg","width":1200,"height":800},{"@type":"BreadcrumbList","@id":"https:\/\/libmod.de\/en\/online-conversation-rethinking-liberalism\/#breadcrumb","itemListElement":[{"@type":"ListItem","position":1,"name":"Startseite","item":"https:\/\/libmod.de\/en\/"},{"@type":"ListItem","position":2,"name":"Online Con\u00adver\u00adsa\u00adtion: Rethink\u00ading Lib\u00ader\u00adal\u00adism \u2014 What went wrong with Lib\u00ader\u00adal\u00adism and what to do about&nbsp;it?"}]},{"@type":"WebSite","@id":"https:\/\/libmod.de\/#website","url":"https:\/\/libmod.de\/","name":"libmod.de - Zentrum Liberale Moderne","description":"Think Tank f\u00fcr Politik in Berlin","publisher":{"@id":"https:\/\/libmod.de\/#organization"},"potentialAction":[{"@type":"SearchAction","target":{"@type":"EntryPoint","urlTemplate":"https:\/\/libmod.de\/?s={search_term_string}"},"query-input":{"@type":"PropertyValueSpecification","valueRequired":true,"valueName":"search_term_string"}}],"inLanguage":"en-US"},{"@type":"Organization","@id":"https:\/\/libmod.de\/#organization","name":"Zentrum Liberale Moderne","url":"https:\/\/libmod.de\/","logo":{"@type":"ImageObject","inLanguage":"en-US","@id":"https:\/\/libmod.de\/#\/schema\/logo\/image\/","url":"https:\/\/libmodredaktion.fra1.digitaloceanspaces.com\/wp-content\/uploads\/20240905145818\/LibMod_Logo_XL.jpg","contentUrl":"https:\/\/libmodredaktion.fra1.digitaloceanspaces.com\/wp-content\/uploads\/20240905145818\/LibMod_Logo_XL.jpg","width":1439,"height":615,"caption":"Zentrum Liberale Moderne"},"image":{"@id":"https:\/\/libmod.de\/#\/schema\/logo\/image\/"},"sameAs":["https:\/\/www.facebook.com\/LiberaleModerne\/","https:\/\/x.com\/liberalemoderne","https:\/\/www.youtube.com\/channel\/UC4Yl_V4pm1LwryD04ky54SA","https:\/\/www.instagram.com\/libmod\/","https:\/\/bsky.app\/profile\/libmod.de"],"description":"Das Zentrum Liberale Moderne ist ein politischer Think Tank und eine Debattenplattform. LibMod steht f\u00fcr die Verteidigung und Erneuerung der liberalen Demokratie, f\u00fcr den Aufbruch in die \u00f6kologische Moderne und f\u00fcr eine fundierte Osteuropa-Expertise."},{"@type":"Person","@id":"https:\/\/libmod.de\/#\/schema\/person\/1d9e50b59b21b878f81b8df9ba1a3a31","name":"\u200b","image":{"@type":"ImageObject","inLanguage":"en-US","@id":"https:\/\/libmodredaktion.fra1.digitaloceanspaces.com\/wp-content\/uploads\/20240905144807\/User-150x150.png","url":"https:\/\/libmodredaktion.fra1.digitaloceanspaces.com\/wp-content\/uploads\/20240905144807\/User-150x150.png","contentUrl":"https:\/\/libmodredaktion.fra1.digitaloceanspaces.com\/wp-content\/uploads\/20240905144807\/User-150x150.png","caption":"\u200b"},"url":"https:\/\/libmod.de\/en\/author\/zlm_neutraler_autor\/"}]}},"menu_order":638,"_links":{"self":[{"href":"https:\/\/libmod.de\/en\/wp-json\/wp\/v2\/posts\/39754","targetHints":{"allow":["GET"]}}],"collection":[{"href":"https:\/\/libmod.de\/en\/wp-json\/wp\/v2\/posts"}],"about":[{"href":"https:\/\/libmod.de\/en\/wp-json\/wp\/v2\/types\/post"}],"author":[{"embeddable":true,"href":"https:\/\/libmod.de\/en\/wp-json\/wp\/v2\/users\/10"}],"replies":[{"embeddable":true,"href":"https:\/\/libmod.de\/en\/wp-json\/wp\/v2\/comments?post=39754"}],"version-history":[{"count":8,"href":"https:\/\/libmod.de\/en\/wp-json\/wp\/v2\/posts\/39754\/revisions"}],"predecessor-version":[{"id":39772,"href":"https:\/\/libmod.de\/en\/wp-json\/wp\/v2\/posts\/39754\/revisions\/39772"}],"wp:featuredmedia":[{"embeddable":true,"href":"https:\/\/libmod.de\/en\/wp-json\/wp\/v2\/media\/39768"}],"wp:attachment":[{"href":"https:\/\/libmod.de\/en\/wp-json\/wp\/v2\/media?parent=39754"}],"wp:term":[{"taxonomy":"category","embeddable":true,"href":"https:\/\/libmod.de\/en\/wp-json\/wp\/v2\/categories?post=39754"},{"taxonomy":"post_tag","embeddable":true,"href":"https:\/\/libmod.de\/en\/wp-json\/wp\/v2\/tags?post=39754"}],"curies":[{"name":"wp","href":"https:\/\/api.w.org\/{rel}","templated":true}]}}