{"id":40199,"date":"2020-12-08T16:29:16","date_gmt":"2020-12-08T15:29:16","guid":{"rendered":"https:\/\/libmod.de\/?p=40199"},"modified":"2022-05-17T10:27:18","modified_gmt":"2022-05-17T08:27:18","slug":"dossier-rethinking-liberalism","status":"publish","type":"post","link":"https:\/\/libmod.de\/en\/dossier-rethinking-liberalism\/","title":{"rendered":"Dossier: Rethinking&nbsp;Liberalism"},"content":{"rendered":"<div class=\"wpb-content-wrapper\"><p>[vc_row][vc_column][vc_column_text]<\/p>\n<figure id=\"attachment_40204\" aria-describedby=\"caption-attachment-40204\" style=\"width: 1200px\" class=\"wp-caption alignnone\"><img class=\"wp-image-40204 size-full\" src=\"https:\/\/libmodredaktion.fra1.digitaloceanspaces.com\/wp-content\/uploads\/20240905144405\/Unbenanntes-Design-2.jpg\" alt width=\"1200\" height=\"500\" srcset=\"https:\/\/libmodredaktion.fra1.digitaloceanspaces.com\/wp-content\/uploads\/20240905144405\/Unbenanntes-Design-2.jpg 1200w, https:\/\/libmodredaktion.fra1.digitaloceanspaces.com\/wp-content\/uploads\/20240905144405\/Unbenanntes-Design-2-770x321.jpg 770w, https:\/\/libmodredaktion.fra1.digitaloceanspaces.com\/wp-content\/uploads\/20240905144405\/Unbenanntes-Design-2-768x320.jpg 768w\" sizes=\"(max-width: 1200px) 100vw, 1200px\"><figcaption id=\"caption-attachment-40204\" class=\"wp-caption-text\">Shutter\u00adstock<\/figcaption><\/figure>\n<p>[\/vc_column_text][\/vc_column][\/vc_row][vc_row][vc_column][vc_column_text][\/vc_column_text][\/vc_column][\/vc_row][vc_row css=\u201d.vc_custom_1528877761980{margin-top: \u201130px !important;}\u201d][vc_column][vc_column_text css=\u201d.vc_custom_1607334317087{padding-top: 15px !important;padding-right: 15px !important;padding-bottom: 15px !important;padding-left: 15px !important;background-color: #d0d8d5 !important;}\u201d]Liberal democracy has come under pressure from various quarters: from the outside by author\u00adi\u00adtarian regimes, from within by populist movements and parties. This is all the more true of liber\u00adalism as a&nbsp;school of thought and political practice. Although modern democ\u00adracies are built on this ideal tradition \u2013 from the principles of a&nbsp;liberal political consti\u00adtution to the market economy as the economic foundation of an open society \u2013 liber\u00adalism has fallen into disrepute in large parts of the public. There are many approaches to a&nbsp;self-critical renewal of liberal theory and politics, both in Germany and inter\u00adna\u00adtionally. However, the corre\u00adsponding discourses usually take place in parallel with each other, without touching and fertil\u00adizing each other. In this dossier, we want to combine ideas of a&nbsp;new liberalism.<\/p>\n<p>This project is supported by the ZEIT-Stiftung Ebelin und Gerd&nbsp;Bucerius:<\/p>\n<p><span class=\"TextRun SCXW59099495 BCX0\" lang=\"DE-DE\" xml:lang=\"DE-DE\" data-contrast=\"none\"><span class=\"NormalTextRun SCXW59099495 BCX0\"><span class=\"TextRun SCXW144713134 BCX0\" lang=\"DE-DE\" xml:lang=\"DE-DE\" data-contrast=\"none\"><span class=\"NormalTextRun SCXW144713134 BCX0\"><img class=\"alignnone wp-image-40288\" src=\"https:\/\/libmodredaktion.fra1.digitaloceanspaces.com\/wp-content\/uploads\/20240905144359\/Bild1-1.png\" alt width=\"219\" height=\"122\"> <\/span><\/span><\/span><\/span><\/p>\n<p>[\/vc_column_text][vc_basic_grid post_type=\u201cpost\u201d max_items=\u201c200\u201d style=\u201cload-more\u201d items_per_page=\u201c9\u201d item=\u201c24066\u201d initial_loading_animation=\u201cnone\u201d btn_title=\u201cMEHR BEITR\u00c4GE\u201d btn_color=\u201cturquoise\u201d btn_size=\u201clg\u201d grid_id=\u201cvc_gid:1652775987834\u201369fd7ff9-50e9-10\u201d css=\u201d.vc_custom_1652776034842{background-color: #ffffff !important;}\u201d taxonomies=\u201c14664\u201d][\/vc_column][\/vc_row]<\/p>\n<\/div>","protected":false},"excerpt":{"rendered":"<p>Liberal democracy has come under pressure from various quarters: from the outside by author\u00adi\u00adtarian regimes, from within by populist movements and parties. In this dossier, we want to combine ideas of a&nbsp;new liberalism.<\/p>\n","protected":false},"author":10,"featured_media":72120,"comment_status":"closed","ping_status":"closed","sticky":false,"template":"","format":"standard","meta":{"_acf_changed":false,"wp_typography_post_enhancements_disabled":false,"mc4wp_mailchimp_campaign":[],"footnotes":""},"categories":[1894],"tags":[2987],"class_list":["post-40199","post","type-post","status-publish","format-standard","has-post-thumbnail","category-uncategorized","tag-current"],"acf":[],"yoast_head":"<!-- This site is optimized with the Yoast SEO Premium plugin v27.4 (Yoast SEO v27.4) - https:\/\/yoast.com\/product\/yoast-seo-premium-wordpress\/ -->\n<title>Dossier: Rethinking Liberalism - libmod.de - Zentrum Liberale Moderne<\/title>\n<meta name=\"description\" content=\"Liberal democracy has come under pressure from various quarters: from the outside by authoritarian regimes, from within by populist movements and parties. In this dossier, we want to combine ideas of a new liberalism.\" \/>\n<meta name=\"robots\" content=\"index, follow, max-snippet:-1, max-image-preview:large, max-video-preview:-1\" \/>\n<link rel=\"canonical\" href=\"https:\/\/libmod.de\/en\/dossier-rethinking-liberalism\/\" \/>\n<meta property=\"og:locale\" content=\"en_US\" \/>\n<meta property=\"og:type\" content=\"article\" \/>\n<meta property=\"og:title\" content=\"Dossier: Rethinking Liberalism\" \/>\n<meta property=\"og:description\" content=\"Liberal democracy has come under pressure from various quarters: from the outside by authoritarian regimes, from within by populist movements and parties. In this dossier, we want to combine ideas of a new liberalism.\" \/>\n<meta property=\"og:url\" content=\"https:\/\/libmod.de\/en\/dossier-rethinking-liberalism\/\" \/>\n<meta property=\"og:site_name\" content=\"libmod.de - Zentrum Liberale Moderne\" \/>\n<meta property=\"article:publisher\" content=\"https:\/\/www.facebook.com\/LiberaleModerne\/\" \/>\n<meta property=\"article:published_time\" content=\"2020-12-08T15:29:16+00:00\" \/>\n<meta property=\"article:modified_time\" content=\"2022-05-17T08:27:18+00:00\" \/>\n<meta property=\"og:image\" content=\"https:\/\/libmod.de\/wp-content\/uploads\/Freiheitsstatue-1-1200x800.jpg\" \/>\n\t<meta property=\"og:image:width\" content=\"1200\" \/>\n\t<meta property=\"og:image:height\" content=\"800\" \/>\n\t<meta property=\"og:image:type\" content=\"image\/jpeg\" \/>\n<meta name=\"author\" content=\"\u200b\" \/>\n<meta name=\"twitter:card\" content=\"summary_large_image\" \/>\n<meta name=\"twitter:creator\" content=\"@liberalemoderne\" \/>\n<meta name=\"twitter:site\" content=\"@liberalemoderne\" \/>\n<meta name=\"twitter:label1\" content=\"Written by\" \/>\n\t<meta name=\"twitter:data1\" content=\"\u200b\" \/>\n\t<meta name=\"twitter:label2\" content=\"Est. reading time\" \/>\n\t<meta name=\"twitter:data2\" content=\"1 minute\" \/>\n<script type=\"application\/ld+json\" class=\"yoast-schema-graph\">{\"@context\":\"https:\\\/\\\/schema.org\",\"@graph\":[{\"@type\":\"Article\",\"@id\":\"https:\\\/\\\/libmod.de\\\/en\\\/dossier-rethinking-liberalism\\\/#article\",\"isPartOf\":{\"@id\":\"https:\\\/\\\/libmod.de\\\/en\\\/dossier-rethinking-liberalism\\\/\"},\"author\":{\"name\":\"\u200b\",\"@id\":\"https:\\\/\\\/libmod.de\\\/#\\\/schema\\\/person\\\/1d9e50b59b21b878f81b8df9ba1a3a31\"},\"headline\":\"Dossier: Rethinking&nbsp;Liberalism\",\"datePublished\":\"2020-12-08T15:29:16+00:00\",\"dateModified\":\"2022-05-17T08:27:18+00:00\",\"mainEntityOfPage\":{\"@id\":\"https:\\\/\\\/libmod.de\\\/en\\\/dossier-rethinking-liberalism\\\/\"},\"wordCount\":263,\"publisher\":{\"@id\":\"https:\\\/\\\/libmod.de\\\/#organization\"},\"image\":{\"@id\":\"https:\\\/\\\/libmod.de\\\/en\\\/dossier-rethinking-liberalism\\\/#primaryimage\"},\"thumbnailUrl\":\"https:\\\/\\\/libmodredaktion.fra1.digitaloceanspaces.com\\\/wp-content\\\/uploads\\\/20250429144915\\\/Freiheitsstatue-Dossier.jpg\",\"keywords\":[\"current\"],\"articleSection\":[\"\u200c\"],\"inLanguage\":\"en-US\"},{\"@type\":\"WebPage\",\"@id\":\"https:\\\/\\\/libmod.de\\\/en\\\/dossier-rethinking-liberalism\\\/\",\"url\":\"https:\\\/\\\/libmod.de\\\/en\\\/dossier-rethinking-liberalism\\\/\",\"name\":\"Dossier: Rethinking Liberalism - libmod.de - Zentrum Liberale Moderne\",\"isPartOf\":{\"@id\":\"https:\\\/\\\/libmod.de\\\/#website\"},\"primaryImageOfPage\":{\"@id\":\"https:\\\/\\\/libmod.de\\\/en\\\/dossier-rethinking-liberalism\\\/#primaryimage\"},\"image\":{\"@id\":\"https:\\\/\\\/libmod.de\\\/en\\\/dossier-rethinking-liberalism\\\/#primaryimage\"},\"thumbnailUrl\":\"https:\\\/\\\/libmodredaktion.fra1.digitaloceanspaces.com\\\/wp-content\\\/uploads\\\/20250429144915\\\/Freiheitsstatue-Dossier.jpg\",\"datePublished\":\"2020-12-08T15:29:16+00:00\",\"dateModified\":\"2022-05-17T08:27:18+00:00\",\"description\":\"Liberal democracy has come under pressure from various quarters: from the outside by authoritarian regimes, from within by populist movements and parties. In this dossier, we want to combine ideas of a new liberalism.\",\"breadcrumb\":{\"@id\":\"https:\\\/\\\/libmod.de\\\/en\\\/dossier-rethinking-liberalism\\\/#breadcrumb\"},\"inLanguage\":\"en-US\",\"potentialAction\":[{\"@type\":\"ReadAction\",\"target\":[\"https:\\\/\\\/libmod.de\\\/en\\\/dossier-rethinking-liberalism\\\/\"]}]},{\"@type\":\"ImageObject\",\"inLanguage\":\"en-US\",\"@id\":\"https:\\\/\\\/libmod.de\\\/en\\\/dossier-rethinking-liberalism\\\/#primaryimage\",\"url\":\"https:\\\/\\\/libmodredaktion.fra1.digitaloceanspaces.com\\\/wp-content\\\/uploads\\\/20250429144915\\\/Freiheitsstatue-Dossier.jpg\",\"contentUrl\":\"https:\\\/\\\/libmodredaktion.fra1.digitaloceanspaces.com\\\/wp-content\\\/uploads\\\/20250429144915\\\/Freiheitsstatue-Dossier.jpg\",\"width\":1200,\"height\":800},{\"@type\":\"BreadcrumbList\",\"@id\":\"https:\\\/\\\/libmod.de\\\/en\\\/dossier-rethinking-liberalism\\\/#breadcrumb\",\"itemListElement\":[{\"@type\":\"ListItem\",\"position\":1,\"name\":\"Startseite\",\"item\":\"https:\\\/\\\/libmod.de\\\/en\\\/\"},{\"@type\":\"ListItem\",\"position\":2,\"name\":\"Dossier: Rethinking Liberalism\"}]},{\"@type\":\"WebSite\",\"@id\":\"https:\\\/\\\/libmod.de\\\/#website\",\"url\":\"https:\\\/\\\/libmod.de\\\/\",\"name\":\"libmod.de - Zentrum Liberale Moderne\",\"description\":\"Think Tank f\u00fcr Politik in Berlin\",\"publisher\":{\"@id\":\"https:\\\/\\\/libmod.de\\\/#organization\"},\"potentialAction\":[{\"@type\":\"SearchAction\",\"target\":{\"@type\":\"EntryPoint\",\"urlTemplate\":\"https:\\\/\\\/libmod.de\\\/?s={search_term_string}\"},\"query-input\":{\"@type\":\"PropertyValueSpecification\",\"valueRequired\":true,\"valueName\":\"search_term_string\"}}],\"inLanguage\":\"en-US\"},{\"@type\":\"Organization\",\"@id\":\"https:\\\/\\\/libmod.de\\\/#organization\",\"name\":\"Zentrum Liberale Moderne\",\"url\":\"https:\\\/\\\/libmod.de\\\/\",\"logo\":{\"@type\":\"ImageObject\",\"inLanguage\":\"en-US\",\"@id\":\"https:\\\/\\\/libmod.de\\\/#\\\/schema\\\/logo\\\/image\\\/\",\"url\":\"https:\\\/\\\/libmodredaktion.fra1.digitaloceanspaces.com\\\/wp-content\\\/uploads\\\/20240905145818\\\/LibMod_Logo_XL.jpg\",\"contentUrl\":\"https:\\\/\\\/libmodredaktion.fra1.digitaloceanspaces.com\\\/wp-content\\\/uploads\\\/20240905145818\\\/LibMod_Logo_XL.jpg\",\"width\":1439,\"height\":615,\"caption\":\"Zentrum Liberale Moderne\"},\"image\":{\"@id\":\"https:\\\/\\\/libmod.de\\\/#\\\/schema\\\/logo\\\/image\\\/\"},\"sameAs\":[\"https:\\\/\\\/www.facebook.com\\\/LiberaleModerne\\\/\",\"https:\\\/\\\/x.com\\\/liberalemoderne\",\"https:\\\/\\\/www.youtube.com\\\/channel\\\/UC4Yl_V4pm1LwryD04ky54SA\",\"https:\\\/\\\/www.instagram.com\\\/libmod\\\/\",\"https:\\\/\\\/bsky.app\\\/profile\\\/libmod.de\"],\"description\":\"Das Zentrum Liberale Moderne ist ein politischer Think Tank und eine Debattenplattform. LibMod steht f\u00fcr die Verteidigung und Erneuerung der liberalen Demokratie, f\u00fcr den Aufbruch in die \u00f6kologische Moderne und f\u00fcr eine fundierte Osteuropa-Expertise.\"},{\"@type\":\"Person\",\"@id\":\"https:\\\/\\\/libmod.de\\\/#\\\/schema\\\/person\\\/1d9e50b59b21b878f81b8df9ba1a3a31\",\"name\":\"\u200b\",\"image\":{\"@type\":\"ImageObject\",\"inLanguage\":\"en-US\",\"@id\":\"https:\\\/\\\/libmodredaktion.fra1.digitaloceanspaces.com\\\/wp-content\\\/uploads\\\/20240905144807\\\/User-150x150.png\",\"url\":\"https:\\\/\\\/libmodredaktion.fra1.digitaloceanspaces.com\\\/wp-content\\\/uploads\\\/20240905144807\\\/User-150x150.png\",\"contentUrl\":\"https:\\\/\\\/libmodredaktion.fra1.digitaloceanspaces.com\\\/wp-content\\\/uploads\\\/20240905144807\\\/User-150x150.png\",\"caption\":\"\u200b\"},\"url\":\"https:\\\/\\\/libmod.de\\\/en\\\/author\\\/zlm_neutraler_autor\\\/\"}]}<\/script>\n<!-- \/ Yoast SEO Premium plugin. -->","yoast_head_json":{"title":"Dossier: Rethinking Liberalism - libmod.de - Zentrum Liberale Moderne","description":"Liberal democracy has come under pressure from various quarters: from the outside by authoritarian regimes, from within by populist movements and parties. In this dossier, we want to combine ideas of a new liberalism.","robots":{"index":"index","follow":"follow","max-snippet":"max-snippet:-1","max-image-preview":"max-image-preview:large","max-video-preview":"max-video-preview:-1"},"canonical":"https:\/\/libmod.de\/en\/dossier-rethinking-liberalism\/","og_locale":"en_US","og_type":"article","og_title":"Dossier: Rethinking Liberalism","og_description":"Liberal democracy has come under pressure from various quarters: from the outside by authoritarian regimes, from within by populist movements and parties. In this dossier, we want to combine ideas of a new liberalism.","og_url":"https:\/\/libmod.de\/en\/dossier-rethinking-liberalism\/","og_site_name":"libmod.de - Zentrum Liberale Moderne","article_publisher":"https:\/\/www.facebook.com\/LiberaleModerne\/","article_published_time":"2020-12-08T15:29:16+00:00","article_modified_time":"2022-05-17T08:27:18+00:00","og_image":[{"width":1200,"height":800,"url":"https:\/\/libmod.de\/wp-content\/uploads\/Freiheitsstatue-1-1200x800.jpg","type":"image\/jpeg"}],"author":"\u200b","twitter_card":"summary_large_image","twitter_creator":"@liberalemoderne","twitter_site":"@liberalemoderne","twitter_misc":{"Written by":"\u200b","Est. reading time":"1 minute"},"schema":{"@context":"https:\/\/schema.org","@graph":[{"@type":"Article","@id":"https:\/\/libmod.de\/en\/dossier-rethinking-liberalism\/#article","isPartOf":{"@id":"https:\/\/libmod.de\/en\/dossier-rethinking-liberalism\/"},"author":{"name":"\u200b","@id":"https:\/\/libmod.de\/#\/schema\/person\/1d9e50b59b21b878f81b8df9ba1a3a31"},"headline":"Dossier: Rethinking&nbsp;Liberalism","datePublished":"2020-12-08T15:29:16+00:00","dateModified":"2022-05-17T08:27:18+00:00","mainEntityOfPage":{"@id":"https:\/\/libmod.de\/en\/dossier-rethinking-liberalism\/"},"wordCount":263,"publisher":{"@id":"https:\/\/libmod.de\/#organization"},"image":{"@id":"https:\/\/libmod.de\/en\/dossier-rethinking-liberalism\/#primaryimage"},"thumbnailUrl":"https:\/\/libmodredaktion.fra1.digitaloceanspaces.com\/wp-content\/uploads\/20250429144915\/Freiheitsstatue-Dossier.jpg","keywords":["current"],"articleSection":["\u200c"],"inLanguage":"en-US"},{"@type":"WebPage","@id":"https:\/\/libmod.de\/en\/dossier-rethinking-liberalism\/","url":"https:\/\/libmod.de\/en\/dossier-rethinking-liberalism\/","name":"Dossier: Rethinking Liberalism - libmod.de - Zentrum Liberale Moderne","isPartOf":{"@id":"https:\/\/libmod.de\/#website"},"primaryImageOfPage":{"@id":"https:\/\/libmod.de\/en\/dossier-rethinking-liberalism\/#primaryimage"},"image":{"@id":"https:\/\/libmod.de\/en\/dossier-rethinking-liberalism\/#primaryimage"},"thumbnailUrl":"https:\/\/libmodredaktion.fra1.digitaloceanspaces.com\/wp-content\/uploads\/20250429144915\/Freiheitsstatue-Dossier.jpg","datePublished":"2020-12-08T15:29:16+00:00","dateModified":"2022-05-17T08:27:18+00:00","description":"Liberal democracy has come under pressure from various quarters: from the outside by authoritarian regimes, from within by populist movements and parties. In this dossier, we want to combine ideas of a new liberalism.","breadcrumb":{"@id":"https:\/\/libmod.de\/en\/dossier-rethinking-liberalism\/#breadcrumb"},"inLanguage":"en-US","potentialAction":[{"@type":"ReadAction","target":["https:\/\/libmod.de\/en\/dossier-rethinking-liberalism\/"]}]},{"@type":"ImageObject","inLanguage":"en-US","@id":"https:\/\/libmod.de\/en\/dossier-rethinking-liberalism\/#primaryimage","url":"https:\/\/libmodredaktion.fra1.digitaloceanspaces.com\/wp-content\/uploads\/20250429144915\/Freiheitsstatue-Dossier.jpg","contentUrl":"https:\/\/libmodredaktion.fra1.digitaloceanspaces.com\/wp-content\/uploads\/20250429144915\/Freiheitsstatue-Dossier.jpg","width":1200,"height":800},{"@type":"BreadcrumbList","@id":"https:\/\/libmod.de\/en\/dossier-rethinking-liberalism\/#breadcrumb","itemListElement":[{"@type":"ListItem","position":1,"name":"Startseite","item":"https:\/\/libmod.de\/en\/"},{"@type":"ListItem","position":2,"name":"Dossier: Rethinking Liberalism"}]},{"@type":"WebSite","@id":"https:\/\/libmod.de\/#website","url":"https:\/\/libmod.de\/","name":"libmod.de - Zentrum Liberale Moderne","description":"Think Tank f\u00fcr Politik in Berlin","publisher":{"@id":"https:\/\/libmod.de\/#organization"},"potentialAction":[{"@type":"SearchAction","target":{"@type":"EntryPoint","urlTemplate":"https:\/\/libmod.de\/?s={search_term_string}"},"query-input":{"@type":"PropertyValueSpecification","valueRequired":true,"valueName":"search_term_string"}}],"inLanguage":"en-US"},{"@type":"Organization","@id":"https:\/\/libmod.de\/#organization","name":"Zentrum Liberale Moderne","url":"https:\/\/libmod.de\/","logo":{"@type":"ImageObject","inLanguage":"en-US","@id":"https:\/\/libmod.de\/#\/schema\/logo\/image\/","url":"https:\/\/libmodredaktion.fra1.digitaloceanspaces.com\/wp-content\/uploads\/20240905145818\/LibMod_Logo_XL.jpg","contentUrl":"https:\/\/libmodredaktion.fra1.digitaloceanspaces.com\/wp-content\/uploads\/20240905145818\/LibMod_Logo_XL.jpg","width":1439,"height":615,"caption":"Zentrum Liberale Moderne"},"image":{"@id":"https:\/\/libmod.de\/#\/schema\/logo\/image\/"},"sameAs":["https:\/\/www.facebook.com\/LiberaleModerne\/","https:\/\/x.com\/liberalemoderne","https:\/\/www.youtube.com\/channel\/UC4Yl_V4pm1LwryD04ky54SA","https:\/\/www.instagram.com\/libmod\/","https:\/\/bsky.app\/profile\/libmod.de"],"description":"Das Zentrum Liberale Moderne ist ein politischer Think Tank und eine Debattenplattform. LibMod steht f\u00fcr die Verteidigung und Erneuerung der liberalen Demokratie, f\u00fcr den Aufbruch in die \u00f6kologische Moderne und f\u00fcr eine fundierte Osteuropa-Expertise."},{"@type":"Person","@id":"https:\/\/libmod.de\/#\/schema\/person\/1d9e50b59b21b878f81b8df9ba1a3a31","name":"\u200b","image":{"@type":"ImageObject","inLanguage":"en-US","@id":"https:\/\/libmodredaktion.fra1.digitaloceanspaces.com\/wp-content\/uploads\/20240905144807\/User-150x150.png","url":"https:\/\/libmodredaktion.fra1.digitaloceanspaces.com\/wp-content\/uploads\/20240905144807\/User-150x150.png","contentUrl":"https:\/\/libmodredaktion.fra1.digitaloceanspaces.com\/wp-content\/uploads\/20240905144807\/User-150x150.png","caption":"\u200b"},"url":"https:\/\/libmod.de\/en\/author\/zlm_neutraler_autor\/"}]}},"menu_order":111,"_links":{"self":[{"href":"https:\/\/libmod.de\/en\/wp-json\/wp\/v2\/posts\/40199","targetHints":{"allow":["GET"]}}],"collection":[{"href":"https:\/\/libmod.de\/en\/wp-json\/wp\/v2\/posts"}],"about":[{"href":"https:\/\/libmod.de\/en\/wp-json\/wp\/v2\/types\/post"}],"author":[{"embeddable":true,"href":"https:\/\/libmod.de\/en\/wp-json\/wp\/v2\/users\/10"}],"replies":[{"embeddable":true,"href":"https:\/\/libmod.de\/en\/wp-json\/wp\/v2\/comments?post=40199"}],"version-history":[{"count":10,"href":"https:\/\/libmod.de\/en\/wp-json\/wp\/v2\/posts\/40199\/revisions"}],"predecessor-version":[{"id":46720,"href":"https:\/\/libmod.de\/en\/wp-json\/wp\/v2\/posts\/40199\/revisions\/46720"}],"wp:featuredmedia":[{"embeddable":true,"href":"https:\/\/libmod.de\/en\/wp-json\/wp\/v2\/media\/72120"}],"wp:attachment":[{"href":"https:\/\/libmod.de\/en\/wp-json\/wp\/v2\/media?parent=40199"}],"wp:term":[{"taxonomy":"category","embeddable":true,"href":"https:\/\/libmod.de\/en\/wp-json\/wp\/v2\/categories?post=40199"},{"taxonomy":"post_tag","embeddable":true,"href":"https:\/\/libmod.de\/en\/wp-json\/wp\/v2\/tags?post=40199"}],"curies":[{"name":"wp","href":"https:\/\/api.w.org\/{rel}","templated":true}]}}