{"id":40236,"date":"2020-12-15T12:30:18","date_gmt":"2020-12-15T11:30:18","guid":{"rendered":"https:\/\/libmod.de\/?p=40236"},"modified":"2020-12-15T12:30:59","modified_gmt":"2020-12-15T11:30:59","slug":"shraibman-can-the-eu-resolve-belarus-conundrum","status":"publish","type":"post","link":"https:\/\/libmod.de\/en\/shraibman-can-the-eu-resolve-belarus-conundrum\/","title":{"rendered":"Can the EU resolve Belarus&nbsp;conundrum?"},"content":{"rendered":"<div class=\"wpb-content-wrapper\"><p>[vc_row][vc_column][vc_column_text]<\/p>\n<figure id=\"attachment_40229\" aria-describedby=\"caption-attachment-40229\" style=\"width: 1200px\" class=\"wp-caption alignleft\"><img class=\"wp-image-40229 size-full\" src=\"https:\/\/libmodredaktion.fra1.digitaloceanspaces.com\/wp-content\/uploads\/20240905144403\/Minsk_Proteste_August23_20202_shutterstock_1805610085_1200_500.jpg\" alt width=\"1200\" height=\"500\" srcset=\"https:\/\/libmodredaktion.fra1.digitaloceanspaces.com\/wp-content\/uploads\/20240905144403\/Minsk_Proteste_August23_20202_shutterstock_1805610085_1200_500.jpg 1200w, https:\/\/libmodredaktion.fra1.digitaloceanspaces.com\/wp-content\/uploads\/20240905144403\/Minsk_Proteste_August23_20202_shutterstock_1805610085_1200_500-770x321.jpg 770w, https:\/\/libmodredaktion.fra1.digitaloceanspaces.com\/wp-content\/uploads\/20240905144403\/Minsk_Proteste_August23_20202_shutterstock_1805610085_1200_500-768x320.jpg 768w\" sizes=\"(max-width: 1200px) 100vw, 1200px\"><figcaption id=\"caption-attachment-40229\" class=\"wp-caption-text\">Proteste am 23.&nbsp;August 2020&nbsp;in Minsk, Belarus, Foto: Castleski\/\u200bShutterstock<\/figcaption><\/figure>\n<p>[\/vc_column_text][\/vc_column][\/vc_row][vc_row][vc_column][vc_column_text][\/vc_column_text][\/vc_column][\/vc_row][vc_row css=\u201d.vc_custom_1508251598805{margin-top: 30px !important;}\u201d][vc_column width=\u201c2\/3\u201d css=\u201d.vc_custom_1508252250311{padding-right: 20px !important;}\u201d][vc_column_text]<\/p>\n<h3>A four-month stand-off between Belarusian strongman Alexander Lukashenko and the pro-democ\u00adratic protesters posed a&nbsp;serious challenge for the EU. The block that had announced its ambition to become a&nbsp;geopo\u00adlitical actor, has found itself with very few levers in relation to the crisis in its immediate neighborhood.<\/h3>\n<p><!--more--><\/p>\n<p>Brussels has been active in its rhetoric \u2013 condemning violence, criminal perse\u00adcution and torture of protesters in Belarus. With some initial delay, sanctions followed. First two packages black\u00adlisted Lukashenko and dozens of those respon\u00adsible for repres\u00adsions, third package will target not just officials, but also nine businesses close to the regime. Two European banks, EBRD and EIB, have frozen their activity in the country, with exception of the projects that need be&nbsp;finalized.<\/p>\n<p>Other measures were mostly of human\u00adi\u00adtarian nature: the EU pledged to redirect some of the funds planned as an assis\u00adtance for Minsk to civil society and independent media. Baltic states and Poland liber\u00adalized visa regime for Belaru\u00adsians fleeing perse\u00adcution. Vilnius and Warsaw now effec\u00adtively host all those leaders of Belarusian opposition, who are not jailed at&nbsp;home.<\/p>\n<p>However, the bitter reality is that most if not all these measures have negli\u00adgible impact on the trajectory of political crisis in Belarus. Lukashenko dropped the idea of the West-East balancing, so he cares very little about his reputation in the EU. His entourage and top security officials face so profound risks at home, that suppressing the protest has become infinitely more important for them compared to not being black\u00adlisted in the EU. The same goes for the Lukashenko-affil\u00adiated businessmen. They would rather lose their profits or assets, than argue with their political&nbsp;patron.<\/p>\n<p>Sectoral sanctions (e.g. ban on petroleum products imports) are not on the table at the moment. But even if situation escalates, these measures will hardly enjoy consensus support within the EU. Besides, they can push Belarusian economy towards full depen\u00addency on Russia, compli\u00adcating things even&nbsp;further.<\/p>\n<p>This lack of effective leverage on behalf of the EU reflects deep geopo\u00adlitical asymmetry \u2013 Belarus is and has always been much more dependent on Russia. This depen\u00addency is compre\u00adhensive, Russia outweighs the EU in terms of Belarusian foreign trade, investment, military integration, cultural and infor\u00adma\u00adtional&nbsp;presence.<\/p>\n<p>With such a&nbsp;deficit of instru\u00adments to affect immediate devel\u00adop\u00adments in Belarus, the EU should look at its mid-term levers. No energy should be spent trying to make Lukashenko change his behavior. If he ever does, this will happen, first and foremost, due to domestic or Russian pressure. The EU should instead do its best to maximize the likelihood that the transition in Belarus, whenever it begins, will be heading towards a&nbsp;more democ\u00adratic system and will not jeopardize the country\u2019s independence.<\/p>\n<p>For these ends, Brussels should find right spots to exert its influence. There are three forces that can push Lukashenko towards power transfer: <strong>Belarusian people, his own ruling elite <\/strong>and<strong> Russia<\/strong>.<\/p>\n<p>There is not much the EU can do to bolster the deter\u00admi\u00adnation of Belarusian people to fight for democracy \u2013 they are already doing more than anyone expected. What EU can do is providing at least some safety net for these brave people. It makes sense to continue and enhance human\u00adi\u00adtarian and medical help to victims of police brutality and to provide substantial funding to Belarusian solidarity founda\u00adtions. These founda\u00adtions, based in exile, help people in Belarus compensate their fines for political activism and cover expenses for striking workers. The EU and its member-states could also expand educa\u00adtional and schol\u00adarship oppor\u00adtu\u00adnities for students and academics, who flee repres\u00adsions, and open the borders for Belaru\u00adsians as much as it is possible during the&nbsp;pandemic.<\/p>\n<p>While these measures will not directly affect the dynamics of the protest, they will immensely improve perception of the EU among protest sympa\u00adthizers. People remember those who helped them in hard&nbsp;times.<\/p>\n<p>Secondly, the work with Belarusian bureau\u00adcracy should not be abandoned. The fact that most officials have stood with their leader, does not mean this support will be eternal. Many of the top officials realize that the country is on the wrong trajectory, they are just not ready to do anything about yet. In a&nbsp;likely scenario of no meaningful political reforms and growing Russia\u2019s frustration with Lukashenko, Belarusian economy will be in free&nbsp;fall.<\/p>\n<p>The EU must be prepared for the moment, when the magnitude of problems will force even the conser\u00adv\u00adative Belarusian bureau\u00adcracy to look for ways out of the deadlock. Brussels should be there with an option for those members of the elite, who still want their country well. If they see a&nbsp;realistic carrot on the horizon, they will be more inclined to push for democ\u00adra\u00adti\u00adzation of the&nbsp;country.<\/p>\n<p>An economic support plan for democ\u00adratic Belarus is already under discussion in the EU. For this tool to be efficient, the offer must be convincing. After the Ukrainian experience with Western support, which in Minsk was perceived as insuf\u00adfi\u00adcient and overbur\u00addened with strict condi\u00adtions, Belarusian officials by default mistrust such instru\u00adments and have doubts about their added value. That is why the offer should be very clear and concrete: once the country undergoes the democ\u00adratic transition \u2013 an election recog\u00adnized by the OSCE \u2013 it receives the money. Layers of additional condi\u00adtions, compli\u00adcated instru\u00adments, vague promises like \u201cassisting Belarus in joining WTO\u201d, and too much diplo\u00admatic jargon around the offer would undermine it in the eyes of the potential recip\u00adients. The sum of funds on the table should also be consid\u00aderable \u2014 at least 3&nbsp;billion Euros, which is roughly the amount of foreign support Belarusian economy needs each year to sustain&nbsp;itself.<\/p>\n<p>To make the message heard, the EU should retain the maximum possible diplo\u00admatic presence in Belarus. When and if Belarusian officials want to have backchannel talks, they must have such an oppor\u00adtunity in&nbsp;Minsk.<\/p>\n<p>Finally, the EU must work with Russia. It does not mean deciding Belarus\u2019s fate over the heads of Belaru\u00adsians. This is hardly possible anyway. Instead, Brussels can convey a&nbsp;number of clear messages to Moscow to incen\u00adtivize its constructive role in Belarusian crisis. In the end, neither Russia, nor the West want to have another Ukraine-like problem to deal with for&nbsp;years.<\/p>\n<p>First message should be that no one intends to drag Belarus out of Russian-led integration alliances. According to all available polls, Belaru\u00adsians themselves want to keep border with Russia open and economic integration to continue. The support for the EU membership in Belarus is small. Despite the pervasive crisis of trust between the EU and Moscow, all these arguments need to be reaffirmed to Russian decision-makers at every&nbsp;occasion.<\/p>\n<p>The EU should be frank that it would accept any choice Belaru\u00adsians make on free election, even if they pick a&nbsp;Russia-friendly politician (which they would likely do given the current state public opinion). In the end, the main issue the West has with Lukashenko is his brutality and disregard for the basic rights of his people, not his orien\u00adtation towards Moscow. Inter\u00adest\u00adingly, as the latest <a href=\"https:\/\/carnegie.ru\/commentary\/83396\">opinion polls suggest<\/a>, Belaru\u00adsians are becoming increas\u00adingly frustrated with Russia\u2019s support of Lukashenko and their pro-Russian sympa\u00adthies cool off, which him uniquely toxic for both sides. This argument should be reiterated to&nbsp;Moscow.<\/p>\n<p>Secondly, Russia must also realize that it would pay a&nbsp;price if it chooses to capitalize on Lukashenko\u2019s vulner\u00ada\u00adbility. This may include coercing him into some deeper integration or squeezing other economic or military conces\u00adsions from Minsk. As a&nbsp;first step, the EU can float the idea of possible expansion of Belarus-related sanctions onto those Russian entities who directly profit from supporting Lukashenko\u2019s regime. The EU should also be clear that it would not recognize any deals between Moscow and illegit\u00adimate leadership of Belarus that would limit country\u2019s sovereignty.<\/p>\n<p>Belarusian crisis can become an important litmus test for the EU capacity to manage problems in its neigh\u00adborhood. This requires committing adequate political and financial resources, dedication, patience and flexi\u00adbility. All of this might be in deficit in these turbulent days, but that what it takes to be a&nbsp;successful geopo\u00adlitical&nbsp;actor.<\/p>\n<p><img class=\"alignnone wp-image-23921 size-full\" src=\"http:\/\/libmodredaktion.fra1.digitaloceanspaces.com\/wp-content\/uploads\/20240905145906\/textende.png\" alt=\"Textende\" width=\"40\" height=\"120\">[\/vc_column_text][vc_separator][vc_column_text]Hat Ihnen unser Beitrag gefallen? Dann spenden Sie doch einfach und bequem \u00fcber unser Spendentool. Sie unter\u00adst\u00fctzen damit die publizis\u00adtische Arbeit von&nbsp;LibMod.<\/p>\n<h2>Spenden mit&nbsp;Bankeinzug<\/h2>\n<p>[\/vc_column_text][vc_column_text]<script type=\"text\/javascript\">\n\t(function() {\n\t\tvar u=\"https:\/\/spenden.twingle.de\/embed\/genericorganisation\/genericproject\/tw5aeafe12eb6cb\/widget\";\n\t\tvar id = '_' + Math.random().toString(36).substr(2, 9);\n\t\tvar d=document, g=d.createElement('script'), s=d.getElementsByTagName('script')[0];\n\t\tdocument.write('<div id=\"twingle-public-embed-' + id + '\"><\/div>');\n\t\tg.type='text\/javascript'; g.async=true; g.defer=true; g.src=u+'\/'+id; s.parentNode.insertBefore(g,s);\n\t})();\n<\/script>[\/vc_column_text][vc_column_text]<\/p>\n<h2>Spenden mit&nbsp;PayPal<\/h2>\n<p><input title=\"PayPal - The safer, easier way to pay online!\" alt=\"Donate with PayPal button\" name=\"submit\" src=\"https:\/\/www.paypalobjects.com\/en_US\/i\/btn\/btn_donate_LG.gif\" type=\"image\"><\/p>\n<hr>\n<p>Wir sind als gemein\u00adn\u00fctzig anerkannt, entsprechend sind Spenden steuerlich absetzbar. F\u00fcr eine Spendenbescheinigung (n\u00f6tig bei einem Betrag \u00fcber 200 EUR), senden Sie Ihre Adress\u00addaten bitte an <a href=\"mailto:finanzen@libmod.de\">finanzen@libmod.de<\/a>[\/vc_column_text][\/vc_column][vc_column width=\u201c1\/3\u201d el_class=\u201cdimmer\u201d][vc_empty_space height=\u201c130px\u201d][vc_column_text]<\/p>\n<h2>Verwandte Themen<\/h2>\n<p>[\/vc_column_text][vc_basic_grid post_type=\u201cpost\u201d max_items=\u201c3\u201d element_width=\u201c12\u201d item=\u201c24066\u201d grid_id=\u201cvc_gid:1608031355772\u20137105321c-a46a\u20119\u201d css=\u201d.vc_custom_1608031416292{background-color: #ffffff !important;}\u201d taxonomies=\u201c10656\u201d][vc_row_inner css=\u201d.vc_custom_1508164629489{margin-top: 30px !important;margin-right: 0px !important;margin-left: 0px !important;background-color: #03d0b6 !important;}\u201d][vc_column_inner][vc_column_text css=\u201d.vc_custom_1508167210959{margin-top: \u201115px !important;}\u201d]<\/p>\n<h2><span style=\"color: #ffffff;\">Newsletter bestellen<\/span><\/h2>\n<p>[\/vc_column_text][vc_column_text css=\u201d.vc_custom_1508166779270{margin-top: \u201110px !important;}\u201d]Mit dem LibMod-Newsletter erhalten Sie regelm\u00e4\u00dfig Neuigkeiten zu unseren Themen in Ihr&nbsp;Postfach.<\/p>\n<p><script>(function() {\n\twindow.mc4wp = window.mc4wp || {\n\t\tlisteners: [],\n\t\tforms: {\n\t\t\ton: function(evt, cb) {\n\t\t\t\twindow.mc4wp.listeners.push(\n\t\t\t\t\t{\n\t\t\t\t\t\tevent   : evt,\n\t\t\t\t\t\tcallback: cb\n\t\t\t\t\t}\n\t\t\t\t);\n\t\t\t}\n\t\t}\n\t}\n})();\n<\/script><!-- Mailchimp for WordPress v4.12.2 - https:\/\/wordpress.org\/plugins\/mailchimp-for-wp\/ --><\/p><form id=\"mc4wp-form-1\" class=\"mc4wp-form mc4wp-form-24179 mc4wp-form-styles-builder mc4wp-ajax\" method=\"post\" data-id=\"24179\" data-name=\"LibMod Newsletter\"><div class=\"mc4wp-form-fields\"><p>\n    <label>Anrede\u2002 \u2002\u2003<\/label>\n    <select name=\"ANREDE\" required>\n        <option value=\"Frau\" selected=\"true\">Frau<\/option>\n        <option value=\"Herr\">Herr<\/option>\n        <option value=\"X\">X<\/option>\n    <\/select>\n<\/p>\n<p>\n    <label>Insti\u00adtution\u2003<\/label>\n    <input name=\"MMERGE3\" type=\"text\">\n<\/p>\n<p>\n    <label>Nachname \u2002<\/label>\n    <input name=\"MMERGE2\" required type=\"text\">\n<\/p>\n<p>\n    <label>Vorname\u2002 \u2003<\/label>\n    <input name=\"MMERGE1\" required type=\"text\">\n<\/p>\n<p>\n    <label>Kategorie\u2002\u2003<\/label>\n    <select name=\"KATEGORIE\" required>\n        <option value=\"Newsletter\" selected=\"true\">Newsletter<\/option>\n    <\/select>\n<\/p>\n<p><input type=\"email\" name=\"EMAIL\" placeholder=\"Ihre Mail-Addresse\" required>\n<\/p><p>Mit unseren <span style=\"color: #000000;\"><a style=\"color: #000000;\" href=\"https:\/\/libmod.de\/datenschutzerklaerung\/\" target=\"_blank\" rel=\"noopener\">Daten\u00adschutzbes\u00adtim\u00admungen<\/a><\/span> <br>erkl\u00e4ren Sie sich einverstanden.<br><br>\n<input type=\"submit\" value=\"Absenden\"><br><\/p><\/div><label style=\"display: none !important;\">Leave this field empty if you\u2019re&nbsp;human:&nbsp;<input type=\"text\" name=\"_mc4wp_honeypot\" value tabindex=\"-1\" autocomplete=\"off\"><\/label><input type=\"hidden\" name=\"_mc4wp_timestamp\" value=\"1777637728\"><input type=\"hidden\" name=\"_mc4wp_form_id\" value=\"24179\"><input type=\"hidden\" name=\"_mc4wp_form_element_id\" value=\"mc4wp-form-1\"><div class=\"mc4wp-response\"><\/div><\/form><!-- \/ Mailchimp for WordPress Plugin -->[\/vc_column_text][\/vc_column_inner][\/vc_row_inner][\/vc_column][\/vc_row]\n<\/div>","protected":false},"excerpt":{"rendered":"<p>[vc_row][vc_column][vc_column_text] [\/vc_column_text][\/vc_column][\/vc_row][vc_row][vc_column][vc_column_text][\/vc_column_text][\/vc_column][\/vc_row][vc_row css=\u201d.vc_custom_1508251598805{margin-top: 30px !important;}\u201d][vc_column width=\u201c2\/3\u201d css=\u201d.vc_custom_1508252250311{padding-right: 20px !important;}\u201d][vc_column_text] A&nbsp;four-month stand-off between Belarusian strongman Alexander Lukashenko and the pro-democ\u00adratic protesters posed a&nbsp;serious challenge for the EU. The block&nbsp;that...<\/p>\n","protected":false},"author":137,"featured_media":40232,"comment_status":"closed","ping_status":"closed","sticky":false,"template":"","format":"standard","meta":{"_acf_changed":false,"wp_typography_post_enhancements_disabled":false,"mc4wp_mailchimp_campaign":[],"footnotes":""},"categories":[2809],"tags":[10656,2987,2079,11704,3075,3097,3076,3105,14144],"class_list":["post-40236","post","type-post","status-publish","format-standard","has-post-thumbnail","category-analysis","tag-belarus-en","tag-current","tag-europe","tag-europes-east","tag-foreign-policy","tag-human-rights","tag-kremlin","tag-liberal-democracy","tag-lukashenko"],"acf":[],"yoast_head":"<!-- This site is optimized with the Yoast SEO Premium plugin v27.4 (Yoast SEO v27.5) - https:\/\/yoast.com\/product\/yoast-seo-premium-wordpress\/ -->\n<title>Can the EU resolve Belarus conundrum?<\/title>\n<meta name=\"description\" content=\"A four-month stand-off between Lukashenko and the pro-democratic protesters posed a serious challenge for the EU. What can Brussels do to support a democratic change in Belarus.\" \/>\n<meta name=\"robots\" content=\"index, follow, max-snippet:-1, max-image-preview:large, max-video-preview:-1\" \/>\n<link rel=\"canonical\" href=\"https:\/\/libmod.de\/en\/shraibman-can-the-eu-resolve-belarus-conundrum\/\" \/>\n<meta property=\"og:locale\" content=\"en_US\" \/>\n<meta property=\"og:type\" content=\"article\" \/>\n<meta property=\"og:title\" content=\"Can the EU resolve Belarus conundrum?\" \/>\n<meta property=\"og:description\" content=\"A four-month stand-off between Lukashenko and the pro-democratic protesters posed a serious challenge for the EU. What can Brussels do to support a democratic change in Belarus.\" \/>\n<meta property=\"og:url\" content=\"https:\/\/libmod.de\/en\/shraibman-can-the-eu-resolve-belarus-conundrum\/\" \/>\n<meta property=\"og:site_name\" content=\"libmod.de - Zentrum Liberale Moderne\" \/>\n<meta property=\"article:publisher\" content=\"https:\/\/www.facebook.com\/LiberaleModerne\/\" \/>\n<meta property=\"article:published_time\" content=\"2020-12-15T11:30:18+00:00\" \/>\n<meta property=\"article:modified_time\" content=\"2020-12-15T11:30:59+00:00\" \/>\n<meta property=\"og:image\" content=\"https:\/\/i2.wp.com\/libmod.de\/wp-content\/uploads\/Minsk_Proteste_August23_20202_shutterstock_1805610085_1200_800.jpg?fit=1200%2C800&ssl=1\" \/>\n\t<meta property=\"og:image:width\" content=\"1200\" \/>\n\t<meta property=\"og:image:height\" content=\"800\" \/>\n\t<meta property=\"og:image:type\" content=\"image\/jpeg\" \/>\n<meta name=\"author\" content=\"Artyom Shraibman\" \/>\n<meta name=\"twitter:card\" content=\"summary_large_image\" \/>\n<meta name=\"twitter:title\" content=\"Can the EU resolve Belarus conundrum?\" \/>\n<meta name=\"twitter:description\" content=\"A four-month stand-off between Lukashenko and the pro-democratic protesters posed a serious challenge for the EU. What can Brussels do to support a democratic change in Belarus.\" \/>\n<meta name=\"twitter:creator\" content=\"@liberalemoderne\" \/>\n<meta name=\"twitter:site\" content=\"@liberalemoderne\" \/>\n<meta name=\"twitter:label1\" content=\"Written by\" \/>\n\t<meta name=\"twitter:data1\" content=\"Artyom Shraibman\" \/>\n\t<meta name=\"twitter:label2\" content=\"Est. reading time\" \/>\n\t<meta name=\"twitter:data2\" content=\"8 minutes\" \/>\n<script type=\"application\/ld+json\" class=\"yoast-schema-graph\">{\"@context\":\"https:\\\/\\\/schema.org\",\"@graph\":[{\"@type\":\"Article\",\"@id\":\"https:\\\/\\\/libmod.de\\\/en\\\/shraibman-can-the-eu-resolve-belarus-conundrum\\\/#article\",\"isPartOf\":{\"@id\":\"https:\\\/\\\/libmod.de\\\/en\\\/shraibman-can-the-eu-resolve-belarus-conundrum\\\/\"},\"author\":{\"name\":\"Artyom Shraibman\",\"@id\":\"https:\\\/\\\/libmod.de\\\/#\\\/schema\\\/person\\\/9aabf96b334f5cb4b15a8b39d1d2a3df\"},\"headline\":\"Can the EU resolve Belarus&nbsp;conundrum?\",\"datePublished\":\"2020-12-15T11:30:18+00:00\",\"dateModified\":\"2020-12-15T11:30:59+00:00\",\"mainEntityOfPage\":{\"@id\":\"https:\\\/\\\/libmod.de\\\/en\\\/shraibman-can-the-eu-resolve-belarus-conundrum\\\/\"},\"wordCount\":1618,\"publisher\":{\"@id\":\"https:\\\/\\\/libmod.de\\\/#organization\"},\"image\":{\"@id\":\"https:\\\/\\\/libmod.de\\\/en\\\/shraibman-can-the-eu-resolve-belarus-conundrum\\\/#primaryimage\"},\"thumbnailUrl\":\"https:\\\/\\\/libmodredaktion.fra1.digitaloceanspaces.com\\\/wp-content\\\/uploads\\\/20240905144402\\\/Minsk_Proteste_August23_20202_shutterstock_1805610085_1200_800.jpg\",\"keywords\":[\"Belarus\",\"current\",\"Europe\",\"Europe\u2019s East\",\"Foreign Policy\",\"Human Rights\",\"Kremlin\",\"Liberal Democracy\",\"Lukashenko\"],\"articleSection\":[\"Analysis\u2003\"],\"inLanguage\":\"en-US\"},{\"@type\":\"WebPage\",\"@id\":\"https:\\\/\\\/libmod.de\\\/en\\\/shraibman-can-the-eu-resolve-belarus-conundrum\\\/\",\"url\":\"https:\\\/\\\/libmod.de\\\/en\\\/shraibman-can-the-eu-resolve-belarus-conundrum\\\/\",\"name\":\"Can the EU resolve Belarus conundrum?\",\"isPartOf\":{\"@id\":\"https:\\\/\\\/libmod.de\\\/#website\"},\"primaryImageOfPage\":{\"@id\":\"https:\\\/\\\/libmod.de\\\/en\\\/shraibman-can-the-eu-resolve-belarus-conundrum\\\/#primaryimage\"},\"image\":{\"@id\":\"https:\\\/\\\/libmod.de\\\/en\\\/shraibman-can-the-eu-resolve-belarus-conundrum\\\/#primaryimage\"},\"thumbnailUrl\":\"https:\\\/\\\/libmodredaktion.fra1.digitaloceanspaces.com\\\/wp-content\\\/uploads\\\/20240905144402\\\/Minsk_Proteste_August23_20202_shutterstock_1805610085_1200_800.jpg\",\"datePublished\":\"2020-12-15T11:30:18+00:00\",\"dateModified\":\"2020-12-15T11:30:59+00:00\",\"description\":\"A four-month stand-off between Lukashenko and the pro-democratic protesters posed a serious challenge for the EU. What can Brussels do to support a democratic change in Belarus.\",\"breadcrumb\":{\"@id\":\"https:\\\/\\\/libmod.de\\\/en\\\/shraibman-can-the-eu-resolve-belarus-conundrum\\\/#breadcrumb\"},\"inLanguage\":\"en-US\",\"potentialAction\":[{\"@type\":\"ReadAction\",\"target\":[\"https:\\\/\\\/libmod.de\\\/en\\\/shraibman-can-the-eu-resolve-belarus-conundrum\\\/\"]}]},{\"@type\":\"ImageObject\",\"inLanguage\":\"en-US\",\"@id\":\"https:\\\/\\\/libmod.de\\\/en\\\/shraibman-can-the-eu-resolve-belarus-conundrum\\\/#primaryimage\",\"url\":\"https:\\\/\\\/libmodredaktion.fra1.digitaloceanspaces.com\\\/wp-content\\\/uploads\\\/20240905144402\\\/Minsk_Proteste_August23_20202_shutterstock_1805610085_1200_800.jpg\",\"contentUrl\":\"https:\\\/\\\/libmodredaktion.fra1.digitaloceanspaces.com\\\/wp-content\\\/uploads\\\/20240905144402\\\/Minsk_Proteste_August23_20202_shutterstock_1805610085_1200_800.jpg\",\"width\":1200,\"height\":800,\"caption\":\"Proteste am 23. August 2020 in Minsk, Belarus, Foto: Castleski\\\/Shutterstock\"},{\"@type\":\"BreadcrumbList\",\"@id\":\"https:\\\/\\\/libmod.de\\\/en\\\/shraibman-can-the-eu-resolve-belarus-conundrum\\\/#breadcrumb\",\"itemListElement\":[{\"@type\":\"ListItem\",\"position\":1,\"name\":\"Startseite\",\"item\":\"https:\\\/\\\/libmod.de\\\/en\\\/\"},{\"@type\":\"ListItem\",\"position\":2,\"name\":\"Can the EU resolve Belarus&nbsp;conundrum?\"}]},{\"@type\":\"WebSite\",\"@id\":\"https:\\\/\\\/libmod.de\\\/#website\",\"url\":\"https:\\\/\\\/libmod.de\\\/\",\"name\":\"libmod.de - Zentrum Liberale Moderne\",\"description\":\"Think Tank f\u00fcr Politik in Berlin\",\"publisher\":{\"@id\":\"https:\\\/\\\/libmod.de\\\/#organization\"},\"potentialAction\":[{\"@type\":\"SearchAction\",\"target\":{\"@type\":\"EntryPoint\",\"urlTemplate\":\"https:\\\/\\\/libmod.de\\\/?s={search_term_string}\"},\"query-input\":{\"@type\":\"PropertyValueSpecification\",\"valueRequired\":true,\"valueName\":\"search_term_string\"}}],\"inLanguage\":\"en-US\"},{\"@type\":\"Organization\",\"@id\":\"https:\\\/\\\/libmod.de\\\/#organization\",\"name\":\"Zentrum Liberale Moderne\",\"url\":\"https:\\\/\\\/libmod.de\\\/\",\"logo\":{\"@type\":\"ImageObject\",\"inLanguage\":\"en-US\",\"@id\":\"https:\\\/\\\/libmod.de\\\/#\\\/schema\\\/logo\\\/image\\\/\",\"url\":\"https:\\\/\\\/libmodredaktion.fra1.digitaloceanspaces.com\\\/wp-content\\\/uploads\\\/20240905145818\\\/LibMod_Logo_XL.jpg\",\"contentUrl\":\"https:\\\/\\\/libmodredaktion.fra1.digitaloceanspaces.com\\\/wp-content\\\/uploads\\\/20240905145818\\\/LibMod_Logo_XL.jpg\",\"width\":1439,\"height\":615,\"caption\":\"Zentrum Liberale Moderne\"},\"image\":{\"@id\":\"https:\\\/\\\/libmod.de\\\/#\\\/schema\\\/logo\\\/image\\\/\"},\"sameAs\":[\"https:\\\/\\\/www.facebook.com\\\/LiberaleModerne\\\/\",\"https:\\\/\\\/x.com\\\/liberalemoderne\",\"https:\\\/\\\/www.youtube.com\\\/channel\\\/UC4Yl_V4pm1LwryD04ky54SA\",\"https:\\\/\\\/www.instagram.com\\\/libmod\\\/\",\"https:\\\/\\\/bsky.app\\\/profile\\\/libmod.de\"],\"description\":\"Das Zentrum Liberale Moderne ist ein politischer Think Tank und eine Debattenplattform. LibMod steht f\u00fcr die Verteidigung und Erneuerung der liberalen Demokratie, f\u00fcr den Aufbruch in die \u00f6kologische Moderne und f\u00fcr eine fundierte Osteuropa-Expertise.\"},{\"@type\":\"Person\",\"@id\":\"https:\\\/\\\/libmod.de\\\/#\\\/schema\\\/person\\\/9aabf96b334f5cb4b15a8b39d1d2a3df\",\"name\":\"Artyom Shraibman\",\"image\":{\"@type\":\"ImageObject\",\"inLanguage\":\"en-US\",\"@id\":\"https:\\\/\\\/libmodredaktion.fra1.digitaloceanspaces.com\\\/wp-content\\\/uploads\\\/20240905144748\\\/shraibman_rund-150x150.jpg\",\"url\":\"https:\\\/\\\/libmodredaktion.fra1.digitaloceanspaces.com\\\/wp-content\\\/uploads\\\/20240905144748\\\/shraibman_rund-150x150.jpg\",\"contentUrl\":\"https:\\\/\\\/libmodredaktion.fra1.digitaloceanspaces.com\\\/wp-content\\\/uploads\\\/20240905144748\\\/shraibman_rund-150x150.jpg\",\"caption\":\"Artyom Shraibman\"},\"description\":\"Artyom Shraibman ist Politologe und Autor bei tut.by und Carnegie.ru sowie Gr\u00fcnder von Sense Analytics. Zuvor arbeitete er als Journalist in Belarus, von wo aus er 2021 fliehen musste. Er hat einen LLb in V\u00f6lkerrecht (Belarusian State University) und einen MSc in Politik und Kommunikation (London School of Economics).\",\"url\":\"https:\\\/\\\/libmod.de\\\/en\\\/author\\\/artyom-shraibman\\\/\"}]}<\/script>\n<!-- \/ Yoast SEO Premium plugin. -->","yoast_head_json":{"title":"Can the EU resolve Belarus conundrum?","description":"A four-month stand-off between Lukashenko and the pro-democratic protesters posed a serious challenge for the EU. What can Brussels do to support a democratic change in Belarus.","robots":{"index":"index","follow":"follow","max-snippet":"max-snippet:-1","max-image-preview":"max-image-preview:large","max-video-preview":"max-video-preview:-1"},"canonical":"https:\/\/libmod.de\/en\/shraibman-can-the-eu-resolve-belarus-conundrum\/","og_locale":"en_US","og_type":"article","og_title":"Can the EU resolve Belarus conundrum?","og_description":"A four-month stand-off between Lukashenko and the pro-democratic protesters posed a serious challenge for the EU. What can Brussels do to support a democratic change in Belarus.","og_url":"https:\/\/libmod.de\/en\/shraibman-can-the-eu-resolve-belarus-conundrum\/","og_site_name":"libmod.de - Zentrum Liberale Moderne","article_publisher":"https:\/\/www.facebook.com\/LiberaleModerne\/","article_published_time":"2020-12-15T11:30:18+00:00","article_modified_time":"2020-12-15T11:30:59+00:00","og_image":[{"width":1200,"height":800,"url":"https:\/\/i2.wp.com\/libmod.de\/wp-content\/uploads\/Minsk_Proteste_August23_20202_shutterstock_1805610085_1200_800.jpg?fit=1200%2C800&ssl=1","type":"image\/jpeg"}],"author":"Artyom Shraibman","twitter_card":"summary_large_image","twitter_title":"Can the EU resolve Belarus conundrum?","twitter_description":"A four-month stand-off between Lukashenko and the pro-democratic protesters posed a serious challenge for the EU. What can Brussels do to support a democratic change in Belarus.","twitter_creator":"@liberalemoderne","twitter_site":"@liberalemoderne","twitter_misc":{"Written by":"Artyom Shraibman","Est. reading time":"8 minutes"},"schema":{"@context":"https:\/\/schema.org","@graph":[{"@type":"Article","@id":"https:\/\/libmod.de\/en\/shraibman-can-the-eu-resolve-belarus-conundrum\/#article","isPartOf":{"@id":"https:\/\/libmod.de\/en\/shraibman-can-the-eu-resolve-belarus-conundrum\/"},"author":{"name":"Artyom Shraibman","@id":"https:\/\/libmod.de\/#\/schema\/person\/9aabf96b334f5cb4b15a8b39d1d2a3df"},"headline":"Can the EU resolve Belarus&nbsp;conundrum?","datePublished":"2020-12-15T11:30:18+00:00","dateModified":"2020-12-15T11:30:59+00:00","mainEntityOfPage":{"@id":"https:\/\/libmod.de\/en\/shraibman-can-the-eu-resolve-belarus-conundrum\/"},"wordCount":1618,"publisher":{"@id":"https:\/\/libmod.de\/#organization"},"image":{"@id":"https:\/\/libmod.de\/en\/shraibman-can-the-eu-resolve-belarus-conundrum\/#primaryimage"},"thumbnailUrl":"https:\/\/libmodredaktion.fra1.digitaloceanspaces.com\/wp-content\/uploads\/20240905144402\/Minsk_Proteste_August23_20202_shutterstock_1805610085_1200_800.jpg","keywords":["Belarus","current","Europe","Europe\u2019s East","Foreign Policy","Human Rights","Kremlin","Liberal Democracy","Lukashenko"],"articleSection":["Analysis\u2003"],"inLanguage":"en-US"},{"@type":"WebPage","@id":"https:\/\/libmod.de\/en\/shraibman-can-the-eu-resolve-belarus-conundrum\/","url":"https:\/\/libmod.de\/en\/shraibman-can-the-eu-resolve-belarus-conundrum\/","name":"Can the EU resolve Belarus conundrum?","isPartOf":{"@id":"https:\/\/libmod.de\/#website"},"primaryImageOfPage":{"@id":"https:\/\/libmod.de\/en\/shraibman-can-the-eu-resolve-belarus-conundrum\/#primaryimage"},"image":{"@id":"https:\/\/libmod.de\/en\/shraibman-can-the-eu-resolve-belarus-conundrum\/#primaryimage"},"thumbnailUrl":"https:\/\/libmodredaktion.fra1.digitaloceanspaces.com\/wp-content\/uploads\/20240905144402\/Minsk_Proteste_August23_20202_shutterstock_1805610085_1200_800.jpg","datePublished":"2020-12-15T11:30:18+00:00","dateModified":"2020-12-15T11:30:59+00:00","description":"A four-month stand-off between Lukashenko and the pro-democratic protesters posed a serious challenge for the EU. What can Brussels do to support a democratic change in Belarus.","breadcrumb":{"@id":"https:\/\/libmod.de\/en\/shraibman-can-the-eu-resolve-belarus-conundrum\/#breadcrumb"},"inLanguage":"en-US","potentialAction":[{"@type":"ReadAction","target":["https:\/\/libmod.de\/en\/shraibman-can-the-eu-resolve-belarus-conundrum\/"]}]},{"@type":"ImageObject","inLanguage":"en-US","@id":"https:\/\/libmod.de\/en\/shraibman-can-the-eu-resolve-belarus-conundrum\/#primaryimage","url":"https:\/\/libmodredaktion.fra1.digitaloceanspaces.com\/wp-content\/uploads\/20240905144402\/Minsk_Proteste_August23_20202_shutterstock_1805610085_1200_800.jpg","contentUrl":"https:\/\/libmodredaktion.fra1.digitaloceanspaces.com\/wp-content\/uploads\/20240905144402\/Minsk_Proteste_August23_20202_shutterstock_1805610085_1200_800.jpg","width":1200,"height":800,"caption":"Proteste am 23. August 2020 in Minsk, Belarus, Foto: Castleski\/Shutterstock"},{"@type":"BreadcrumbList","@id":"https:\/\/libmod.de\/en\/shraibman-can-the-eu-resolve-belarus-conundrum\/#breadcrumb","itemListElement":[{"@type":"ListItem","position":1,"name":"Startseite","item":"https:\/\/libmod.de\/en\/"},{"@type":"ListItem","position":2,"name":"Can the EU resolve Belarus&nbsp;conundrum?"}]},{"@type":"WebSite","@id":"https:\/\/libmod.de\/#website","url":"https:\/\/libmod.de\/","name":"libmod.de - Zentrum Liberale Moderne","description":"Think Tank f\u00fcr Politik in Berlin","publisher":{"@id":"https:\/\/libmod.de\/#organization"},"potentialAction":[{"@type":"SearchAction","target":{"@type":"EntryPoint","urlTemplate":"https:\/\/libmod.de\/?s={search_term_string}"},"query-input":{"@type":"PropertyValueSpecification","valueRequired":true,"valueName":"search_term_string"}}],"inLanguage":"en-US"},{"@type":"Organization","@id":"https:\/\/libmod.de\/#organization","name":"Zentrum Liberale Moderne","url":"https:\/\/libmod.de\/","logo":{"@type":"ImageObject","inLanguage":"en-US","@id":"https:\/\/libmod.de\/#\/schema\/logo\/image\/","url":"https:\/\/libmodredaktion.fra1.digitaloceanspaces.com\/wp-content\/uploads\/20240905145818\/LibMod_Logo_XL.jpg","contentUrl":"https:\/\/libmodredaktion.fra1.digitaloceanspaces.com\/wp-content\/uploads\/20240905145818\/LibMod_Logo_XL.jpg","width":1439,"height":615,"caption":"Zentrum Liberale Moderne"},"image":{"@id":"https:\/\/libmod.de\/#\/schema\/logo\/image\/"},"sameAs":["https:\/\/www.facebook.com\/LiberaleModerne\/","https:\/\/x.com\/liberalemoderne","https:\/\/www.youtube.com\/channel\/UC4Yl_V4pm1LwryD04ky54SA","https:\/\/www.instagram.com\/libmod\/","https:\/\/bsky.app\/profile\/libmod.de"],"description":"Das Zentrum Liberale Moderne ist ein politischer Think Tank und eine Debattenplattform. LibMod steht f\u00fcr die Verteidigung und Erneuerung der liberalen Demokratie, f\u00fcr den Aufbruch in die \u00f6kologische Moderne und f\u00fcr eine fundierte Osteuropa-Expertise."},{"@type":"Person","@id":"https:\/\/libmod.de\/#\/schema\/person\/9aabf96b334f5cb4b15a8b39d1d2a3df","name":"Artyom Shraibman","image":{"@type":"ImageObject","inLanguage":"en-US","@id":"https:\/\/libmodredaktion.fra1.digitaloceanspaces.com\/wp-content\/uploads\/20240905144748\/shraibman_rund-150x150.jpg","url":"https:\/\/libmodredaktion.fra1.digitaloceanspaces.com\/wp-content\/uploads\/20240905144748\/shraibman_rund-150x150.jpg","contentUrl":"https:\/\/libmodredaktion.fra1.digitaloceanspaces.com\/wp-content\/uploads\/20240905144748\/shraibman_rund-150x150.jpg","caption":"Artyom Shraibman"},"description":"Artyom Shraibman ist Politologe und Autor bei tut.by und Carnegie.ru sowie Gr\u00fcnder von Sense Analytics. Zuvor arbeitete er als Journalist in Belarus, von wo aus er 2021 fliehen musste. Er hat einen LLb in V\u00f6lkerrecht (Belarusian State University) und einen MSc in Politik und Kommunikation (London School of Economics).","url":"https:\/\/libmod.de\/en\/author\/artyom-shraibman\/"}]}},"menu_order":637,"_links":{"self":[{"href":"https:\/\/libmod.de\/en\/wp-json\/wp\/v2\/posts\/40236","targetHints":{"allow":["GET"]}}],"collection":[{"href":"https:\/\/libmod.de\/en\/wp-json\/wp\/v2\/posts"}],"about":[{"href":"https:\/\/libmod.de\/en\/wp-json\/wp\/v2\/types\/post"}],"author":[{"embeddable":true,"href":"https:\/\/libmod.de\/en\/wp-json\/wp\/v2\/users\/137"}],"replies":[{"embeddable":true,"href":"https:\/\/libmod.de\/en\/wp-json\/wp\/v2\/comments?post=40236"}],"version-history":[{"count":1,"href":"https:\/\/libmod.de\/en\/wp-json\/wp\/v2\/posts\/40236\/revisions"}],"predecessor-version":[{"id":40237,"href":"https:\/\/libmod.de\/en\/wp-json\/wp\/v2\/posts\/40236\/revisions\/40237"}],"wp:featuredmedia":[{"embeddable":true,"href":"https:\/\/libmod.de\/en\/wp-json\/wp\/v2\/media\/40232"}],"wp:attachment":[{"href":"https:\/\/libmod.de\/en\/wp-json\/wp\/v2\/media?parent=40236"}],"wp:term":[{"taxonomy":"category","embeddable":true,"href":"https:\/\/libmod.de\/en\/wp-json\/wp\/v2\/categories?post=40236"},{"taxonomy":"post_tag","embeddable":true,"href":"https:\/\/libmod.de\/en\/wp-json\/wp\/v2\/tags?post=40236"}],"curies":[{"name":"wp","href":"https:\/\/api.w.org\/{rel}","templated":true}]}}