{"id":44485,"date":"2022-01-25T14:03:33","date_gmt":"2022-01-25T13:03:33","guid":{"rendered":"https:\/\/libmod.de\/ein-dringender-appell-aus-der-ukraine\/"},"modified":"2022-05-06T11:02:14","modified_gmt":"2022-05-06T09:02:14","slug":"an-urgent-appeal-from-ukraine-2","status":"publish","type":"post","link":"https:\/\/libmod.de\/en\/an-urgent-appeal-from-ukraine-2\/","title":{"rendered":"An urgent appeal from Ukraine: the country now needs Germany\u2019s full&nbsp;solidarity"},"content":{"rendered":"<div class=\"wpb-content-wrapper\"><p>[vc_row][vc_column width=\u201c2\/3\u201d][vc_column_text]<\/p>\n<h3>Two prominent members of the Ukrainian parliament appeal to their colleagues in the German Bundestag to stand by Ukraine in the face of Russian threats of&nbsp;war.<\/h3>\n<p><!--more--><\/p>\n<p>We are documenting a&nbsp;letter of <strong>Oleksandr Merezhko<\/strong> and<strong> Ivanna Klympush-Tsintsadze<\/strong>, the chairman of the Rada Foreign Affairs Committee and the chair\u00adwoman of the Committee on Ukraine\u2019s European Integration, to the members of the German&nbsp;Bundestag.<\/p>\n<p>They appeal to their German colleagues to stand by Ukraine in the face of Russian threats of war. This includes a&nbsp;clear signal to the Kremlin that massive economic sanctions will follow in the event of a&nbsp;renewed attack on Ukraine. Nord Stream 2&nbsp;and Russia\u2019s exclusion from the SWIFT inter\u00adna\u00adtional payment system must not be excluded from this. This also includes strength\u00adening Ukraine\u2019s defense capabil\u00adities to raise the threshold for a&nbsp;Russian attack. The delivery of defensive weapons systems is covered by the right to self-defense enshrined in the UN&nbsp;Charter.<\/p>\n<p>Among other activ\u00adities, the Center for Liberal Modernity is working as a&nbsp;mentoring partner for Verkhovna Rada deputies. The two committee chairs of the Ukrainian parliament have asked us to forward the attached letter to their colleagues in the German Bundestag. Germany has a&nbsp;key role to play in the current crisis situation. Our respon\u00adsi\u00adbility extends far beyond Ukraine. The future of the European peace order is at&nbsp;stake.<\/p>\n<p>Marieluise Beck &amp;&nbsp;Ralf F\u00fccks<br>\nCenter for Liberal Modernity,&nbsp;Berlin<\/p>\n<p>\u2014\u2014\u2014\u2014\u2014\u2014\u2014\u2014\u2014\u2014\u2014\u2014\u2014\u2014\u2013<\/p>\n<p>Dear distin\u00adguished&nbsp;colleagues,<\/p>\n<p>Recently we celebrated 30&nbsp;years since the resumption of official inter\u00adstate relations between the Federal Republic of Germany and Ukraine. They have been marked by different periods, but have been seriously deepened over the last years, since&nbsp;2014.<\/p>\n<p>The inter-parlia\u00admentary track of our cooper\u00adation has also played a&nbsp;special role in strength\u00adening our relationship, namely building trust and friendly relations between our nations. We are looking forward to the creation and start of the work of the German-Ukrainian friendship group in&nbsp;Bundestag.<\/p>\n<p>We are taking this oppor\u00adtunity to express our gratitude for all the political and economic support Ukraine has received from Germany over these years in different forms and&nbsp;formats.<\/p>\n<p>However, challenges and threats, that we are commonly facing, have risen immensely over the last couple of&nbsp;months.<\/p>\n<p>Latest massive Russian troop deployment on the border with Ukraine, intensive Russia-Belarus military trainings, growing aggressive rhetoric of Russian leadership, Russia\u2019s security ultimatum, \u2014 all of these are requiring an acute and united&nbsp;response.<\/p>\n<p>There is a&nbsp;real threat that Putin could launch a&nbsp;new attack on Ukraine via different scenarios: massive military strike from the East, North, and\/\u200bor South, from occupied Crimea; local military opera\u00adtions; desta\u00adbi\u00adlization of the situation inside the country via hybrid instru\u00adments (from psycho\u00adlogical pressure, cyber-attacks, subversive activ\u00adities to other means, including plotting to put pro-Kremlin leader in&nbsp;Kyiv).<\/p>\n<p>With these actions, Kremlin wants to intim\u00adidate and attack not only Ukraine but the entire civilized world. With a&nbsp;spiral of a&nbsp;new escalation in the center of Europe Moscow expects conces\u00adsions in relation to its unfounded ultimatum demands to the West, which include the provision of NATO non-expansion guarantees and \u201csecurity guarantees\u201d to&nbsp;Russia.<\/p>\n<p>The strangest thing in all this rhetoric and action is that the country, which has blatantly violated inter\u00adna\u00adtional law and inter\u00adna\u00adtional oblig\u00ada\u00adtions, including the Budapest Memorandum, which attacked its neigh\u00adbours, occupied part of their terri\u00adtories, killed thousands of civilians and military personnel, protecting their land, country which forced its own passports on citizens on the occupied terri\u00adtories, which has been conducting infor\u00admation propa\u00adganda war against the West and its direct neigh\u00adbours, which has used energy as a&nbsp;weapon, which has launched attacks on the free world via cyber-attacks, intrusion in electoral processes, attempts, and assas\u00adsi\u00adna\u00adtions on the terri\u00adtories of Western countries, dares to require \u201csecurity guarantees\u201d for&nbsp;itself.<\/p>\n<p>Ukraine has been resisting Russian aggression for eight years now. Tens of thousands of dead and wounded, about 1.5mln inter\u00adnally displaced people, illegally annexed and occupied Crimea, hostil\u00adities in occupied Eastern part of Ukraine \u2014 this is the price we pay since 2014 for the desire to be free, to be democ\u00adratic, to transform and to choose our own path aspiring for membership in the European Union and&nbsp;NATO.<\/p>\n<p>We do not want war. We know by our own tragic experience that nothing is more harmful and fright\u00adening than when the military machines start fighting. We under\u00adstand that Germany also remembers the war victims. This under\u00adstanding of evil is uniting us. We remember the Nazi occupation with so many victims and the genocide of our Jewish population. We also remember the times when Stalin\u2018s terror was ruling our people and the Great Famine \u2014 genocide against Ukrainians, which was delib\u00ader\u00adately created by him, killing millions of our&nbsp;ancestors.<\/p>\n<p>We do want to live in peace with all our neighbors. We want to live in peace with Russia. We want that to happen on the basis of inter\u00adna\u00adtional law and full restoration of our terri\u00adtorial integrity, sover\u00adeignty, and independence.<\/p>\n<p>But today we see that Putin is getting ready to make his troops march again in a&nbsp;new level of attack on us. Shall we have no chance to keep the Russian military to occupy our&nbsp;country?<\/p>\n<p>You say \u201eNever a&nbsp;war again\u201c and draw that as a&nbsp;conclusion from your&nbsp;history.<\/p>\n<p>What do you tell to people though, who are being attacked and did not start the&nbsp;fighting?<\/p>\n<p>Prevention of the war means that the aggressor takes the risk that he might not win. Prevention might work if you are unrolling preventive sanctions and if we are so well equipped and well skilled that risk is too high to even start a&nbsp;war.<\/p>\n<p>Your government unfor\u00adtu\u00adnately has decided not to help equip us, knowing well how much the Russian military has been modernized over the last&nbsp;years.<\/p>\n<p>We call on you, dear colleagues-parlia\u00admen\u00adtarians, not to share this approach. Do you really want to leave us badly equipped? Do you really think it is just and respon\u00adsible to keep others from equipping us? What do you answer us, Ukrainians, who have to face the fact that the war is already there and new aggression must be prevented? What do you say to us who are ready to defend our own land, but need your engagement and action in deterring the aggressor, as well as helping us to be fully prepared to&nbsp;fight?<\/p>\n<p>We heard that you want to send us a&nbsp;mobile military hospital. Being sincerely grateful for any support, we would like to under\u00adstand \u2014 does that mean that you expect a&nbsp;war to come and that\u2019s how you define efficient support to those who most likely will be&nbsp;attacked?<\/p>\n<p>Inter\u00adna\u00adtional law allows the right to defend oneself. We are prepared to do that but do not see your govern\u00adment\u2019s actions leaving us under\u00adequipped militarily as a&nbsp;real move of solidary and&nbsp;support.<\/p>\n<p>You might argue that you want to prevent Russian attack by other means than military fighting. We totally share that&nbsp;wish.<\/p>\n<p>But we saw you welcoming and building a&nbsp;North Stream\u20112 gas line from Russia which makes gas delivered through Ukraine unnec\u00adessary and thus makes us more vulnerable, moreover, this move also puts European and German energy security at&nbsp;risk.<\/p>\n<p>We hear both govern\u00admental officials and opposition party leaders in Germany doubting cutting Russia off SWIFT as an efficient sanction, or being worried that this sanction would harm Germany\u2019s&nbsp;economy.<\/p>\n<p>We remember many of you cheering us when we fought for our freedom on Maidan. Can you really bear leaving us alone when freedom as a&nbsp;basic right of human beings and nations is at&nbsp;stake?<\/p>\n<p>It is crucial to under\u00adstand, that Russian aggression is a&nbsp;threat not only to Ukraine\u2019s security but is a&nbsp;real threat to the safety of Europe as a&nbsp;whole. Your further prosperity and security directly depend on the survival of free, independent, democ\u00adratic&nbsp;Ukraine.<\/p>\n<p>The threat of war can only be averted by joint efforts, including preventive measures towards the aggressor and direct and full support to the potential victim, including the provision of defensive weapons. Only such a&nbsp;coherent approach might restrain the aggressor from reckless&nbsp;actions.<\/p>\n<p>A set of tools is at your disposal which could demon\u00adstrate the seriousness of the conse\u00adquences in case of Russia\u2019s new wave of attack on Ukraine. They range from inter\u00adna\u00adtional isolation and Russia\u2019s expulsion from all inter\u00adna\u00adtional insti\u00adtu\u00adtions; from termi\u00adnation of economic, investment, and financial cooper\u00adation, including discon\u00adnection from SWIFT; from refusal to import Russian hydro\u00adcarbons, as well as raw materials; to freezing Russian assets and imposing personal sanctions against Putin\u2019s inner&nbsp;circle.<\/p>\n<p>Another preventive measure is the strengthened the defensive capacity of the Ukrainian army. Ukraine needs military-technical support from partners, including Germany. In this regard, parlia\u00admen\u00adtarians can play a&nbsp;key role.<\/p>\n<p>Ukrainians have been upholding Western forefront for 8&nbsp;years with high resolve, dignity, and dedication.&nbsp; Therefore, it is regret\u00adtable for us to hear strange state\u00adments of some German officials with regard to the future of illegally occupied Crimea, or the prospect of Ukraine\u2019s membership in NATO, or refusal to help with weapons or even to preclude others from helping. All of these play along Russian propa\u00adganda aimed at dividing European and EuroAt\u00adlantic community of nations, as well as under\u00admining bilateral relations between our&nbsp;countries.<\/p>\n<p>We hope that you, dear colleagues, as Bundestag members, will be ready to once again polit\u00adi\u00adcally re-assess the situation and prevent possible negative conse\u00adquences in the&nbsp;future.<\/p>\n<p>Taking this oppor\u00adtunity, we would like to ask you to take the lead and act in adjusting accord\u00adingly German position, policy, and approach to living up to the geopo\u00adlitical challenge, solidarity, and responsibility.<\/p>\n<p>Martin Luther King Jr. once said: \u00abIn the end, we will remember not the words of our enemies, but the silence of our friends\u201d. We hope, we will remember and cherish the actions of our friends, including&nbsp;Germany.<\/p>\n<p>It is impos\u00adsible to achieve peace by appeasing the aggressor. It\u2019s still not too late to change the approach. We do hope for your solidarity and&nbsp;support.<\/p>\n<p>We express our full readiness to further deepen bilateral inter-parlia\u00admentary cooper\u00adation and are looking forward to the contin\u00adu\u00adation of the direct dialogue with&nbsp;you.<\/p>\n<p>Yours sincerely,<\/p>\n<p>On behalf of members of the Committee on Foreign Policy and Inter-Parlia\u00admentary Cooperation<br>\n<strong>Oleksandr Merezhko&nbsp;<\/strong><br>\nChair of the Committee on Foreign Policy and Inter-Parlia\u00admentary Cooperation,<br>\n\u201cServant of the People\u201d&nbsp;Party<\/p>\n<p>On behalf of members of the Committee on Ukraine\u2019s Integration into the&nbsp;EU<br>\n<strong>Ivanna Klympush-Tsintsadze<\/strong><br>\nChair of the Committee on Ukraine\u2019s Integration into the&nbsp;EU,<br>\n\u201cEuropean Solidarity\u201d Party<\/p>\n<p>&nbsp;<\/p>\n<p><em>Freiga\u00adbev\u00adermerk: Dieser Text darf zu Pressezwecken unter Angabe des Autors \u201e# \/\u200bZentrum Liberale Moderne\u201c frei verwendet&nbsp;werden.<br>\n<\/em><em>Download als PDF mit \u201eDrucken \u2013 als PDF sichern ...\u201c<\/em>[\/vc_column_text][\/vc_column][vc_column width=\u201c1\/3\u201d el_class=\u201cdimmer\u201d][vc_column_text]<a href=\"http:\/\/libmod.de\/pressemitteilungen\/\"><img class=\"alignnone wp-image-24575 size-full\" src=\"https:\/\/libmodredaktion.fra1.digitaloceanspaces.com\/wp-content\/uploads\/20240905145858\/Pressemitteilungen-1.jpg\" alt width=\"1200\" height=\"800\" srcset=\"https:\/\/libmodredaktion.fra1.digitaloceanspaces.com\/wp-content\/uploads\/20240905145858\/Pressemitteilungen-1.jpg 1200w, https:\/\/libmodredaktion.fra1.digitaloceanspaces.com\/wp-content\/uploads\/20240905145858\/Pressemitteilungen-1-300x200.jpg 300w, https:\/\/libmodredaktion.fra1.digitaloceanspaces.com\/wp-content\/uploads\/20240905145858\/Pressemitteilungen-1-768x512.jpg 768w\" sizes=\"(max-width: 1200px) 100vw, 1200px\"><\/a>[\/vc_column_text][\/vc_column][\/vc_row]<\/p>\n<\/div>","protected":false},"excerpt":{"rendered":"<p>[vc_row][vc_column width=\u201c2\/3\u201d][vc_column_text] Two prominent members of the Ukrainian parliament appeal to their colleagues in the German Bundestag to stand by Ukraine in the face of Russian threats of&nbsp;war.<\/p>\n","protected":false},"author":115,"featured_media":29766,"comment_status":"closed","ping_status":"closed","sticky":false,"template":"","format":"standard","meta":{"_acf_changed":false,"wp_typography_post_enhancements_disabled":false,"mc4wp_mailchimp_campaign":[],"footnotes":""},"categories":[2821],"tags":[14818,2987,2879,14888,10657],"class_list":["post-44485","post","type-post","status-publish","format-standard","has-post-thumbnail","category-press-release","tag-comment","tag-current","tag-russia","tag-start-en-en","tag-ukraine-en"],"acf":[],"yoast_head":"<!-- This site is optimized with the Yoast SEO Premium plugin v27.4 (Yoast SEO v27.5) - https:\/\/yoast.com\/product\/yoast-seo-premium-wordpress\/ -->\n<title>An urgent appeal from Ukraine: the country now needs Germany&#039;s full solidarity<\/title>\n<meta name=\"description\" content=\"Two prominent members of the Ukrainian parliament appeal to their colleagues in the German Bundestag to stand by Ukraine in the face of Russian threats of war.\" \/>\n<meta name=\"robots\" content=\"index, follow, max-snippet:-1, max-image-preview:large, max-video-preview:-1\" \/>\n<link rel=\"canonical\" href=\"https:\/\/libmod.de\/en\/an-urgent-appeal-from-ukraine-2\/\" \/>\n<meta property=\"og:locale\" content=\"en_US\" \/>\n<meta property=\"og:type\" content=\"article\" \/>\n<meta property=\"og:title\" content=\"An urgent appeal from Ukraine: the country now needs Germany&#039;s full solidarity\" \/>\n<meta property=\"og:description\" content=\"Two prominent members of the Ukrainian parliament appeal to their colleagues in the German Bundestag to stand by Ukraine in the face of Russian threats of war.\" \/>\n<meta property=\"og:url\" content=\"https:\/\/libmod.de\/en\/an-urgent-appeal-from-ukraine-2\/\" \/>\n<meta property=\"og:site_name\" content=\"libmod.de - Zentrum Liberale Moderne\" \/>\n<meta property=\"article:publisher\" content=\"https:\/\/www.facebook.com\/LiberaleModerne\/\" \/>\n<meta property=\"article:published_time\" content=\"2022-01-25T13:03:33+00:00\" \/>\n<meta property=\"article:modified_time\" content=\"2022-05-06T09:02:14+00:00\" \/>\n<meta property=\"og:image\" content=\"https:\/\/libmod.de\/wp-content\/uploads\/Rada_800-1.jpg\" \/>\n\t<meta property=\"og:image:width\" content=\"1200\" \/>\n\t<meta property=\"og:image:height\" content=\"800\" \/>\n\t<meta property=\"og:image:type\" content=\"image\/jpeg\" \/>\n<meta name=\"author\" content=\"Ralf F\u00fccks, Marieluise Beck\" \/>\n<meta name=\"twitter:card\" content=\"summary_large_image\" \/>\n<meta name=\"twitter:description\" content=\"Two prominent members of the Ukrainian parliament appeal to their colleagues in the German Bundestag to stand by Ukraine in the face of Russian threats of war.\" \/>\n<meta name=\"twitter:creator\" content=\"@liberalemoderne\" \/>\n<meta name=\"twitter:site\" content=\"@liberalemoderne\" \/>\n<meta name=\"twitter:label1\" content=\"Written by\" \/>\n\t<meta name=\"twitter:data1\" content=\"Ralf F\u00fccks, Marieluise Beck\" \/>\n\t<meta name=\"twitter:label2\" content=\"Est. reading time\" \/>\n\t<meta name=\"twitter:data2\" content=\"11 minutes\" \/>\n<script type=\"application\/ld+json\" class=\"yoast-schema-graph\">{\"@context\":\"https:\\\/\\\/schema.org\",\"@graph\":[{\"@type\":\"Article\",\"@id\":\"https:\\\/\\\/libmod.de\\\/en\\\/an-urgent-appeal-from-ukraine-2\\\/#article\",\"isPartOf\":{\"@id\":\"https:\\\/\\\/libmod.de\\\/en\\\/an-urgent-appeal-from-ukraine-2\\\/\"},\"author\":{\"name\":\"Ralf F\u00fccks, Marieluise Beck\",\"@id\":\"https:\\\/\\\/libmod.de\\\/#\\\/schema\\\/person\\\/cf451a7b6d2322afeb29f1393254a1a7\"},\"headline\":\"An urgent appeal from Ukraine: the country now needs Germany\u2019s full&nbsp;solidarity\",\"datePublished\":\"2022-01-25T13:03:33+00:00\",\"dateModified\":\"2022-05-06T09:02:14+00:00\",\"mainEntityOfPage\":{\"@id\":\"https:\\\/\\\/libmod.de\\\/en\\\/an-urgent-appeal-from-ukraine-2\\\/\"},\"wordCount\":1825,\"publisher\":{\"@id\":\"https:\\\/\\\/libmod.de\\\/#organization\"},\"image\":{\"@id\":\"https:\\\/\\\/libmod.de\\\/en\\\/an-urgent-appeal-from-ukraine-2\\\/#primaryimage\"},\"thumbnailUrl\":\"https:\\\/\\\/libmodredaktion.fra1.digitaloceanspaces.com\\\/wp-content\\\/uploads\\\/20240905145858\\\/Pressemitteilungen-1.jpg\",\"keywords\":[\"comment\",\"current\",\"Russia\",\"start-en\",\"Ukraine\"],\"articleSection\":[\"Press Release\u2003\"],\"inLanguage\":\"en-US\"},{\"@type\":\"WebPage\",\"@id\":\"https:\\\/\\\/libmod.de\\\/en\\\/an-urgent-appeal-from-ukraine-2\\\/\",\"url\":\"https:\\\/\\\/libmod.de\\\/en\\\/an-urgent-appeal-from-ukraine-2\\\/\",\"name\":\"An urgent appeal from Ukraine: the country now needs Germany's full solidarity\",\"isPartOf\":{\"@id\":\"https:\\\/\\\/libmod.de\\\/#website\"},\"primaryImageOfPage\":{\"@id\":\"https:\\\/\\\/libmod.de\\\/en\\\/an-urgent-appeal-from-ukraine-2\\\/#primaryimage\"},\"image\":{\"@id\":\"https:\\\/\\\/libmod.de\\\/en\\\/an-urgent-appeal-from-ukraine-2\\\/#primaryimage\"},\"thumbnailUrl\":\"https:\\\/\\\/libmodredaktion.fra1.digitaloceanspaces.com\\\/wp-content\\\/uploads\\\/20240905145858\\\/Pressemitteilungen-1.jpg\",\"datePublished\":\"2022-01-25T13:03:33+00:00\",\"dateModified\":\"2022-05-06T09:02:14+00:00\",\"description\":\"Two prominent members of the Ukrainian parliament appeal to their colleagues in the German Bundestag to stand by Ukraine in the face of Russian threats of war.\",\"breadcrumb\":{\"@id\":\"https:\\\/\\\/libmod.de\\\/en\\\/an-urgent-appeal-from-ukraine-2\\\/#breadcrumb\"},\"inLanguage\":\"en-US\",\"potentialAction\":[{\"@type\":\"ReadAction\",\"target\":[\"https:\\\/\\\/libmod.de\\\/en\\\/an-urgent-appeal-from-ukraine-2\\\/\"]}]},{\"@type\":\"ImageObject\",\"inLanguage\":\"en-US\",\"@id\":\"https:\\\/\\\/libmod.de\\\/en\\\/an-urgent-appeal-from-ukraine-2\\\/#primaryimage\",\"url\":\"https:\\\/\\\/libmodredaktion.fra1.digitaloceanspaces.com\\\/wp-content\\\/uploads\\\/20240905145858\\\/Pressemitteilungen-1.jpg\",\"contentUrl\":\"https:\\\/\\\/libmodredaktion.fra1.digitaloceanspaces.com\\\/wp-content\\\/uploads\\\/20240905145858\\\/Pressemitteilungen-1.jpg\",\"width\":1200,\"height\":800},{\"@type\":\"BreadcrumbList\",\"@id\":\"https:\\\/\\\/libmod.de\\\/en\\\/an-urgent-appeal-from-ukraine-2\\\/#breadcrumb\",\"itemListElement\":[{\"@type\":\"ListItem\",\"position\":1,\"name\":\"Startseite\",\"item\":\"https:\\\/\\\/libmod.de\\\/en\\\/\"},{\"@type\":\"ListItem\",\"position\":2,\"name\":\"An urgent appeal from Ukraine: the country now needs Germany&#8217;s full solidarity\"}]},{\"@type\":\"WebSite\",\"@id\":\"https:\\\/\\\/libmod.de\\\/#website\",\"url\":\"https:\\\/\\\/libmod.de\\\/\",\"name\":\"libmod.de - Zentrum Liberale Moderne\",\"description\":\"Think Tank f\u00fcr Politik in Berlin\",\"publisher\":{\"@id\":\"https:\\\/\\\/libmod.de\\\/#organization\"},\"potentialAction\":[{\"@type\":\"SearchAction\",\"target\":{\"@type\":\"EntryPoint\",\"urlTemplate\":\"https:\\\/\\\/libmod.de\\\/?s={search_term_string}\"},\"query-input\":{\"@type\":\"PropertyValueSpecification\",\"valueRequired\":true,\"valueName\":\"search_term_string\"}}],\"inLanguage\":\"en-US\"},{\"@type\":\"Organization\",\"@id\":\"https:\\\/\\\/libmod.de\\\/#organization\",\"name\":\"Zentrum Liberale Moderne\",\"url\":\"https:\\\/\\\/libmod.de\\\/\",\"logo\":{\"@type\":\"ImageObject\",\"inLanguage\":\"en-US\",\"@id\":\"https:\\\/\\\/libmod.de\\\/#\\\/schema\\\/logo\\\/image\\\/\",\"url\":\"https:\\\/\\\/libmodredaktion.fra1.digitaloceanspaces.com\\\/wp-content\\\/uploads\\\/20240905145818\\\/LibMod_Logo_XL.jpg\",\"contentUrl\":\"https:\\\/\\\/libmodredaktion.fra1.digitaloceanspaces.com\\\/wp-content\\\/uploads\\\/20240905145818\\\/LibMod_Logo_XL.jpg\",\"width\":1439,\"height\":615,\"caption\":\"Zentrum Liberale Moderne\"},\"image\":{\"@id\":\"https:\\\/\\\/libmod.de\\\/#\\\/schema\\\/logo\\\/image\\\/\"},\"sameAs\":[\"https:\\\/\\\/www.facebook.com\\\/LiberaleModerne\\\/\",\"https:\\\/\\\/x.com\\\/liberalemoderne\",\"https:\\\/\\\/www.youtube.com\\\/channel\\\/UC4Yl_V4pm1LwryD04ky54SA\",\"https:\\\/\\\/www.instagram.com\\\/libmod\\\/\",\"https:\\\/\\\/bsky.app\\\/profile\\\/libmod.de\"],\"description\":\"Das Zentrum Liberale Moderne ist ein politischer Think Tank und eine Debattenplattform. LibMod steht f\u00fcr die Verteidigung und Erneuerung der liberalen Demokratie, f\u00fcr den Aufbruch in die \u00f6kologische Moderne und f\u00fcr eine fundierte Osteuropa-Expertise.\"},{\"@type\":\"Person\",\"@id\":\"https:\\\/\\\/libmod.de\\\/#\\\/schema\\\/person\\\/cf451a7b6d2322afeb29f1393254a1a7\",\"name\":\"Ralf F\u00fccks, Marieluise Beck\",\"image\":{\"@type\":\"ImageObject\",\"inLanguage\":\"en-US\",\"@id\":\"https:\\\/\\\/libmodredaktion.fra1.digitaloceanspaces.com\\\/wp-content\\\/uploads\\\/20240905144744\\\/FuecksBeck-150x150.jpg\",\"url\":\"https:\\\/\\\/libmodredaktion.fra1.digitaloceanspaces.com\\\/wp-content\\\/uploads\\\/20240905144744\\\/FuecksBeck-150x150.jpg\",\"contentUrl\":\"https:\\\/\\\/libmodredaktion.fra1.digitaloceanspaces.com\\\/wp-content\\\/uploads\\\/20240905144744\\\/FuecksBeck-150x150.jpg\",\"caption\":\"Ralf F\u00fccks, Marieluise Beck\"},\"url\":\"https:\\\/\\\/libmod.de\\\/en\\\/author\\\/fuecks_beck\\\/\"}]}<\/script>\n<!-- \/ Yoast SEO Premium plugin. -->","yoast_head_json":{"title":"An urgent appeal from Ukraine: the country now needs Germany's full solidarity","description":"Two prominent members of the Ukrainian parliament appeal to their colleagues in the German Bundestag to stand by Ukraine in the face of Russian threats of war.","robots":{"index":"index","follow":"follow","max-snippet":"max-snippet:-1","max-image-preview":"max-image-preview:large","max-video-preview":"max-video-preview:-1"},"canonical":"https:\/\/libmod.de\/en\/an-urgent-appeal-from-ukraine-2\/","og_locale":"en_US","og_type":"article","og_title":"An urgent appeal from Ukraine: the country now needs Germany's full solidarity","og_description":"Two prominent members of the Ukrainian parliament appeal to their colleagues in the German Bundestag to stand by Ukraine in the face of Russian threats of war.","og_url":"https:\/\/libmod.de\/en\/an-urgent-appeal-from-ukraine-2\/","og_site_name":"libmod.de - Zentrum Liberale Moderne","article_publisher":"https:\/\/www.facebook.com\/LiberaleModerne\/","article_published_time":"2022-01-25T13:03:33+00:00","article_modified_time":"2022-05-06T09:02:14+00:00","og_image":[{"width":1200,"height":800,"url":"https:\/\/libmod.de\/wp-content\/uploads\/Rada_800-1.jpg","type":"image\/jpeg"}],"author":"Ralf F\u00fccks, Marieluise Beck","twitter_card":"summary_large_image","twitter_description":"Two prominent members of the Ukrainian parliament appeal to their colleagues in the German Bundestag to stand by Ukraine in the face of Russian threats of war.","twitter_creator":"@liberalemoderne","twitter_site":"@liberalemoderne","twitter_misc":{"Written by":"Ralf F\u00fccks, Marieluise Beck","Est. reading time":"11 minutes"},"schema":{"@context":"https:\/\/schema.org","@graph":[{"@type":"Article","@id":"https:\/\/libmod.de\/en\/an-urgent-appeal-from-ukraine-2\/#article","isPartOf":{"@id":"https:\/\/libmod.de\/en\/an-urgent-appeal-from-ukraine-2\/"},"author":{"name":"Ralf F\u00fccks, Marieluise Beck","@id":"https:\/\/libmod.de\/#\/schema\/person\/cf451a7b6d2322afeb29f1393254a1a7"},"headline":"An urgent appeal from Ukraine: the country now needs Germany\u2019s full&nbsp;solidarity","datePublished":"2022-01-25T13:03:33+00:00","dateModified":"2022-05-06T09:02:14+00:00","mainEntityOfPage":{"@id":"https:\/\/libmod.de\/en\/an-urgent-appeal-from-ukraine-2\/"},"wordCount":1825,"publisher":{"@id":"https:\/\/libmod.de\/#organization"},"image":{"@id":"https:\/\/libmod.de\/en\/an-urgent-appeal-from-ukraine-2\/#primaryimage"},"thumbnailUrl":"https:\/\/libmodredaktion.fra1.digitaloceanspaces.com\/wp-content\/uploads\/20240905145858\/Pressemitteilungen-1.jpg","keywords":["comment","current","Russia","start-en","Ukraine"],"articleSection":["Press Release\u2003"],"inLanguage":"en-US"},{"@type":"WebPage","@id":"https:\/\/libmod.de\/en\/an-urgent-appeal-from-ukraine-2\/","url":"https:\/\/libmod.de\/en\/an-urgent-appeal-from-ukraine-2\/","name":"An urgent appeal from Ukraine: the country now needs Germany's full solidarity","isPartOf":{"@id":"https:\/\/libmod.de\/#website"},"primaryImageOfPage":{"@id":"https:\/\/libmod.de\/en\/an-urgent-appeal-from-ukraine-2\/#primaryimage"},"image":{"@id":"https:\/\/libmod.de\/en\/an-urgent-appeal-from-ukraine-2\/#primaryimage"},"thumbnailUrl":"https:\/\/libmodredaktion.fra1.digitaloceanspaces.com\/wp-content\/uploads\/20240905145858\/Pressemitteilungen-1.jpg","datePublished":"2022-01-25T13:03:33+00:00","dateModified":"2022-05-06T09:02:14+00:00","description":"Two prominent members of the Ukrainian parliament appeal to their colleagues in the German Bundestag to stand by Ukraine in the face of Russian threats of war.","breadcrumb":{"@id":"https:\/\/libmod.de\/en\/an-urgent-appeal-from-ukraine-2\/#breadcrumb"},"inLanguage":"en-US","potentialAction":[{"@type":"ReadAction","target":["https:\/\/libmod.de\/en\/an-urgent-appeal-from-ukraine-2\/"]}]},{"@type":"ImageObject","inLanguage":"en-US","@id":"https:\/\/libmod.de\/en\/an-urgent-appeal-from-ukraine-2\/#primaryimage","url":"https:\/\/libmodredaktion.fra1.digitaloceanspaces.com\/wp-content\/uploads\/20240905145858\/Pressemitteilungen-1.jpg","contentUrl":"https:\/\/libmodredaktion.fra1.digitaloceanspaces.com\/wp-content\/uploads\/20240905145858\/Pressemitteilungen-1.jpg","width":1200,"height":800},{"@type":"BreadcrumbList","@id":"https:\/\/libmod.de\/en\/an-urgent-appeal-from-ukraine-2\/#breadcrumb","itemListElement":[{"@type":"ListItem","position":1,"name":"Startseite","item":"https:\/\/libmod.de\/en\/"},{"@type":"ListItem","position":2,"name":"An urgent appeal from Ukraine: the country now needs Germany&#8217;s full solidarity"}]},{"@type":"WebSite","@id":"https:\/\/libmod.de\/#website","url":"https:\/\/libmod.de\/","name":"libmod.de - Zentrum Liberale Moderne","description":"Think Tank f\u00fcr Politik in Berlin","publisher":{"@id":"https:\/\/libmod.de\/#organization"},"potentialAction":[{"@type":"SearchAction","target":{"@type":"EntryPoint","urlTemplate":"https:\/\/libmod.de\/?s={search_term_string}"},"query-input":{"@type":"PropertyValueSpecification","valueRequired":true,"valueName":"search_term_string"}}],"inLanguage":"en-US"},{"@type":"Organization","@id":"https:\/\/libmod.de\/#organization","name":"Zentrum Liberale Moderne","url":"https:\/\/libmod.de\/","logo":{"@type":"ImageObject","inLanguage":"en-US","@id":"https:\/\/libmod.de\/#\/schema\/logo\/image\/","url":"https:\/\/libmodredaktion.fra1.digitaloceanspaces.com\/wp-content\/uploads\/20240905145818\/LibMod_Logo_XL.jpg","contentUrl":"https:\/\/libmodredaktion.fra1.digitaloceanspaces.com\/wp-content\/uploads\/20240905145818\/LibMod_Logo_XL.jpg","width":1439,"height":615,"caption":"Zentrum Liberale Moderne"},"image":{"@id":"https:\/\/libmod.de\/#\/schema\/logo\/image\/"},"sameAs":["https:\/\/www.facebook.com\/LiberaleModerne\/","https:\/\/x.com\/liberalemoderne","https:\/\/www.youtube.com\/channel\/UC4Yl_V4pm1LwryD04ky54SA","https:\/\/www.instagram.com\/libmod\/","https:\/\/bsky.app\/profile\/libmod.de"],"description":"Das Zentrum Liberale Moderne ist ein politischer Think Tank und eine Debattenplattform. LibMod steht f\u00fcr die Verteidigung und Erneuerung der liberalen Demokratie, f\u00fcr den Aufbruch in die \u00f6kologische Moderne und f\u00fcr eine fundierte Osteuropa-Expertise."},{"@type":"Person","@id":"https:\/\/libmod.de\/#\/schema\/person\/cf451a7b6d2322afeb29f1393254a1a7","name":"Ralf F\u00fccks, Marieluise Beck","image":{"@type":"ImageObject","inLanguage":"en-US","@id":"https:\/\/libmodredaktion.fra1.digitaloceanspaces.com\/wp-content\/uploads\/20240905144744\/FuecksBeck-150x150.jpg","url":"https:\/\/libmodredaktion.fra1.digitaloceanspaces.com\/wp-content\/uploads\/20240905144744\/FuecksBeck-150x150.jpg","contentUrl":"https:\/\/libmodredaktion.fra1.digitaloceanspaces.com\/wp-content\/uploads\/20240905144744\/FuecksBeck-150x150.jpg","caption":"Ralf F\u00fccks, Marieluise Beck"},"url":"https:\/\/libmod.de\/en\/author\/fuecks_beck\/"}]}},"menu_order":633,"_links":{"self":[{"href":"https:\/\/libmod.de\/en\/wp-json\/wp\/v2\/posts\/44485","targetHints":{"allow":["GET"]}}],"collection":[{"href":"https:\/\/libmod.de\/en\/wp-json\/wp\/v2\/posts"}],"about":[{"href":"https:\/\/libmod.de\/en\/wp-json\/wp\/v2\/types\/post"}],"author":[{"embeddable":true,"href":"https:\/\/libmod.de\/en\/wp-json\/wp\/v2\/users\/115"}],"replies":[{"embeddable":true,"href":"https:\/\/libmod.de\/en\/wp-json\/wp\/v2\/comments?post=44485"}],"version-history":[{"count":6,"href":"https:\/\/libmod.de\/en\/wp-json\/wp\/v2\/posts\/44485\/revisions"}],"predecessor-version":[{"id":44491,"href":"https:\/\/libmod.de\/en\/wp-json\/wp\/v2\/posts\/44485\/revisions\/44491"}],"wp:featuredmedia":[{"embeddable":true,"href":"https:\/\/libmod.de\/en\/wp-json\/wp\/v2\/media\/29766"}],"wp:attachment":[{"href":"https:\/\/libmod.de\/en\/wp-json\/wp\/v2\/media?parent=44485"}],"wp:term":[{"taxonomy":"category","embeddable":true,"href":"https:\/\/libmod.de\/en\/wp-json\/wp\/v2\/categories?post=44485"},{"taxonomy":"post_tag","embeddable":true,"href":"https:\/\/libmod.de\/en\/wp-json\/wp\/v2\/tags?post=44485"}],"curies":[{"name":"wp","href":"https:\/\/api.w.org\/{rel}","templated":true}]}}