{"id":48261,"date":"2022-08-03T13:46:32","date_gmt":"2022-08-03T11:46:32","guid":{"rendered":"https:\/\/libmod.de\/fuecks-irritations-about-germany-copy\/"},"modified":"2022-08-03T14:10:23","modified_gmt":"2022-08-03T12:10:23","slug":"ukr-tv-mlb","status":"publish","type":"post","link":"https:\/\/libmod.de\/en\/ukr-tv-mlb\/","title":{"rendered":"\u201cWe could have seen that we had to do with an aggressive imperial&nbsp;power\u201d"},"content":{"rendered":"<div class=\"wpb-content-wrapper\"><p>[vc_row][vc_column]<\/p><div class=\"gem-youtube gem-wrapbox gem-wrapbox-style-no-style rounded-corners gem-wrapbox-position-below\" style=\"width: 100%;\"><div class=\"gem-wrapbox-inner gem-ratio-style\" style=\"padding-top: 56.25%\"><iframe class=\"gem-wrapbox-element img-responsive\" width=\"100%\" height=\"300\" allowfullscreen=\"allowfullscreen\" frameborder=\"0\" scrolling=\"no\" marginheight=\"0\" marginwidth=\"0\" src=\"\/\/www.youtube.com\/embed\/6zy1UMTcmKc?rel=0&amp;wmode=opaque\"><\/iframe><\/div><\/div>[\/vc_column][\/vc_row][vc_row css=\u201d.vc_custom_1508251598805{margin-top: 30px !important;}\u201d][vc_column width=\u201c2\/3\u201d css=\u201d.vc_custom_1508252250311{padding-right: 20px !important;}\u201d][vc_column_text]\n<h2>Marieluise Beck is asked if she changed her mind about German foreign policy after recent arms deliv\u00aderies. She also speaks about mistakes made by previous govern\u00adments and former Chancellor Schr\u00f6ders trip to&nbsp;Russia.<\/h2>\n<p><!--more-->[\/vc_column_text][vc_column_text]<\/p>\n<p style=\"font-weight: 400;\">The interview was first broadcast <a href=\"https:\/\/www.youtube.com\/watch?v=aKvK7G3Mku0\">in Ukrainian by the first public broadcast channel&nbsp;Suspilne.<\/a><\/p>\n<p><img class=\"alignnone wp-image-23921 size-full\" src=\"http:\/\/libmodredaktion.fra1.digitaloceanspaces.com\/wp-content\/uploads\/20240905145906\/textende.png\" alt=\"Textende\" width=\"40\" height=\"120\">[\/vc_column_text][vc_separator][vc_column_text]Did you like thike this article? If yes, you can support the independent editorial work and journalism of LibMod via a&nbsp;simple donation tool.[\/vc_column_text][vc_column_text]<script type=\"text\/javascript\">\n\t(function() {\n\t\tvar u=\"https:\/\/spenden.twingle.de\/embed\/genericorganisation\/genericproject\/tw5aeafe12eb6cb\/widget\";\n\t\tvar id = '_' + Math.random().toString(36).substr(2, 9);\n\t\tvar d=document, g=d.createElement('script'), s=d.getElementsByTagName('script')[0];\n\t\tdocument.write('<div id=\"twingle-public-embed-' + id + '\"><\/div>');\n\t\tg.type='text\/javascript'; g.async=true; g.defer=true; g.src=u+'\/'+id; s.parentNode.insertBefore(g,s);\n\t})();\n<\/script>[\/vc_column_text][vc_column_text]<\/p>\n<h2>Donate via&nbsp;PayPal<\/h2>\n<p><img src=\"https:\/\/www.paypal.com\/en_DE\/i\/scr\/pixel.gif\" alt width=\"1\" height=\"1\" border=\"0\"><\/p>\n<hr>\n<p>We are recog\u00adnized as a&nbsp;non-profit organi\u00adzation, accord\u00adingly donations are tax deductible. For a&nbsp;donation receipt (necessary for an amount over 200 EUR), please send your address data to&nbsp;<a href=\"mailto:finanzen@libmod.de\">finanzen@libmod.de<\/a>[\/vc_column_text][\/vc_column][vc_column width=\u201c1\/3\u201d el_class=\u201cdimmer\u201d][vc_column_text]<\/p>\n<h2>Related topics<\/h2>\n<p>[\/vc_column_text][vc_basic_grid post_type=\u201cpost\u201d max_items=\u201c3\u201d element_width=\u201c12\u201d item=\u201c24066\u201d grid_id=\u201cvc_gid:1659527695541\u201300596fb3dc6907c6527b2123b80f1c4a\u20110\u201d css=\u201d.vc_custom_1655721432616{background-color: #ffffff !important;}\u201d taxonomies=\u201c11704\u201d][vc_row_inner css=\u201d.vc_custom_1508164629489{margin-top: 30px !important;margin-right: 0px !important;margin-left: 0px !important;background-color: #03d0b6 !important;}\u201d][vc_column_inner][vc_column_text css=\u201d.vc_custom_1508167210959{margin-top: \u201115px !important;}\u201d]<\/p>\n<h2><span style=\"color: #ffffff;\">Newsletter bestellen<\/span><\/h2>\n<p>[\/vc_column_text][vc_column_text css=\u201d.vc_custom_1617899830539{margin-top: \u201110px !important;}\u201d]Stay tuned with our regular newsletter about all our relevant&nbsp;subjects.<\/p>\n<p><script>(function() {\n\twindow.mc4wp = window.mc4wp || {\n\t\tlisteners: [],\n\t\tforms: {\n\t\t\ton: function(evt, cb) {\n\t\t\t\twindow.mc4wp.listeners.push(\n\t\t\t\t\t{\n\t\t\t\t\t\tevent   : evt,\n\t\t\t\t\t\tcallback: cb\n\t\t\t\t\t}\n\t\t\t\t);\n\t\t\t}\n\t\t}\n\t}\n})();\n<\/script><!-- Mailchimp for WordPress v4.12.2 - https:\/\/wordpress.org\/plugins\/mailchimp-for-wp\/ --><\/p><form id=\"mc4wp-form-1\" class=\"mc4wp-form mc4wp-form-24179 mc4wp-form-styles-builder mc4wp-ajax\" method=\"post\" data-id=\"24179\" data-name=\"LibMod Newsletter\"><div class=\"mc4wp-form-fields\"><p>\n    <label>Anrede\u2002 \u2002\u2003<\/label>\n    <select name=\"ANREDE\" required>\n        <option value=\"Frau\" selected=\"true\">Frau<\/option>\n        <option value=\"Herr\">Herr<\/option>\n        <option value=\"X\">X<\/option>\n    <\/select>\n<\/p>\n<p>\n    <label>Insti\u00adtution\u2003<\/label>\n    <input name=\"MMERGE3\" type=\"text\">\n<\/p>\n<p>\n    <label>Nachname \u2002<\/label>\n    <input name=\"MMERGE2\" required type=\"text\">\n<\/p>\n<p>\n    <label>Vorname\u2002 \u2003<\/label>\n    <input name=\"MMERGE1\" required type=\"text\">\n<\/p>\n<p>\n    <label>Kategorie\u2002\u2003<\/label>\n    <select name=\"KATEGORIE\" required>\n        <option value=\"Newsletter\" selected=\"true\">Newsletter<\/option>\n    <\/select>\n<\/p>\n<p><input type=\"email\" name=\"EMAIL\" placeholder=\"Ihre Mail-Addresse\" required>\n<\/p><p>Mit unseren <span style=\"color: #000000;\"><a style=\"color: #000000;\" href=\"https:\/\/libmod.de\/datenschutzerklaerung\/\" target=\"_blank\" rel=\"noopener\">Daten\u00adschutzbes\u00adtim\u00admungen<\/a><\/span> <br>erkl\u00e4ren Sie sich einverstanden.<br><br>\n<input type=\"submit\" value=\"Absenden\"><br><\/p><\/div><label style=\"display: none !important;\">Leave this field empty if you\u2019re&nbsp;human:&nbsp;<input type=\"text\" name=\"_mc4wp_honeypot\" value tabindex=\"-1\" autocomplete=\"off\"><\/label><input type=\"hidden\" name=\"_mc4wp_timestamp\" value=\"1777612399\"><input type=\"hidden\" name=\"_mc4wp_form_id\" value=\"24179\"><input type=\"hidden\" name=\"_mc4wp_form_element_id\" value=\"mc4wp-form-1\"><div class=\"mc4wp-response\"><\/div><\/form><!-- \/ Mailchimp for WordPress Plugin -->[\/vc_column_text][\/vc_column_inner][\/vc_row_inner][\/vc_column][\/vc_row]\n<\/div>","protected":false},"excerpt":{"rendered":"<p>[vc_row][vc_column][\/vc_column][\/vc_row][vc_row css=\u201d.vc_custom_1508251598805{margin-top: 30px !important;}\u201d][vc_column width=\u201c2\/3\u201d css=\u201d.vc_custom_1508252250311{padding-right: 20px !important;}\u201d][vc_column_text] Marieluise Beck is asked if she changed her mind about German foreign policy after recent arms deliv\u00aderies. She also speaks about&nbsp;mistakes...<\/p>\n","protected":false},"author":6,"featured_media":48268,"comment_status":"closed","ping_status":"closed","sticky":false,"template":"","format":"standard","meta":{"_acf_changed":false,"wp_typography_post_enhancements_disabled":false,"mc4wp_mailchimp_campaign":[],"footnotes":""},"categories":[2810],"tags":[2987,2879,14929,10657],"class_list":["post-48261","post","type-post","status-publish","format-standard","has-post-thumbnail","category-from-the-media","tag-current","tag-russia","tag-schroeder","tag-ukraine-en"],"acf":[],"yoast_head":"<!-- This site is optimized with the Yoast SEO Premium plugin v27.4 (Yoast SEO v27.5) - https:\/\/yoast.com\/product\/yoast-seo-premium-wordpress\/ -->\n<title>Irritations about Germany<\/title>\n<meta name=\"description\" content=\"Marieluise Beck is asked if she changed her mind about German foreign policy after recent arms deliveries. She also speaks about mistakes made by previous governments and former Chancellor Schr\u00f6ders trip to Russia.\" \/>\n<meta name=\"robots\" content=\"index, follow, max-snippet:-1, max-image-preview:large, max-video-preview:-1\" \/>\n<link rel=\"canonical\" href=\"https:\/\/libmod.de\/en\/ukr-tv-mlb\/\" \/>\n<meta property=\"og:locale\" content=\"en_US\" \/>\n<meta property=\"og:type\" content=\"article\" \/>\n<meta property=\"og:title\" content=\"&quot;We could have seen that we had to do with an aggressive imperial power&quot;\" \/>\n<meta property=\"og:description\" content=\"Marieluise Beck is asked if she changed her mind about German foreign policy after recent arms deliveries. She also speaks about mistakes made by previous governments and former Chancellor Schr\u00f6ders trip to Russia.\" \/>\n<meta property=\"og:url\" content=\"https:\/\/libmod.de\/en\/ukr-tv-mlb\/\" \/>\n<meta property=\"og:site_name\" content=\"libmod.de - Zentrum Liberale Moderne\" \/>\n<meta property=\"article:publisher\" content=\"https:\/\/www.facebook.com\/LiberaleModerne\/\" \/>\n<meta property=\"article:published_time\" content=\"2022-08-03T11:46:32+00:00\" \/>\n<meta property=\"article:modified_time\" content=\"2022-08-03T12:10:23+00:00\" \/>\n<meta property=\"og:image\" content=\"https:\/\/libmod.de\/wp-content\/uploads\/1200x800_MLBUkrInterv.png\" \/>\n\t<meta property=\"og:image:width\" content=\"1200\" \/>\n\t<meta property=\"og:image:height\" content=\"800\" \/>\n\t<meta property=\"og:image:type\" content=\"image\/png\" \/>\n<meta name=\"author\" content=\"Marieluise Beck\" \/>\n<meta name=\"twitter:card\" content=\"summary_large_image\" \/>\n<meta name=\"twitter:title\" content=\"\u201eDie Ukraine ist ein \u201awirtschaftliches Asset\u2018 f\u00fcr Europa\u201c\" \/>\n<meta name=\"twitter:creator\" content=\"@liberalemoderne\" \/>\n<meta name=\"twitter:site\" content=\"@liberalemoderne\" \/>\n<meta name=\"twitter:label1\" content=\"Written by\" \/>\n\t<meta name=\"twitter:data1\" content=\"Marieluise Beck\" \/>\n\t<meta name=\"twitter:label2\" content=\"Est. reading time\" \/>\n\t<meta name=\"twitter:data2\" content=\"2 minutes\" \/>\n<script type=\"application\/ld+json\" class=\"yoast-schema-graph\">{\"@context\":\"https:\\\/\\\/schema.org\",\"@graph\":[{\"@type\":\"Article\",\"@id\":\"https:\\\/\\\/libmod.de\\\/en\\\/ukr-tv-mlb\\\/#article\",\"isPartOf\":{\"@id\":\"https:\\\/\\\/libmod.de\\\/en\\\/ukr-tv-mlb\\\/\"},\"author\":{\"name\":\"Marieluise Beck\",\"@id\":\"https:\\\/\\\/libmod.de\\\/#\\\/schema\\\/person\\\/c3442e42efb79feb9ba6e1e943a61173\"},\"headline\":\"\u201cWe could have seen that we had to do with an aggressive imperial&nbsp;power\u201d\",\"datePublished\":\"2022-08-03T11:46:32+00:00\",\"dateModified\":\"2022-08-03T12:10:23+00:00\",\"mainEntityOfPage\":{\"@id\":\"https:\\\/\\\/libmod.de\\\/en\\\/ukr-tv-mlb\\\/\"},\"wordCount\":311,\"publisher\":{\"@id\":\"https:\\\/\\\/libmod.de\\\/#organization\"},\"image\":{\"@id\":\"https:\\\/\\\/libmod.de\\\/en\\\/ukr-tv-mlb\\\/#primaryimage\"},\"thumbnailUrl\":\"https:\\\/\\\/libmodredaktion.fra1.digitaloceanspaces.com\\\/wp-content\\\/uploads\\\/20240905143410\\\/1200x800_MLBUkrInterv.png\",\"keywords\":[\"current\",\"Russia\",\"Schr\u00f6der\",\"Ukraine\"],\"articleSection\":[\"From the Media\u2003\"],\"inLanguage\":\"en-US\"},{\"@type\":\"WebPage\",\"@id\":\"https:\\\/\\\/libmod.de\\\/en\\\/ukr-tv-mlb\\\/\",\"url\":\"https:\\\/\\\/libmod.de\\\/en\\\/ukr-tv-mlb\\\/\",\"name\":\"Irritations about Germany\",\"isPartOf\":{\"@id\":\"https:\\\/\\\/libmod.de\\\/#website\"},\"primaryImageOfPage\":{\"@id\":\"https:\\\/\\\/libmod.de\\\/en\\\/ukr-tv-mlb\\\/#primaryimage\"},\"image\":{\"@id\":\"https:\\\/\\\/libmod.de\\\/en\\\/ukr-tv-mlb\\\/#primaryimage\"},\"thumbnailUrl\":\"https:\\\/\\\/libmodredaktion.fra1.digitaloceanspaces.com\\\/wp-content\\\/uploads\\\/20240905143410\\\/1200x800_MLBUkrInterv.png\",\"datePublished\":\"2022-08-03T11:46:32+00:00\",\"dateModified\":\"2022-08-03T12:10:23+00:00\",\"description\":\"Marieluise Beck is asked if she changed her mind about German foreign policy after recent arms deliveries. She also speaks about mistakes made by previous governments and former Chancellor Schr\u00f6ders trip to Russia.\",\"breadcrumb\":{\"@id\":\"https:\\\/\\\/libmod.de\\\/en\\\/ukr-tv-mlb\\\/#breadcrumb\"},\"inLanguage\":\"en-US\",\"potentialAction\":[{\"@type\":\"ReadAction\",\"target\":[\"https:\\\/\\\/libmod.de\\\/en\\\/ukr-tv-mlb\\\/\"]}]},{\"@type\":\"ImageObject\",\"inLanguage\":\"en-US\",\"@id\":\"https:\\\/\\\/libmod.de\\\/en\\\/ukr-tv-mlb\\\/#primaryimage\",\"url\":\"https:\\\/\\\/libmodredaktion.fra1.digitaloceanspaces.com\\\/wp-content\\\/uploads\\\/20240905143410\\\/1200x800_MLBUkrInterv.png\",\"contentUrl\":\"https:\\\/\\\/libmodredaktion.fra1.digitaloceanspaces.com\\\/wp-content\\\/uploads\\\/20240905143410\\\/1200x800_MLBUkrInterv.png\",\"width\":1200,\"height\":800,\"caption\":\"Foto: Suspilne\"},{\"@type\":\"BreadcrumbList\",\"@id\":\"https:\\\/\\\/libmod.de\\\/en\\\/ukr-tv-mlb\\\/#breadcrumb\",\"itemListElement\":[{\"@type\":\"ListItem\",\"position\":1,\"name\":\"Startseite\",\"item\":\"https:\\\/\\\/libmod.de\\\/en\\\/\"},{\"@type\":\"ListItem\",\"position\":2,\"name\":\"&#8220;We could have seen that we had to do with an aggressive imperial power&#8221;\"}]},{\"@type\":\"WebSite\",\"@id\":\"https:\\\/\\\/libmod.de\\\/#website\",\"url\":\"https:\\\/\\\/libmod.de\\\/\",\"name\":\"libmod.de - Zentrum Liberale Moderne\",\"description\":\"Think Tank f\u00fcr Politik in Berlin\",\"publisher\":{\"@id\":\"https:\\\/\\\/libmod.de\\\/#organization\"},\"potentialAction\":[{\"@type\":\"SearchAction\",\"target\":{\"@type\":\"EntryPoint\",\"urlTemplate\":\"https:\\\/\\\/libmod.de\\\/?s={search_term_string}\"},\"query-input\":{\"@type\":\"PropertyValueSpecification\",\"valueRequired\":true,\"valueName\":\"search_term_string\"}}],\"inLanguage\":\"en-US\"},{\"@type\":\"Organization\",\"@id\":\"https:\\\/\\\/libmod.de\\\/#organization\",\"name\":\"Zentrum Liberale Moderne\",\"url\":\"https:\\\/\\\/libmod.de\\\/\",\"logo\":{\"@type\":\"ImageObject\",\"inLanguage\":\"en-US\",\"@id\":\"https:\\\/\\\/libmod.de\\\/#\\\/schema\\\/logo\\\/image\\\/\",\"url\":\"https:\\\/\\\/libmodredaktion.fra1.digitaloceanspaces.com\\\/wp-content\\\/uploads\\\/20240905145818\\\/LibMod_Logo_XL.jpg\",\"contentUrl\":\"https:\\\/\\\/libmodredaktion.fra1.digitaloceanspaces.com\\\/wp-content\\\/uploads\\\/20240905145818\\\/LibMod_Logo_XL.jpg\",\"width\":1439,\"height\":615,\"caption\":\"Zentrum Liberale Moderne\"},\"image\":{\"@id\":\"https:\\\/\\\/libmod.de\\\/#\\\/schema\\\/logo\\\/image\\\/\"},\"sameAs\":[\"https:\\\/\\\/www.facebook.com\\\/LiberaleModerne\\\/\",\"https:\\\/\\\/x.com\\\/liberalemoderne\",\"https:\\\/\\\/www.youtube.com\\\/channel\\\/UC4Yl_V4pm1LwryD04ky54SA\",\"https:\\\/\\\/www.instagram.com\\\/libmod\\\/\",\"https:\\\/\\\/bsky.app\\\/profile\\\/libmod.de\"],\"description\":\"Das Zentrum Liberale Moderne ist ein politischer Think Tank und eine Debattenplattform. LibMod steht f\u00fcr die Verteidigung und Erneuerung der liberalen Demokratie, f\u00fcr den Aufbruch in die \u00f6kologische Moderne und f\u00fcr eine fundierte Osteuropa-Expertise.\"},{\"@type\":\"Person\",\"@id\":\"https:\\\/\\\/libmod.de\\\/#\\\/schema\\\/person\\\/c3442e42efb79feb9ba6e1e943a61173\",\"name\":\"Marieluise Beck\",\"image\":{\"@type\":\"ImageObject\",\"inLanguage\":\"en-US\",\"@id\":\"https:\\\/\\\/libmodredaktion.fra1.digitaloceanspaces.com\\\/wp-content\\\/uploads\\\/20240905145630\\\/Marieluise_Beck_rund-150x150.jpg\",\"url\":\"https:\\\/\\\/libmodredaktion.fra1.digitaloceanspaces.com\\\/wp-content\\\/uploads\\\/20240905145630\\\/Marieluise_Beck_rund-150x150.jpg\",\"contentUrl\":\"https:\\\/\\\/libmodredaktion.fra1.digitaloceanspaces.com\\\/wp-content\\\/uploads\\\/20240905145630\\\/Marieluise_Beck_rund-150x150.jpg\",\"caption\":\"Marieluise Beck\"},\"description\":\"Marieluise Beck ist Direk\u00adto\u00adrin Ostmitteleuropa\\\/\u200bOsteuropa am Zentrum Liberale Moderne. Sie war 1983 Spre\u00adche\u00adrin der ersten gr\u00fcnen Bun\u00addes\u00adtags\u00adfrak\u00adtion, von 1983 bis 2017 Mit\u00adglied des Bun\u00addes\u00adta\u00adges und seit 2005 Mit\u00adglied des Aus\u00adw\u00e4r\u00adti\u00adgen Aus\u00adschus\u00adses. In der rot-gr\u00fcnen Bun\u00addes\u00adre\u00adgie\u00adrung hatte sie das Amt der Migra\u00adti\u00adons\u00adbe\u00adauf\u00adtrag\u00adten inne und war par\u00adla\u00admen\u00adta\u00adri\u00adsche Staats\u00adse\u00adkre\u00adt\u00e4\u00adrin im Bun\u00addes\u00adfa\u00admi\u00adli\u00aden\u00admi\u00adnis\u00adte\u00adrium. Au\u00dfer\u00addem war sie Mit\u00adglied der Par\u00adla\u00admen\u00adta\u00adri\u00adschen Ver\u00adsamm\u00adlung des Euro\u00adpa\u00adra\u00adtes. Dort schloss sie sich der Frak\u00adtion \u201eAllianz der Libe\u00adra\u00adlen und Demo\u00adkra\u00adten f\u00fcr Europa\u201c (ALDE) an. Sie ist Mit\u00adglied im Vor\u00adstand des Peters\u00adbur\u00adger Dialogs. W\u00e4hrend des ser\u00adbisch-bos\u00adni\u00adschen Krieges gr\u00fcn\u00addete sie das Hilfs\u00adwerk \u201eBr\u00fccke der Hoff\u00adnung\u201c, das inzwi\u00adschen \u00fcber 10 Mil\u00adlio\u00adnen Euro f\u00fcr huma\u00adni\u00adt\u00e4re Pro\u00adjekte umge\u00adsetzt hat.\",\"url\":\"https:\\\/\\\/libmod.de\\\/en\\\/author\\\/zlm_marieluise_beck\\\/\"}]}<\/script>\n<!-- \/ Yoast SEO Premium plugin. -->","yoast_head_json":{"title":"Irritations about Germany","description":"Marieluise Beck is asked if she changed her mind about German foreign policy after recent arms deliveries. She also speaks about mistakes made by previous governments and former Chancellor Schr\u00f6ders trip to Russia.","robots":{"index":"index","follow":"follow","max-snippet":"max-snippet:-1","max-image-preview":"max-image-preview:large","max-video-preview":"max-video-preview:-1"},"canonical":"https:\/\/libmod.de\/en\/ukr-tv-mlb\/","og_locale":"en_US","og_type":"article","og_title":"\"We could have seen that we had to do with an aggressive imperial power\"","og_description":"Marieluise Beck is asked if she changed her mind about German foreign policy after recent arms deliveries. She also speaks about mistakes made by previous governments and former Chancellor Schr\u00f6ders trip to Russia.","og_url":"https:\/\/libmod.de\/en\/ukr-tv-mlb\/","og_site_name":"libmod.de - Zentrum Liberale Moderne","article_publisher":"https:\/\/www.facebook.com\/LiberaleModerne\/","article_published_time":"2022-08-03T11:46:32+00:00","article_modified_time":"2022-08-03T12:10:23+00:00","og_image":[{"width":1200,"height":800,"url":"https:\/\/libmod.de\/wp-content\/uploads\/1200x800_MLBUkrInterv.png","type":"image\/png"}],"author":"Marieluise Beck","twitter_card":"summary_large_image","twitter_title":"\u201eDie Ukraine ist ein \u201awirtschaftliches Asset\u2018 f\u00fcr Europa\u201c","twitter_creator":"@liberalemoderne","twitter_site":"@liberalemoderne","twitter_misc":{"Written by":"Marieluise Beck","Est. reading time":"2 minutes"},"schema":{"@context":"https:\/\/schema.org","@graph":[{"@type":"Article","@id":"https:\/\/libmod.de\/en\/ukr-tv-mlb\/#article","isPartOf":{"@id":"https:\/\/libmod.de\/en\/ukr-tv-mlb\/"},"author":{"name":"Marieluise Beck","@id":"https:\/\/libmod.de\/#\/schema\/person\/c3442e42efb79feb9ba6e1e943a61173"},"headline":"\u201cWe could have seen that we had to do with an aggressive imperial&nbsp;power\u201d","datePublished":"2022-08-03T11:46:32+00:00","dateModified":"2022-08-03T12:10:23+00:00","mainEntityOfPage":{"@id":"https:\/\/libmod.de\/en\/ukr-tv-mlb\/"},"wordCount":311,"publisher":{"@id":"https:\/\/libmod.de\/#organization"},"image":{"@id":"https:\/\/libmod.de\/en\/ukr-tv-mlb\/#primaryimage"},"thumbnailUrl":"https:\/\/libmodredaktion.fra1.digitaloceanspaces.com\/wp-content\/uploads\/20240905143410\/1200x800_MLBUkrInterv.png","keywords":["current","Russia","Schr\u00f6der","Ukraine"],"articleSection":["From the Media\u2003"],"inLanguage":"en-US"},{"@type":"WebPage","@id":"https:\/\/libmod.de\/en\/ukr-tv-mlb\/","url":"https:\/\/libmod.de\/en\/ukr-tv-mlb\/","name":"Irritations about Germany","isPartOf":{"@id":"https:\/\/libmod.de\/#website"},"primaryImageOfPage":{"@id":"https:\/\/libmod.de\/en\/ukr-tv-mlb\/#primaryimage"},"image":{"@id":"https:\/\/libmod.de\/en\/ukr-tv-mlb\/#primaryimage"},"thumbnailUrl":"https:\/\/libmodredaktion.fra1.digitaloceanspaces.com\/wp-content\/uploads\/20240905143410\/1200x800_MLBUkrInterv.png","datePublished":"2022-08-03T11:46:32+00:00","dateModified":"2022-08-03T12:10:23+00:00","description":"Marieluise Beck is asked if she changed her mind about German foreign policy after recent arms deliveries. She also speaks about mistakes made by previous governments and former Chancellor Schr\u00f6ders trip to Russia.","breadcrumb":{"@id":"https:\/\/libmod.de\/en\/ukr-tv-mlb\/#breadcrumb"},"inLanguage":"en-US","potentialAction":[{"@type":"ReadAction","target":["https:\/\/libmod.de\/en\/ukr-tv-mlb\/"]}]},{"@type":"ImageObject","inLanguage":"en-US","@id":"https:\/\/libmod.de\/en\/ukr-tv-mlb\/#primaryimage","url":"https:\/\/libmodredaktion.fra1.digitaloceanspaces.com\/wp-content\/uploads\/20240905143410\/1200x800_MLBUkrInterv.png","contentUrl":"https:\/\/libmodredaktion.fra1.digitaloceanspaces.com\/wp-content\/uploads\/20240905143410\/1200x800_MLBUkrInterv.png","width":1200,"height":800,"caption":"Foto: Suspilne"},{"@type":"BreadcrumbList","@id":"https:\/\/libmod.de\/en\/ukr-tv-mlb\/#breadcrumb","itemListElement":[{"@type":"ListItem","position":1,"name":"Startseite","item":"https:\/\/libmod.de\/en\/"},{"@type":"ListItem","position":2,"name":"&#8220;We could have seen that we had to do with an aggressive imperial power&#8221;"}]},{"@type":"WebSite","@id":"https:\/\/libmod.de\/#website","url":"https:\/\/libmod.de\/","name":"libmod.de - Zentrum Liberale Moderne","description":"Think Tank f\u00fcr Politik in Berlin","publisher":{"@id":"https:\/\/libmod.de\/#organization"},"potentialAction":[{"@type":"SearchAction","target":{"@type":"EntryPoint","urlTemplate":"https:\/\/libmod.de\/?s={search_term_string}"},"query-input":{"@type":"PropertyValueSpecification","valueRequired":true,"valueName":"search_term_string"}}],"inLanguage":"en-US"},{"@type":"Organization","@id":"https:\/\/libmod.de\/#organization","name":"Zentrum Liberale Moderne","url":"https:\/\/libmod.de\/","logo":{"@type":"ImageObject","inLanguage":"en-US","@id":"https:\/\/libmod.de\/#\/schema\/logo\/image\/","url":"https:\/\/libmodredaktion.fra1.digitaloceanspaces.com\/wp-content\/uploads\/20240905145818\/LibMod_Logo_XL.jpg","contentUrl":"https:\/\/libmodredaktion.fra1.digitaloceanspaces.com\/wp-content\/uploads\/20240905145818\/LibMod_Logo_XL.jpg","width":1439,"height":615,"caption":"Zentrum Liberale Moderne"},"image":{"@id":"https:\/\/libmod.de\/#\/schema\/logo\/image\/"},"sameAs":["https:\/\/www.facebook.com\/LiberaleModerne\/","https:\/\/x.com\/liberalemoderne","https:\/\/www.youtube.com\/channel\/UC4Yl_V4pm1LwryD04ky54SA","https:\/\/www.instagram.com\/libmod\/","https:\/\/bsky.app\/profile\/libmod.de"],"description":"Das Zentrum Liberale Moderne ist ein politischer Think Tank und eine Debattenplattform. LibMod steht f\u00fcr die Verteidigung und Erneuerung der liberalen Demokratie, f\u00fcr den Aufbruch in die \u00f6kologische Moderne und f\u00fcr eine fundierte Osteuropa-Expertise."},{"@type":"Person","@id":"https:\/\/libmod.de\/#\/schema\/person\/c3442e42efb79feb9ba6e1e943a61173","name":"Marieluise Beck","image":{"@type":"ImageObject","inLanguage":"en-US","@id":"https:\/\/libmodredaktion.fra1.digitaloceanspaces.com\/wp-content\/uploads\/20240905145630\/Marieluise_Beck_rund-150x150.jpg","url":"https:\/\/libmodredaktion.fra1.digitaloceanspaces.com\/wp-content\/uploads\/20240905145630\/Marieluise_Beck_rund-150x150.jpg","contentUrl":"https:\/\/libmodredaktion.fra1.digitaloceanspaces.com\/wp-content\/uploads\/20240905145630\/Marieluise_Beck_rund-150x150.jpg","caption":"Marieluise Beck"},"description":"Marieluise Beck ist Direk\u00adto\u00adrin Ostmitteleuropa\/\u200bOsteuropa am Zentrum Liberale Moderne. Sie war 1983 Spre\u00adche\u00adrin der ersten gr\u00fcnen Bun\u00addes\u00adtags\u00adfrak\u00adtion, von 1983 bis 2017 Mit\u00adglied des Bun\u00addes\u00adta\u00adges und seit 2005 Mit\u00adglied des Aus\u00adw\u00e4r\u00adti\u00adgen Aus\u00adschus\u00adses. In der rot-gr\u00fcnen Bun\u00addes\u00adre\u00adgie\u00adrung hatte sie das Amt der Migra\u00adti\u00adons\u00adbe\u00adauf\u00adtrag\u00adten inne und war par\u00adla\u00admen\u00adta\u00adri\u00adsche Staats\u00adse\u00adkre\u00adt\u00e4\u00adrin im Bun\u00addes\u00adfa\u00admi\u00adli\u00aden\u00admi\u00adnis\u00adte\u00adrium. Au\u00dfer\u00addem war sie Mit\u00adglied der Par\u00adla\u00admen\u00adta\u00adri\u00adschen Ver\u00adsamm\u00adlung des Euro\u00adpa\u00adra\u00adtes. Dort schloss sie sich der Frak\u00adtion \u201eAllianz der Libe\u00adra\u00adlen und Demo\u00adkra\u00adten f\u00fcr Europa\u201c (ALDE) an. Sie ist Mit\u00adglied im Vor\u00adstand des Peters\u00adbur\u00adger Dialogs. W\u00e4hrend des ser\u00adbisch-bos\u00adni\u00adschen Krieges gr\u00fcn\u00addete sie das Hilfs\u00adwerk \u201eBr\u00fccke der Hoff\u00adnung\u201c, das inzwi\u00adschen \u00fcber 10 Mil\u00adlio\u00adnen Euro f\u00fcr huma\u00adni\u00adt\u00e4re Pro\u00adjekte umge\u00adsetzt hat.","url":"https:\/\/libmod.de\/en\/author\/zlm_marieluise_beck\/"}]}},"menu_order":630,"_links":{"self":[{"href":"https:\/\/libmod.de\/en\/wp-json\/wp\/v2\/posts\/48261","targetHints":{"allow":["GET"]}}],"collection":[{"href":"https:\/\/libmod.de\/en\/wp-json\/wp\/v2\/posts"}],"about":[{"href":"https:\/\/libmod.de\/en\/wp-json\/wp\/v2\/types\/post"}],"author":[{"embeddable":true,"href":"https:\/\/libmod.de\/en\/wp-json\/wp\/v2\/users\/6"}],"replies":[{"embeddable":true,"href":"https:\/\/libmod.de\/en\/wp-json\/wp\/v2\/comments?post=48261"}],"version-history":[{"count":5,"href":"https:\/\/libmod.de\/en\/wp-json\/wp\/v2\/posts\/48261\/revisions"}],"predecessor-version":[{"id":48270,"href":"https:\/\/libmod.de\/en\/wp-json\/wp\/v2\/posts\/48261\/revisions\/48270"}],"wp:featuredmedia":[{"embeddable":true,"href":"https:\/\/libmod.de\/en\/wp-json\/wp\/v2\/media\/48268"}],"wp:attachment":[{"href":"https:\/\/libmod.de\/en\/wp-json\/wp\/v2\/media?parent=48261"}],"wp:term":[{"taxonomy":"category","embeddable":true,"href":"https:\/\/libmod.de\/en\/wp-json\/wp\/v2\/categories?post=48261"},{"taxonomy":"post_tag","embeddable":true,"href":"https:\/\/libmod.de\/en\/wp-json\/wp\/v2\/tags?post=48261"}],"curies":[{"name":"wp","href":"https:\/\/api.w.org\/{rel}","templated":true}]}}