{"id":54539,"date":"2023-06-07T16:29:11","date_gmt":"2023-06-07T14:29:11","guid":{"rendered":"https:\/\/libmod.de\/russland-nach-putin-fazit-der-bruesseler-konferenz-the-day-after-fuecks\/"},"modified":"2023-06-08T16:49:31","modified_gmt":"2023-06-08T14:49:31","slug":"russland-nach-putin-fazit-der-bruesseler-konferenz-the-day-after-fuecks","status":"publish","type":"post","link":"https:\/\/libmod.de\/en\/russland-nach-putin-fazit-der-bruesseler-konferenz-the-day-after-fuecks\/","title":{"rendered":"Four Takeaways From the Conference \u201cRussia after&nbsp;Putin\u201d"},"content":{"rendered":"<div class=\"wpb-content-wrapper\"><p>[vc_row][vc_column][vc_column_text]<\/p>\n<figure id=\"attachment_54540\" aria-describedby=\"caption-attachment-54540\" style=\"width: 1200px\" class=\"wp-caption alignnone\"><img class=\"wp-image-54540 size-full\" src=\"https:\/\/libmodredaktion.fra1.digitaloceanspaces.com\/wp-content\/uploads\/20240905142324\/500_Auditorium.jpg\" alt width=\"1200\" height=\"500\" srcset=\"https:\/\/libmodredaktion.fra1.digitaloceanspaces.com\/wp-content\/uploads\/20240905142324\/500_Auditorium.jpg 1200w, https:\/\/libmodredaktion.fra1.digitaloceanspaces.com\/wp-content\/uploads\/20240905142324\/500_Auditorium-770x321.jpg 770w, https:\/\/libmodredaktion.fra1.digitaloceanspaces.com\/wp-content\/uploads\/20240905142324\/500_Auditorium-768x320.jpg 768w\" sizes=\"(max-width: 1200px) 100vw, 1200px\"><figcaption id=\"caption-attachment-54540\" class=\"wp-caption-text\">Foto: EPP&nbsp;Group<\/figcaption><\/figure>\n<p>[\/vc_column_text][\/vc_column][\/vc_row][vc_row css=\u201d.vc_custom_1508251598805{margin-top: 30px !important;}\u201d][vc_column width=\u201c2\/3\u201d css=\u201d.vc_custom_1508252250311{padding-right: 20px !important;}\u201d][vc_column_text]<\/p>\n<h2><span class=\"s2\">Another Russia is possible: On 5\/\u200b6 June, repre\u00adsen\u00adta\u00adtives of the Russian opposition and the EU discussed the perspec\u00adtives of a&nbsp;post-imperial and democ\u00adratic Russia. <span class=\"ui-provider gs b c d e f g h i j k l m n o p q r s t u v w x y z ab ac ae af ag ah ai aj ak\" dir=\"ltr\">LibMod Director Ralf F\u00fccks summa\u00adrizes the four key takeaways<\/span>.<\/span><\/h2>\n<p>[\/vc_column_text][vc_column_text]<\/p>\n<h3>1<\/h3>\n<p style=\"font-weight: 400;\">This meeting sends a&nbsp;clear message to the Russian people: A&nbsp;military defeat in Ukraine and the fall of the Putin system will not lead to the downfall of Russia \u2013 on the contrary: Putin is ruining the country and a&nbsp;better future will only start with democ\u00adratic change in&nbsp;Russia.<\/p>\n<p style=\"font-weight: 400;\">At the same time, this is an important message to political leaders in the West: Don\u2019t be afraid of regime change in Russia. Putin\u2019s downfall must not lead to chaos and an even more revan\u00adchist and dangerous Russia. A&nbsp;different, post-imperial Russia, one that is no longer a&nbsp;threat to its neighbors and to its citizens, is&nbsp;possible.<\/p>\n<p style=\"font-weight: 400;\">We can\u2019t foresee the way how the Putin regime will finally end. But history and political science tells us that total\u00adi\u00adtarian regimes seem quite solid until the day they crumble, and political change in Russia usually comes quite unexpected, but then with high speed. That is why we need a&nbsp;convincing vision for Russia\u2019s future as well as for the future of European-Russian relations.<\/p>\n<p><img class=\"alignnone size-medium wp-image-43218\" src=\"https:\/\/russlandverstehen.eu\/wp-content\/uploads\/800_Fuecks-770x513.jpg\" alt width=\"770\" height=\"513\"><\/p>\n<h3><\/h3>\n<h3>2<\/h3>\n<p style=\"font-weight: 400;\">How to get rid of the Putin-regime? For the time being, the only convincing answer is: By a&nbsp;crushing defeat of the Russian invasion in Ukraine. For centuries, Russian elites have been looking down on Ukraine as an appendix of their empire. But now it turns out that the hope for democ\u00adratic change in Russia depends on the fighting spirit of the Ukrainian people. This, by the way, is also the litmus test for Russian democrats: It is not enough to be against Putin \u2013 it is about supporting Ukraine to&nbsp;win.<\/p>\n<p style=\"font-weight: 400;\">Of course, a&nbsp;military defeat in Ukraine is only a&nbsp;necessary, but not a&nbsp;suffi\u00adcient condition for democ\u00adratic change in Russia. What is needed are efforts of the democ\u00adratic opposition and civil society in Russia, independent media as well as support from the West that should welcome every step towards the rule of law and democ\u00adratic freedom in&nbsp;Russia.<\/p>\n<p style=\"font-weight: 400;\">The West should also support Russia\u2019s democ\u00adratic trans\u00adfor\u00admation econom\u00adi\u00adcally: with a&nbsp;condi\u00adtional easing of sanctions, the prospect of access to the European single market, and a \u201cRussian Green Deal\u201d that flanks the transition to a&nbsp;post-fossil economy.<\/p>\n<h3>3<\/h3>\n<p style=\"font-weight: 400;\">But what about the West? Garry Kasparov asked for a \u201ccollective Churchill\u201d in the West, a&nbsp;firm deter\u00admi\u00adnation to stop Putin\u2019s imperial mania and to enable Ukraine to win this war. Well said! In fact, we still have a&nbsp;lot of work to do to convince our political leaders that there is no room for compromise with Putin&nbsp;anymore.<\/p>\n<p style=\"font-weight: 400;\">Up to now, the number of arms supplied by the US and to a&nbsp;certain extend also by Germany and others was quite impressive. But in order to push back the Russian troops behind Ukraine\u2019s borders, the West must step up its efforts, including a&nbsp;signif\u00adicant number of tanks, long range missiles and aircraft. The more decisive Western support, the shorter the war and the fewer lives will be&nbsp;lost.<\/p>\n<h3><img class=\"alignnone size-medium wp-image-43220\" src=\"https:\/\/russlandverstehen.eu\/wp-content\/uploads\/800_Khodorkovsky-770x513.jpg\" alt width=\"770\" height=\"513\"><\/h3>\n<h3><\/h3>\n<h3>4<\/h3>\n<p style=\"font-weight: 400;\">We should be very clear regarding the outcome of this war. Any peace arrangement must be based on the full terri\u00adtorial integrity and political sover\u00adeignty of Ukraine, the prose\u00adcution of those respon\u00adsible for Russian war crimes and the financial compen\u00adsation for the damage done to Ukraine. This should be the non-negotiable triangle, a&nbsp;yardstick also for the gradual lifting of economic&nbsp;sanctions.<\/p>\n<p style=\"font-weight: 400;\">We cannot spare Russia a&nbsp;defeat in this war and the lifting of its imperial curse.&nbsp;But this war is not about humil\u00adi\u00adating Russia or bringing it down on its knees \u2013 it is about defending Ukraine\u2019s existence as a&nbsp;free and independent nation, defending the European order and defending the basic principles of humanity: Don\u2019t kill, don\u2019t rape, don\u2019t take away what is not&nbsp;yours.<\/p>\n<p style=\"font-weight: 400;\">We should ask all Russian citizens to look in the mirror: who do you want to be, in which kind of country you want to live? You and your children deserve a&nbsp;better future, and European doors will be open for a&nbsp;peaceful and democ\u00adratic&nbsp;Russia.<\/p>\n<p><span style=\"font-weight: 400;\">As fright\u00adening as the reality is today: A&nbsp;better Russia is no phantasy. It is a&nbsp;realistic option, and we should do every\u00adthing we can to take advantage of this window of oppor\u00adtunity by supporting Ukraine and the Russian democ\u00adratic&nbsp;opposition.<\/span><\/p>\n<p><img class=\"alignnone wp-image-23921 size-full\" src=\"http:\/\/libmodredaktion.fra1.digitaloceanspaces.com\/wp-content\/uploads\/20240905145906\/textende.png\" alt=\"Textende\" width=\"40\" height=\"120\">[\/vc_column_text][vc_separator][vc_column_text]Hat Ihnen unser Beitrag gefallen? Dann spenden Sie doch einfach und bequem \u00fcber unser Spendentool. Sie unter\u00adst\u00fctzen damit die publizis\u00adtische Arbeit von&nbsp;LibMod.<\/p>\n<h2>Spenden mit&nbsp;Bankeinzug<\/h2>\n<p>[\/vc_column_text][vc_column_text]<script type=\"text\/javascript\">\n\t(function() {\n\t\tvar u=\"https:\/\/spenden.twingle.de\/embed\/genericorganisation\/genericproject\/tw5aeafe12eb6cb\/widget\";\n\t\tvar id = '_' + Math.random().toString(36).substr(2, 9);\n\t\tvar d=document, g=d.createElement('script'), s=d.getElementsByTagName('script')[0];\n\t\tdocument.write('<div id=\"twingle-public-embed-' + id + '\"><\/div>');\n\t\tg.type='text\/javascript'; g.async=true; g.defer=true; g.src=u+'\/'+id; s.parentNode.insertBefore(g,s);\n\t})();\n<\/script>[\/vc_column_text][vc_column_text]<\/p>\n<h2>Spenden mit&nbsp;PayPal<\/h2>\n<hr>\n<p>Wir sind als gemein\u00adn\u00fctzig anerkannt, entsprechend sind Spenden steuerlich absetzbar. F\u00fcr eine Spendenbescheinigung (n\u00f6tig bei einem Betrag \u00fcber 200 EUR), senden Sie Ihre Adress\u00addaten bitte an <a href=\"mailto:finanzen@libmod.de\">finanzen@libmod.de<\/a>[\/vc_column_text][\/vc_column][vc_column width=\u201c1\/3\u201d el_class=\u201cdimmer\u201d][vc_column_text]<\/p>\n<h2>Verwandte Themen<\/h2>\n<p>[\/vc_column_text][vc_basic_grid post_type=\u201cpost\u201d max_items=\u201c3\u201d element_width=\u201c12\u201d item=\u201c24066\u201d grid_id=\u201cvc_gid:1686235740455-b9b95596-045a\u20116\u201d css=\u201d.vc_custom_1686148405542{background-color: #ffffff !important;}\u201d taxonomies=\u201c30\u201d][vc_row_inner css=\u201d.vc_custom_1508164629489{margin-top: 30px !important;margin-right: 0px !important;margin-left: 0px !important;background-color: #03d0b6 !important;}\u201d][vc_column_inner][vc_column_text css=\u201d.vc_custom_1508167210959{margin-top: \u201115px !important;}\u201d]<\/p>\n<h2><span style=\"color: #ffffff;\">Newsletter bestellen<\/span><\/h2>\n<p>[\/vc_column_text][vc_column_text css=\u201d.vc_custom_1508166779270{margin-top: \u201110px !important;}\u201d]Mit dem LibMod-Newsletter erhalten Sie regelm\u00e4\u00dfig Neuigkeiten zu unseren Themen in Ihr&nbsp;Postfach.<\/p>\n<p><script>(function() {\n\twindow.mc4wp = window.mc4wp || {\n\t\tlisteners: [],\n\t\tforms: {\n\t\t\ton: function(evt, cb) {\n\t\t\t\twindow.mc4wp.listeners.push(\n\t\t\t\t\t{\n\t\t\t\t\t\tevent   : evt,\n\t\t\t\t\t\tcallback: cb\n\t\t\t\t\t}\n\t\t\t\t);\n\t\t\t}\n\t\t}\n\t}\n})();\n<\/script><!-- Mailchimp for WordPress v4.12.2 - https:\/\/wordpress.org\/plugins\/mailchimp-for-wp\/ --><\/p><form id=\"mc4wp-form-1\" class=\"mc4wp-form mc4wp-form-24179 mc4wp-form-styles-builder mc4wp-ajax\" method=\"post\" data-id=\"24179\" data-name=\"LibMod Newsletter\"><div class=\"mc4wp-form-fields\"><p>\n    <label>Anrede\u2002 \u2002\u2003<\/label>\n    <select name=\"ANREDE\" required>\n        <option value=\"Frau\" selected=\"true\">Frau<\/option>\n        <option value=\"Herr\">Herr<\/option>\n        <option value=\"X\">X<\/option>\n    <\/select>\n<\/p>\n<p>\n    <label>Insti\u00adtution\u2003<\/label>\n    <input name=\"MMERGE3\" type=\"text\">\n<\/p>\n<p>\n    <label>Nachname \u2002<\/label>\n    <input name=\"MMERGE2\" required type=\"text\">\n<\/p>\n<p>\n    <label>Vorname\u2002 \u2003<\/label>\n    <input name=\"MMERGE1\" required type=\"text\">\n<\/p>\n<p>\n    <label>Kategorie\u2002\u2003<\/label>\n    <select name=\"KATEGORIE\" required>\n        <option value=\"Newsletter\" selected=\"true\">Newsletter<\/option>\n    <\/select>\n<\/p>\n<p><input type=\"email\" name=\"EMAIL\" placeholder=\"Ihre Mail-Addresse\" required>\n<\/p><p>Mit unseren <span style=\"color: #000000;\"><a style=\"color: #000000;\" href=\"https:\/\/libmod.de\/datenschutzerklaerung\/\" target=\"_blank\" rel=\"noopener\">Daten\u00adschutzbes\u00adtim\u00admungen<\/a><\/span> <br>erkl\u00e4ren Sie sich einverstanden.<br><br>\n<input type=\"submit\" value=\"Absenden\"><br><\/p><\/div><label style=\"display: none !important;\">Leave this field empty if you\u2019re&nbsp;human:&nbsp;<input type=\"text\" name=\"_mc4wp_honeypot\" value tabindex=\"-1\" autocomplete=\"off\"><\/label><input type=\"hidden\" name=\"_mc4wp_timestamp\" value=\"1777474270\"><input type=\"hidden\" name=\"_mc4wp_form_id\" value=\"24179\"><input type=\"hidden\" name=\"_mc4wp_form_element_id\" value=\"mc4wp-form-1\"><div class=\"mc4wp-response\"><\/div><\/form><!-- \/ Mailchimp for WordPress Plugin -->[\/vc_column_text][\/vc_column_inner][\/vc_row_inner][\/vc_column][\/vc_row]\n<\/div>","protected":false},"excerpt":{"rendered":"<p>Another Russia is possible: On 5\/\u200b6 June, repre\u00adsen\u00adta\u00adtives of the Russian opposition and the EU discussed the perspec\u00adtives of a&nbsp;post-imperial and democ\u00adratic Russia. LibMod Director Ralf F\u00fccks summa\u00adrizes the four key&nbsp;takeaways.<\/p>\n","protected":false},"author":7,"featured_media":54545,"comment_status":"closed","ping_status":"closed","sticky":false,"template":"","format":"standard","meta":{"_acf_changed":false,"wp_typography_post_enhancements_disabled":false,"mc4wp_mailchimp_campaign":[],"footnotes":""},"categories":[2818],"tags":[2987,14967,11705,15135,2879,15134],"class_list":["post-54539","post","type-post","status-publish","format-standard","has-post-thumbnail","category-comment","tag-current","tag-expert-network-russia","tag-putin-en","tag-ralf-fuecks-en","tag-russia","tag-russia-after-putin"],"acf":[],"yoast_head":"<!-- This site is optimized with the Yoast SEO Premium plugin v27.4 (Yoast SEO v27.5) - https:\/\/yoast.com\/product\/yoast-seo-premium-wordpress\/ -->\n<title>Four Takeaways From the Conference \u201cRussia after Putin&quot; - libmod.de - Zentrum Liberale Moderne<\/title>\n<meta name=\"description\" content=\"Another Russia is possible: On 5\/6 June, representatives of the Russian opposition and the EU discussed the perspectives of a post-imperial and democratic Russia. LibMod Director Ralf F\u00fccks summarizes the four key takeaways.\" \/>\n<meta name=\"robots\" content=\"index, follow, max-snippet:-1, max-image-preview:large, max-video-preview:-1\" \/>\n<link rel=\"canonical\" href=\"https:\/\/libmod.de\/en\/russland-nach-putin-fazit-der-bruesseler-konferenz-the-day-after-fuecks\/\" \/>\n<meta property=\"og:locale\" content=\"en_US\" \/>\n<meta property=\"og:type\" content=\"article\" \/>\n<meta property=\"og:title\" content=\"Four Takeaways From the Conference \u201cRussia after Putin&quot;\" \/>\n<meta property=\"og:description\" content=\"Another Russia is possible: On 5\/6 June, representatives of the Russian opposition and the EU discussed the perspectives of a post-imperial and democratic Russia. LibMod Director Ralf F\u00fccks summarizes the four key takeaways.\" \/>\n<meta property=\"og:url\" content=\"https:\/\/libmod.de\/en\/russland-nach-putin-fazit-der-bruesseler-konferenz-the-day-after-fuecks\/\" \/>\n<meta property=\"og:site_name\" content=\"libmod.de - Zentrum Liberale Moderne\" \/>\n<meta property=\"article:publisher\" content=\"https:\/\/www.facebook.com\/LiberaleModerne\/\" \/>\n<meta property=\"article:published_time\" content=\"2023-06-07T14:29:11+00:00\" \/>\n<meta property=\"article:modified_time\" content=\"2023-06-08T14:49:31+00:00\" \/>\n<meta property=\"og:image\" content=\"https:\/\/libmod.de\/wp-content\/uploads\/800_Auditorium-1.jpg\" \/>\n\t<meta property=\"og:image:width\" content=\"1200\" \/>\n\t<meta property=\"og:image:height\" content=\"800\" \/>\n\t<meta property=\"og:image:type\" content=\"image\/jpeg\" \/>\n<meta name=\"author\" content=\"Ralf F\u00fccks\" \/>\n<meta name=\"twitter:card\" content=\"summary_large_image\" \/>\n<meta name=\"twitter:creator\" content=\"@liberalemoderne\" \/>\n<meta name=\"twitter:site\" content=\"@liberalemoderne\" \/>\n<meta name=\"twitter:label1\" content=\"Written by\" \/>\n\t<meta name=\"twitter:data1\" content=\"Ralf F\u00fccks\" \/>\n\t<meta name=\"twitter:label2\" content=\"Est. reading time\" \/>\n\t<meta name=\"twitter:data2\" content=\"6 minutes\" \/>\n<script type=\"application\/ld+json\" class=\"yoast-schema-graph\">{\"@context\":\"https:\\\/\\\/schema.org\",\"@graph\":[{\"@type\":\"Article\",\"@id\":\"https:\\\/\\\/libmod.de\\\/en\\\/russland-nach-putin-fazit-der-bruesseler-konferenz-the-day-after-fuecks\\\/#article\",\"isPartOf\":{\"@id\":\"https:\\\/\\\/libmod.de\\\/en\\\/russland-nach-putin-fazit-der-bruesseler-konferenz-the-day-after-fuecks\\\/\"},\"author\":{\"name\":\"Ralf F\u00fccks\",\"@id\":\"https:\\\/\\\/libmod.de\\\/#\\\/schema\\\/person\\\/1523c62558428c502f73ae2c37bd32fd\"},\"headline\":\"Four Takeaways From the Conference \u201cRussia after&nbsp;Putin\u201d\",\"datePublished\":\"2023-06-07T14:29:11+00:00\",\"dateModified\":\"2023-06-08T14:49:31+00:00\",\"mainEntityOfPage\":{\"@id\":\"https:\\\/\\\/libmod.de\\\/en\\\/russland-nach-putin-fazit-der-bruesseler-konferenz-the-day-after-fuecks\\\/\"},\"wordCount\":1014,\"publisher\":{\"@id\":\"https:\\\/\\\/libmod.de\\\/#organization\"},\"image\":{\"@id\":\"https:\\\/\\\/libmod.de\\\/en\\\/russland-nach-putin-fazit-der-bruesseler-konferenz-the-day-after-fuecks\\\/#primaryimage\"},\"thumbnailUrl\":\"https:\\\/\\\/libmodredaktion.fra1.digitaloceanspaces.com\\\/wp-content\\\/uploads\\\/20240905142323\\\/800_Auditorium-1.jpg\",\"keywords\":[\"current\",\"Expert Network Russia\",\"Putin\",\"Ralf F\u00fccks\",\"Russia\",\"Russia after Putin\"],\"articleSection\":[\"Comment\u2003\"],\"inLanguage\":\"en-US\"},{\"@type\":\"WebPage\",\"@id\":\"https:\\\/\\\/libmod.de\\\/en\\\/russland-nach-putin-fazit-der-bruesseler-konferenz-the-day-after-fuecks\\\/\",\"url\":\"https:\\\/\\\/libmod.de\\\/en\\\/russland-nach-putin-fazit-der-bruesseler-konferenz-the-day-after-fuecks\\\/\",\"name\":\"Four Takeaways From the Conference \u201cRussia after Putin\\\" - libmod.de - Zentrum Liberale Moderne\",\"isPartOf\":{\"@id\":\"https:\\\/\\\/libmod.de\\\/#website\"},\"primaryImageOfPage\":{\"@id\":\"https:\\\/\\\/libmod.de\\\/en\\\/russland-nach-putin-fazit-der-bruesseler-konferenz-the-day-after-fuecks\\\/#primaryimage\"},\"image\":{\"@id\":\"https:\\\/\\\/libmod.de\\\/en\\\/russland-nach-putin-fazit-der-bruesseler-konferenz-the-day-after-fuecks\\\/#primaryimage\"},\"thumbnailUrl\":\"https:\\\/\\\/libmodredaktion.fra1.digitaloceanspaces.com\\\/wp-content\\\/uploads\\\/20240905142323\\\/800_Auditorium-1.jpg\",\"datePublished\":\"2023-06-07T14:29:11+00:00\",\"dateModified\":\"2023-06-08T14:49:31+00:00\",\"description\":\"Another Russia is possible: On 5\\\/6 June, representatives of the Russian opposition and the EU discussed the perspectives of a post-imperial and democratic Russia. LibMod Director Ralf F\u00fccks summarizes the four key takeaways.\",\"breadcrumb\":{\"@id\":\"https:\\\/\\\/libmod.de\\\/en\\\/russland-nach-putin-fazit-der-bruesseler-konferenz-the-day-after-fuecks\\\/#breadcrumb\"},\"inLanguage\":\"en-US\",\"potentialAction\":[{\"@type\":\"ReadAction\",\"target\":[\"https:\\\/\\\/libmod.de\\\/en\\\/russland-nach-putin-fazit-der-bruesseler-konferenz-the-day-after-fuecks\\\/\"]}]},{\"@type\":\"ImageObject\",\"inLanguage\":\"en-US\",\"@id\":\"https:\\\/\\\/libmod.de\\\/en\\\/russland-nach-putin-fazit-der-bruesseler-konferenz-the-day-after-fuecks\\\/#primaryimage\",\"url\":\"https:\\\/\\\/libmodredaktion.fra1.digitaloceanspaces.com\\\/wp-content\\\/uploads\\\/20240905142323\\\/800_Auditorium-1.jpg\",\"contentUrl\":\"https:\\\/\\\/libmodredaktion.fra1.digitaloceanspaces.com\\\/wp-content\\\/uploads\\\/20240905142323\\\/800_Auditorium-1.jpg\",\"width\":1200,\"height\":800,\"caption\":\"Foto: EPP Group\"},{\"@type\":\"BreadcrumbList\",\"@id\":\"https:\\\/\\\/libmod.de\\\/en\\\/russland-nach-putin-fazit-der-bruesseler-konferenz-the-day-after-fuecks\\\/#breadcrumb\",\"itemListElement\":[{\"@type\":\"ListItem\",\"position\":1,\"name\":\"Startseite\",\"item\":\"https:\\\/\\\/libmod.de\\\/en\\\/\"},{\"@type\":\"ListItem\",\"position\":2,\"name\":\"Four Takeaways From the Conference \u201cRussia after Putin&#8221;\"}]},{\"@type\":\"WebSite\",\"@id\":\"https:\\\/\\\/libmod.de\\\/#website\",\"url\":\"https:\\\/\\\/libmod.de\\\/\",\"name\":\"libmod.de - Zentrum Liberale Moderne\",\"description\":\"Think Tank f\u00fcr Politik in Berlin\",\"publisher\":{\"@id\":\"https:\\\/\\\/libmod.de\\\/#organization\"},\"potentialAction\":[{\"@type\":\"SearchAction\",\"target\":{\"@type\":\"EntryPoint\",\"urlTemplate\":\"https:\\\/\\\/libmod.de\\\/?s={search_term_string}\"},\"query-input\":{\"@type\":\"PropertyValueSpecification\",\"valueRequired\":true,\"valueName\":\"search_term_string\"}}],\"inLanguage\":\"en-US\"},{\"@type\":\"Organization\",\"@id\":\"https:\\\/\\\/libmod.de\\\/#organization\",\"name\":\"Zentrum Liberale Moderne\",\"url\":\"https:\\\/\\\/libmod.de\\\/\",\"logo\":{\"@type\":\"ImageObject\",\"inLanguage\":\"en-US\",\"@id\":\"https:\\\/\\\/libmod.de\\\/#\\\/schema\\\/logo\\\/image\\\/\",\"url\":\"https:\\\/\\\/libmodredaktion.fra1.digitaloceanspaces.com\\\/wp-content\\\/uploads\\\/20240905145818\\\/LibMod_Logo_XL.jpg\",\"contentUrl\":\"https:\\\/\\\/libmodredaktion.fra1.digitaloceanspaces.com\\\/wp-content\\\/uploads\\\/20240905145818\\\/LibMod_Logo_XL.jpg\",\"width\":1439,\"height\":615,\"caption\":\"Zentrum Liberale Moderne\"},\"image\":{\"@id\":\"https:\\\/\\\/libmod.de\\\/#\\\/schema\\\/logo\\\/image\\\/\"},\"sameAs\":[\"https:\\\/\\\/www.facebook.com\\\/LiberaleModerne\\\/\",\"https:\\\/\\\/x.com\\\/liberalemoderne\",\"https:\\\/\\\/www.youtube.com\\\/channel\\\/UC4Yl_V4pm1LwryD04ky54SA\",\"https:\\\/\\\/www.instagram.com\\\/libmod\\\/\",\"https:\\\/\\\/bsky.app\\\/profile\\\/libmod.de\"],\"description\":\"Das Zentrum Liberale Moderne ist ein politischer Think Tank und eine Debattenplattform. LibMod steht f\u00fcr die Verteidigung und Erneuerung der liberalen Demokratie, f\u00fcr den Aufbruch in die \u00f6kologische Moderne und f\u00fcr eine fundierte Osteuropa-Expertise.\"},{\"@type\":\"Person\",\"@id\":\"https:\\\/\\\/libmod.de\\\/#\\\/schema\\\/person\\\/1523c62558428c502f73ae2c37bd32fd\",\"name\":\"Ralf F\u00fccks\",\"image\":{\"@type\":\"ImageObject\",\"inLanguage\":\"en-US\",\"@id\":\"https:\\\/\\\/libmodredaktion.fra1.digitaloceanspaces.com\\\/wp-content\\\/uploads\\\/20240905145929\\\/Ralf-F%C3%BCcks_rund-150x150.png\",\"url\":\"https:\\\/\\\/libmodredaktion.fra1.digitaloceanspaces.com\\\/wp-content\\\/uploads\\\/20240905145929\\\/Ralf-F%C3%BCcks_rund-150x150.png\",\"contentUrl\":\"https:\\\/\\\/libmodredaktion.fra1.digitaloceanspaces.com\\\/wp-content\\\/uploads\\\/20240905145929\\\/Ralf-F%C3%BCcks_rund-150x150.png\",\"caption\":\"Ralf F\u00fccks\"},\"description\":\"Ralf F\u00fccks ist gesch\u00e4ftsf\u00fchrender Gesellschafter des Zentrums Liberale Moderne und wirkte zuvor 21 Jahre als Vorstand der Heinrich B\u00f6ll Stiftung, der politischen Stiftung der Gr\u00fcnen. Davor war er Co-Vorsitzender der Gr\u00fcnen (1989\\\/90) und Senator f\u00fcr Umwelt und Stadtentwicklung in Bremen. Kontakt info@libmod.de T +49 30 25095870 Publikationen Ralf F\u00fccks, Freiheit verteidigen , Wie wir den Kampf um die offene Gesellschaft gewinnen, 2017 Ralf F\u00fccks, Intelligent wachsen , Die gr\u00fcne Revolution, 2013 Zum LibMod-Team\",\"url\":\"https:\\\/\\\/libmod.de\\\/en\\\/author\\\/zlm_ralf_fuecks\\\/\"}]}<\/script>\n<!-- \/ Yoast SEO Premium plugin. -->","yoast_head_json":{"title":"Four Takeaways From the Conference \u201cRussia after Putin\" - libmod.de - Zentrum Liberale Moderne","description":"Another Russia is possible: On 5\/6 June, representatives of the Russian opposition and the EU discussed the perspectives of a post-imperial and democratic Russia. LibMod Director Ralf F\u00fccks summarizes the four key takeaways.","robots":{"index":"index","follow":"follow","max-snippet":"max-snippet:-1","max-image-preview":"max-image-preview:large","max-video-preview":"max-video-preview:-1"},"canonical":"https:\/\/libmod.de\/en\/russland-nach-putin-fazit-der-bruesseler-konferenz-the-day-after-fuecks\/","og_locale":"en_US","og_type":"article","og_title":"Four Takeaways From the Conference \u201cRussia after Putin\"","og_description":"Another Russia is possible: On 5\/6 June, representatives of the Russian opposition and the EU discussed the perspectives of a post-imperial and democratic Russia. LibMod Director Ralf F\u00fccks summarizes the four key takeaways.","og_url":"https:\/\/libmod.de\/en\/russland-nach-putin-fazit-der-bruesseler-konferenz-the-day-after-fuecks\/","og_site_name":"libmod.de - Zentrum Liberale Moderne","article_publisher":"https:\/\/www.facebook.com\/LiberaleModerne\/","article_published_time":"2023-06-07T14:29:11+00:00","article_modified_time":"2023-06-08T14:49:31+00:00","og_image":[{"width":1200,"height":800,"url":"https:\/\/libmod.de\/wp-content\/uploads\/800_Auditorium-1.jpg","type":"image\/jpeg"}],"author":"Ralf F\u00fccks","twitter_card":"summary_large_image","twitter_creator":"@liberalemoderne","twitter_site":"@liberalemoderne","twitter_misc":{"Written by":"Ralf F\u00fccks","Est. reading time":"6 minutes"},"schema":{"@context":"https:\/\/schema.org","@graph":[{"@type":"Article","@id":"https:\/\/libmod.de\/en\/russland-nach-putin-fazit-der-bruesseler-konferenz-the-day-after-fuecks\/#article","isPartOf":{"@id":"https:\/\/libmod.de\/en\/russland-nach-putin-fazit-der-bruesseler-konferenz-the-day-after-fuecks\/"},"author":{"name":"Ralf F\u00fccks","@id":"https:\/\/libmod.de\/#\/schema\/person\/1523c62558428c502f73ae2c37bd32fd"},"headline":"Four Takeaways From the Conference \u201cRussia after&nbsp;Putin\u201d","datePublished":"2023-06-07T14:29:11+00:00","dateModified":"2023-06-08T14:49:31+00:00","mainEntityOfPage":{"@id":"https:\/\/libmod.de\/en\/russland-nach-putin-fazit-der-bruesseler-konferenz-the-day-after-fuecks\/"},"wordCount":1014,"publisher":{"@id":"https:\/\/libmod.de\/#organization"},"image":{"@id":"https:\/\/libmod.de\/en\/russland-nach-putin-fazit-der-bruesseler-konferenz-the-day-after-fuecks\/#primaryimage"},"thumbnailUrl":"https:\/\/libmodredaktion.fra1.digitaloceanspaces.com\/wp-content\/uploads\/20240905142323\/800_Auditorium-1.jpg","keywords":["current","Expert Network Russia","Putin","Ralf F\u00fccks","Russia","Russia after Putin"],"articleSection":["Comment\u2003"],"inLanguage":"en-US"},{"@type":"WebPage","@id":"https:\/\/libmod.de\/en\/russland-nach-putin-fazit-der-bruesseler-konferenz-the-day-after-fuecks\/","url":"https:\/\/libmod.de\/en\/russland-nach-putin-fazit-der-bruesseler-konferenz-the-day-after-fuecks\/","name":"Four Takeaways From the Conference \u201cRussia after Putin\" - libmod.de - Zentrum Liberale Moderne","isPartOf":{"@id":"https:\/\/libmod.de\/#website"},"primaryImageOfPage":{"@id":"https:\/\/libmod.de\/en\/russland-nach-putin-fazit-der-bruesseler-konferenz-the-day-after-fuecks\/#primaryimage"},"image":{"@id":"https:\/\/libmod.de\/en\/russland-nach-putin-fazit-der-bruesseler-konferenz-the-day-after-fuecks\/#primaryimage"},"thumbnailUrl":"https:\/\/libmodredaktion.fra1.digitaloceanspaces.com\/wp-content\/uploads\/20240905142323\/800_Auditorium-1.jpg","datePublished":"2023-06-07T14:29:11+00:00","dateModified":"2023-06-08T14:49:31+00:00","description":"Another Russia is possible: On 5\/6 June, representatives of the Russian opposition and the EU discussed the perspectives of a post-imperial and democratic Russia. LibMod Director Ralf F\u00fccks summarizes the four key takeaways.","breadcrumb":{"@id":"https:\/\/libmod.de\/en\/russland-nach-putin-fazit-der-bruesseler-konferenz-the-day-after-fuecks\/#breadcrumb"},"inLanguage":"en-US","potentialAction":[{"@type":"ReadAction","target":["https:\/\/libmod.de\/en\/russland-nach-putin-fazit-der-bruesseler-konferenz-the-day-after-fuecks\/"]}]},{"@type":"ImageObject","inLanguage":"en-US","@id":"https:\/\/libmod.de\/en\/russland-nach-putin-fazit-der-bruesseler-konferenz-the-day-after-fuecks\/#primaryimage","url":"https:\/\/libmodredaktion.fra1.digitaloceanspaces.com\/wp-content\/uploads\/20240905142323\/800_Auditorium-1.jpg","contentUrl":"https:\/\/libmodredaktion.fra1.digitaloceanspaces.com\/wp-content\/uploads\/20240905142323\/800_Auditorium-1.jpg","width":1200,"height":800,"caption":"Foto: EPP Group"},{"@type":"BreadcrumbList","@id":"https:\/\/libmod.de\/en\/russland-nach-putin-fazit-der-bruesseler-konferenz-the-day-after-fuecks\/#breadcrumb","itemListElement":[{"@type":"ListItem","position":1,"name":"Startseite","item":"https:\/\/libmod.de\/en\/"},{"@type":"ListItem","position":2,"name":"Four Takeaways From the Conference \u201cRussia after Putin&#8221;"}]},{"@type":"WebSite","@id":"https:\/\/libmod.de\/#website","url":"https:\/\/libmod.de\/","name":"libmod.de - Zentrum Liberale Moderne","description":"Think Tank f\u00fcr Politik in Berlin","publisher":{"@id":"https:\/\/libmod.de\/#organization"},"potentialAction":[{"@type":"SearchAction","target":{"@type":"EntryPoint","urlTemplate":"https:\/\/libmod.de\/?s={search_term_string}"},"query-input":{"@type":"PropertyValueSpecification","valueRequired":true,"valueName":"search_term_string"}}],"inLanguage":"en-US"},{"@type":"Organization","@id":"https:\/\/libmod.de\/#organization","name":"Zentrum Liberale Moderne","url":"https:\/\/libmod.de\/","logo":{"@type":"ImageObject","inLanguage":"en-US","@id":"https:\/\/libmod.de\/#\/schema\/logo\/image\/","url":"https:\/\/libmodredaktion.fra1.digitaloceanspaces.com\/wp-content\/uploads\/20240905145818\/LibMod_Logo_XL.jpg","contentUrl":"https:\/\/libmodredaktion.fra1.digitaloceanspaces.com\/wp-content\/uploads\/20240905145818\/LibMod_Logo_XL.jpg","width":1439,"height":615,"caption":"Zentrum Liberale Moderne"},"image":{"@id":"https:\/\/libmod.de\/#\/schema\/logo\/image\/"},"sameAs":["https:\/\/www.facebook.com\/LiberaleModerne\/","https:\/\/x.com\/liberalemoderne","https:\/\/www.youtube.com\/channel\/UC4Yl_V4pm1LwryD04ky54SA","https:\/\/www.instagram.com\/libmod\/","https:\/\/bsky.app\/profile\/libmod.de"],"description":"Das Zentrum Liberale Moderne ist ein politischer Think Tank und eine Debattenplattform. LibMod steht f\u00fcr die Verteidigung und Erneuerung der liberalen Demokratie, f\u00fcr den Aufbruch in die \u00f6kologische Moderne und f\u00fcr eine fundierte Osteuropa-Expertise."},{"@type":"Person","@id":"https:\/\/libmod.de\/#\/schema\/person\/1523c62558428c502f73ae2c37bd32fd","name":"Ralf F\u00fccks","image":{"@type":"ImageObject","inLanguage":"en-US","@id":"https:\/\/libmodredaktion.fra1.digitaloceanspaces.com\/wp-content\/uploads\/20240905145929\/Ralf-F%C3%BCcks_rund-150x150.png","url":"https:\/\/libmodredaktion.fra1.digitaloceanspaces.com\/wp-content\/uploads\/20240905145929\/Ralf-F%C3%BCcks_rund-150x150.png","contentUrl":"https:\/\/libmodredaktion.fra1.digitaloceanspaces.com\/wp-content\/uploads\/20240905145929\/Ralf-F%C3%BCcks_rund-150x150.png","caption":"Ralf F\u00fccks"},"description":"Ralf F\u00fccks ist gesch\u00e4ftsf\u00fchrender Gesellschafter des Zentrums Liberale Moderne und wirkte zuvor 21 Jahre als Vorstand der Heinrich B\u00f6ll Stiftung, der politischen Stiftung der Gr\u00fcnen. Davor war er Co-Vorsitzender der Gr\u00fcnen (1989\/90) und Senator f\u00fcr Umwelt und Stadtentwicklung in Bremen. Kontakt info@libmod.de T +49 30 25095870 Publikationen Ralf F\u00fccks, Freiheit verteidigen , Wie wir den Kampf um die offene Gesellschaft gewinnen, 2017 Ralf F\u00fccks, Intelligent wachsen , Die gr\u00fcne Revolution, 2013 Zum LibMod-Team","url":"https:\/\/libmod.de\/en\/author\/zlm_ralf_fuecks\/"}]}},"menu_order":637,"_links":{"self":[{"href":"https:\/\/libmod.de\/en\/wp-json\/wp\/v2\/posts\/54539","targetHints":{"allow":["GET"]}}],"collection":[{"href":"https:\/\/libmod.de\/en\/wp-json\/wp\/v2\/posts"}],"about":[{"href":"https:\/\/libmod.de\/en\/wp-json\/wp\/v2\/types\/post"}],"author":[{"embeddable":true,"href":"https:\/\/libmod.de\/en\/wp-json\/wp\/v2\/users\/7"}],"replies":[{"embeddable":true,"href":"https:\/\/libmod.de\/en\/wp-json\/wp\/v2\/comments?post=54539"}],"version-history":[{"count":6,"href":"https:\/\/libmod.de\/en\/wp-json\/wp\/v2\/posts\/54539\/revisions"}],"predecessor-version":[{"id":54552,"href":"https:\/\/libmod.de\/en\/wp-json\/wp\/v2\/posts\/54539\/revisions\/54552"}],"wp:featuredmedia":[{"embeddable":true,"href":"https:\/\/libmod.de\/en\/wp-json\/wp\/v2\/media\/54545"}],"wp:attachment":[{"href":"https:\/\/libmod.de\/en\/wp-json\/wp\/v2\/media?parent=54539"}],"wp:term":[{"taxonomy":"category","embeddable":true,"href":"https:\/\/libmod.de\/en\/wp-json\/wp\/v2\/categories?post=54539"},{"taxonomy":"post_tag","embeddable":true,"href":"https:\/\/libmod.de\/en\/wp-json\/wp\/v2\/tags?post=54539"}],"curies":[{"name":"wp","href":"https:\/\/api.w.org\/{rel}","templated":true}]}}