{"id":55377,"date":"2023-04-17T15:47:39","date_gmt":"2023-04-17T13:47:39","guid":{"rendered":"https:\/\/libmod.de\/the-eus-rule-of-law-promotion-in-ukraine-external-leverage-and-domestic-circumstances-copy\/"},"modified":"2023-07-26T16:17:41","modified_gmt":"2023-07-26T14:17:41","slug":"ukraine-and-multilateral-formats-in-central-europe","status":"publish","type":"post","link":"https:\/\/libmod.de\/en\/ukraine-and-multilateral-formats-in-central-europe\/","title":{"rendered":"Ukraine and Multi\u00adlateral Formats in Central&nbsp;Europe"},"content":{"rendered":"<div class=\"wpb-content-wrapper\"><p>[vc_row][vc_column][vc_column_text]<\/p>\n<p><img class=\"alignnone size-full wp-image-55381\" src=\"https:\/\/libmodredaktion.fra1.digitaloceanspaces.com\/wp-content\/uploads\/20240905142218\/Rada_500-1.jpg\" alt width=\"1200\" height=\"500\" srcset=\"https:\/\/libmodredaktion.fra1.digitaloceanspaces.com\/wp-content\/uploads\/20240905142218\/Rada_500-1.jpg 1200w, https:\/\/libmodredaktion.fra1.digitaloceanspaces.com\/wp-content\/uploads\/20240905142218\/Rada_500-1-770x321.jpg 770w, https:\/\/libmodredaktion.fra1.digitaloceanspaces.com\/wp-content\/uploads\/20240905142218\/Rada_500-1-768x320.jpg 768w\" sizes=\"(max-width: 1200px) 100vw, 1200px\"><\/p>\n<p>[\/vc_column_text][\/vc_column][\/vc_row][vc_row css=\u201d.vc_custom_1508251598805{margin-top: 30px !important;}\u201d][vc_column width=\u201c2\/3\u201d css=\u201d.vc_custom_1508252250311{padding-right: 20px !important;}\u201d][vc_column_text]<\/p>\n<h2>In this policy paper, Alisa Muzergues and Pavel Havl\u00ed\u010dek analyse the multi\u00adlateral formats and cooper\u00ada\u00adtions in Central and Eastern Europe in which Ukraine partic\u00adi\u00adpates \u2014 or aspires to participate.<\/h2>\n<h2><!--more--><\/h2>\n<p>This paper aims at taking stock of the various multi\u00adlateral formats and cooper\u00adation efforts in Central and Eastern Europe, where Ukraine is either a&nbsp;partic\u00adipant or an aspiring country. While the EU (and partially NATO) has been the dominant force in the region, it has not been the only game in town. Moreover, some of the formats, discussed in the paper, emerged precisely to compensate for the EU\u2019s inability to fill in the security vacuum, which Ukraine felt it found itself&nbsp;in.<\/p>\n<p>Eventually, the paper provides for a&nbsp;compre\u00adhensive account of oppor\u00adtu\u00adnities for Ukraine and the EU and all other parties inter\u00adested in further upscaling the cooper\u00adation and promoting closer integration of Ukraine within the Euro-Atlantic community. The granting of EU candidacy status to Ukraine in June 2022 provided a&nbsp;new impetus for&nbsp;this.<\/p>\n<p>[\/vc_column_text][vc_btn title=\u201cDOWNLOAD\u201d style=\u201cflat\u201d color=\u201cturquoise\u201d link=\u201curl:https%3A%2F%2Flibmod.de%2Fwp-content%2Fuploads%2FLibMod_PP_MultilateralFormats.pdf|target:_blank\u201d][vc_column_text]<a href=\"https:\/\/libmodredaktion.fra1.digitaloceanspaces.com\/wp-content\/uploads\/20240905142219\/LibMod_PP_MultilateralFormats.pdf\" class=\"pdfemb-viewer\" style data-width=\"max\" data-height=\"max\" data-toolbar=\"bottom\" data-toolbar-fixed=\"off\">LibMod_\u200bPP_\u200bMultilateralFormats<\/a><\/p>\n<p><img class=\"alignnone wp-image-23921 size-full\" src=\"http:\/\/libmodredaktion.fra1.digitaloceanspaces.com\/wp-content\/uploads\/20240905145906\/textende.png\" alt=\"Textende\" width=\"40\" height=\"120\">[\/vc_column_text][vc_column_text]supported by:<\/p>\n<p><img class=\"alignnone wp-image-9882\" src=\"https:\/\/ukraineverstehen.de\/wp-content\/uploads\/Logo-AA-Deutsch.png\" alt width=\"250\" height=\"165\"><\/p>\n<p>[\/vc_column_text][vc_separator][vc_column_text]Did you like thike this article? If yes, you can support the independent editorial work and journalism of LibMod via a&nbsp;simple donation tool.[\/vc_column_text][vc_column_text]<script type=\"text\/javascript\">\n\t(function() {\n\t\tvar u=\"https:\/\/spenden.twingle.de\/embed\/genericorganisation\/genericproject\/tw5aeafe12eb6cb\/widget\";\n\t\tvar id = '_' + Math.random().toString(36).substr(2, 9);\n\t\tvar d=document, g=d.createElement('script'), s=d.getElementsByTagName('script')[0];\n\t\tdocument.write('<div id=\"twingle-public-embed-' + id + '\"><\/div>');\n\t\tg.type='text\/javascript'; g.async=true; g.defer=true; g.src=u+'\/'+id; s.parentNode.insertBefore(g,s);\n\t})();\n<\/script>[\/vc_column_text][vc_column_text]<\/p>\n<h2>Donate via&nbsp;PayPal<\/h2>\n<p><img src=\"https:\/\/www.paypal.com\/en_DE\/i\/scr\/pixel.gif\" alt width=\"1\" height=\"1\" border=\"0\"><\/p>\n<hr>\n<p>We are recog\u00adnized as a&nbsp;non-profit organi\u00adzation, accord\u00adingly donations are tax deductible. For a&nbsp;donation receipt (necessary for an amount over 200 EUR), please send your address data to&nbsp;<a href=\"mailto:finanzen@libmod.de\">finanzen@libmod.de<\/a>[\/vc_column_text][\/vc_column][vc_column width=\u201c1\/3\u201d el_class=\u201cdimmer\u201d][vc_column_text]<\/p>\n<h2>Related topics<\/h2>\n<p>[\/vc_column_text][vc_basic_grid post_type=\u201cpost\u201d max_items=\u201c3\u201d element_width=\u201c12\u201d item=\u201c24066\u201d grid_id=\u201cvc_gid:1690380952709\u20135e4f26fe-68f2\u20116\u201d css=\u201d.vc_custom_1683203582282{background-color: #ffffff !important;}\u201d taxonomies=\u201c14829\u201d][vc_row_inner css=\u201d.vc_custom_1508164629489{margin-top: 30px !important;margin-right: 0px !important;margin-left: 0px !important;background-color: #03d0b6 !important;}\u201d][vc_column_inner][vc_column_text css=\u201d.vc_custom_1508167210959{margin-top: \u201115px !important;}\u201d]<\/p>\n<h2><span style=\"color: #ffffff;\">Newsletter bestellen<\/span><\/h2>\n<p>[\/vc_column_text][vc_column_text css=\u201d.vc_custom_1617899830539{margin-top: \u201110px !important;}\u201d]Stay tuned with our regular newsletter about all our relevant&nbsp;subjects.<\/p>\n<p><script>(function() {\n\twindow.mc4wp = window.mc4wp || {\n\t\tlisteners: [],\n\t\tforms: {\n\t\t\ton: function(evt, cb) {\n\t\t\t\twindow.mc4wp.listeners.push(\n\t\t\t\t\t{\n\t\t\t\t\t\tevent   : evt,\n\t\t\t\t\t\tcallback: cb\n\t\t\t\t\t}\n\t\t\t\t);\n\t\t\t}\n\t\t}\n\t}\n})();\n<\/script><!-- Mailchimp for WordPress v4.12.2 - https:\/\/wordpress.org\/plugins\/mailchimp-for-wp\/ --><\/p><form id=\"mc4wp-form-1\" class=\"mc4wp-form mc4wp-form-24179 mc4wp-form-styles-builder mc4wp-ajax\" method=\"post\" data-id=\"24179\" data-name=\"LibMod Newsletter\"><div class=\"mc4wp-form-fields\"><p>\n    <label>Anrede\u2002 \u2002\u2003<\/label>\n    <select name=\"ANREDE\" required>\n        <option value=\"Frau\" selected=\"true\">Frau<\/option>\n        <option value=\"Herr\">Herr<\/option>\n        <option value=\"X\">X<\/option>\n    <\/select>\n<\/p>\n<p>\n    <label>Insti\u00adtution\u2003<\/label>\n    <input name=\"MMERGE3\" type=\"text\">\n<\/p>\n<p>\n    <label>Nachname \u2002<\/label>\n    <input name=\"MMERGE2\" required type=\"text\">\n<\/p>\n<p>\n    <label>Vorname\u2002 \u2003<\/label>\n    <input name=\"MMERGE1\" required type=\"text\">\n<\/p>\n<p>\n    <label>Kategorie\u2002\u2003<\/label>\n    <select name=\"KATEGORIE\" required>\n        <option value=\"Newsletter\" selected=\"true\">Newsletter<\/option>\n    <\/select>\n<\/p>\n<p><input type=\"email\" name=\"EMAIL\" placeholder=\"Ihre Mail-Addresse\" required>\n<\/p><p>Mit unseren <span style=\"color: #000000;\"><a style=\"color: #000000;\" href=\"https:\/\/libmod.de\/datenschutzerklaerung\/\" target=\"_blank\" rel=\"noopener\">Daten\u00adschutzbes\u00adtim\u00admungen<\/a><\/span> <br>erkl\u00e4ren Sie sich einverstanden.<br><br>\n<input type=\"submit\" value=\"Absenden\"><br><\/p><\/div><label style=\"display: none !important;\">Leave this field empty if you\u2019re&nbsp;human:&nbsp;<input type=\"text\" name=\"_mc4wp_honeypot\" value tabindex=\"-1\" autocomplete=\"off\"><\/label><input type=\"hidden\" name=\"_mc4wp_timestamp\" value=\"1777797775\"><input type=\"hidden\" name=\"_mc4wp_form_id\" value=\"24179\"><input type=\"hidden\" name=\"_mc4wp_form_element_id\" value=\"mc4wp-form-1\"><div class=\"mc4wp-response\"><\/div><\/form><!-- \/ Mailchimp for WordPress Plugin -->[\/vc_column_text][\/vc_column_inner][\/vc_row_inner][\/vc_column][\/vc_row][vc_row disable_element=\u201cyes\u201d css=\u201d.vc_custom_1690381007535{margin-top: 30px !important;}\u201d][vc_column width=\u201c2\/3\u201d css=\u201d.vc_custom_1508252250311{padding-right: 20px !important;}\u201d][vc_column_text]Hier ist ein nicht funktion\u00adierender Button! Warum hat er nicht funktioniert?[\/vc_column_text]<div class=\"gem-button-container gem-button-position-left thegem-button-69f70a8f02a176255    \"><a class=\"gem-button gem-button-size-small gem-button-style-flat gem-button-text-weight-normal\" data-ll-effect=\"drop-right-without-wrap\" style=\"border-radius: 3px;background-color: #03d0b6;\" onmouseleave=\"this.style.backgroundColor='#03d0b6';\" onmouseenter href=\"https:\/\/libmodredaktion.fra1.digitaloceanspaces.com\/wp-content\/uploads\/20240905142219\/LibMod_PP_MultilateralFormats.pdf\" target=\"_blank\">Download<\/a><\/div> [\/vc_column][vc_column width=\u201c1\/3\u201d el_class=\u201cdimmer\u201d][\/vc_column][\/vc_row]\n<\/div>","protected":false},"excerpt":{"rendered":"<p>In this policy paper, Alisa Muzergues and Pavel Havl\u00ed\u010dek analyse the multi\u00adlateral formats and cooper\u00ada\u00adtions in Central and Eastern Europe in which Ukraine partic\u00adi\u00adpates \u2014 or aspires to participate.<\/p>\n","protected":false},"author":10,"featured_media":55383,"comment_status":"closed","ping_status":"closed","sticky":false,"template":"","format":"standard","meta":{"_acf_changed":false,"wp_typography_post_enhancements_disabled":false,"mc4wp_mailchimp_campaign":[],"footnotes":""},"categories":[10679],"tags":[2987,11704,10657],"class_list":["post-55377","post","type-post","status-publish","format-standard","has-post-thumbnail","category-policy-paper-2","tag-current","tag-europes-east","tag-ukraine-en"],"acf":[],"yoast_head":"<!-- This site is optimized with the Yoast SEO Premium plugin v27.4 (Yoast SEO v27.5) - https:\/\/yoast.com\/product\/yoast-seo-premium-wordpress\/ -->\n<title>Ukraine and Multilateral Formats in Central Europe - libmod.de - Zentrum Liberale Moderne<\/title>\n<meta name=\"description\" content=\"In this policy paper, Alisa Muzergues and Pavel Havl\u00ed\u010dek analyse the multilateral formats and cooperations in Central and Eastern Europe in which Ukraine participates - or aspires to participate.\" \/>\n<meta name=\"robots\" content=\"index, follow, max-snippet:-1, max-image-preview:large, max-video-preview:-1\" \/>\n<link rel=\"canonical\" href=\"https:\/\/libmod.de\/en\/ukraine-and-multilateral-formats-in-central-europe\/\" \/>\n<meta property=\"og:locale\" content=\"en_US\" \/>\n<meta property=\"og:type\" content=\"article\" \/>\n<meta property=\"og:title\" content=\"Ukraine and Multilateral Formats in Central Europe\" \/>\n<meta property=\"og:description\" content=\"In this policy paper, Alisa Muzergues and Pavel Havl\u00ed\u010dek analyse the multilateral formats and cooperations in Central and Eastern Europe in which Ukraine participates - or aspires to participate.\" \/>\n<meta property=\"og:url\" content=\"https:\/\/libmod.de\/en\/ukraine-and-multilateral-formats-in-central-europe\/\" \/>\n<meta property=\"og:site_name\" content=\"libmod.de - Zentrum Liberale Moderne\" \/>\n<meta property=\"article:publisher\" content=\"https:\/\/www.facebook.com\/LiberaleModerne\/\" \/>\n<meta property=\"article:published_time\" content=\"2023-04-17T13:47:39+00:00\" \/>\n<meta property=\"article:modified_time\" content=\"2023-07-26T14:17:41+00:00\" \/>\n<meta property=\"og:image\" content=\"https:\/\/libmod.de\/wp-content\/uploads\/Rada_800-2.jpg\" \/>\n\t<meta property=\"og:image:width\" content=\"1200\" \/>\n\t<meta property=\"og:image:height\" content=\"800\" \/>\n\t<meta property=\"og:image:type\" content=\"image\/jpeg\" \/>\n<meta name=\"author\" content=\"\u200b\" \/>\n<meta name=\"twitter:card\" content=\"summary_large_image\" \/>\n<meta name=\"twitter:creator\" content=\"@liberalemoderne\" \/>\n<meta name=\"twitter:site\" content=\"@liberalemoderne\" \/>\n<meta name=\"twitter:label1\" content=\"Written by\" \/>\n\t<meta name=\"twitter:data1\" content=\"\u200b\" \/>\n\t<meta name=\"twitter:label2\" content=\"Est. reading time\" \/>\n\t<meta name=\"twitter:data2\" content=\"3 minutes\" \/>\n<script type=\"application\/ld+json\" class=\"yoast-schema-graph\">{\"@context\":\"https:\\\/\\\/schema.org\",\"@graph\":[{\"@type\":\"Article\",\"@id\":\"https:\\\/\\\/libmod.de\\\/en\\\/ukraine-and-multilateral-formats-in-central-europe\\\/#article\",\"isPartOf\":{\"@id\":\"https:\\\/\\\/libmod.de\\\/en\\\/ukraine-and-multilateral-formats-in-central-europe\\\/\"},\"author\":{\"name\":\"\u200b\",\"@id\":\"https:\\\/\\\/libmod.de\\\/#\\\/schema\\\/person\\\/1d9e50b59b21b878f81b8df9ba1a3a31\"},\"headline\":\"Ukraine and Multi\u00adlateral Formats in Central&nbsp;Europe\",\"datePublished\":\"2023-04-17T13:47:39+00:00\",\"dateModified\":\"2023-07-26T14:17:41+00:00\",\"mainEntityOfPage\":{\"@id\":\"https:\\\/\\\/libmod.de\\\/en\\\/ukraine-and-multilateral-formats-in-central-europe\\\/\"},\"wordCount\":537,\"publisher\":{\"@id\":\"https:\\\/\\\/libmod.de\\\/#organization\"},\"image\":{\"@id\":\"https:\\\/\\\/libmod.de\\\/en\\\/ukraine-and-multilateral-formats-in-central-europe\\\/#primaryimage\"},\"thumbnailUrl\":\"https:\\\/\\\/libmodredaktion.fra1.digitaloceanspaces.com\\\/wp-content\\\/uploads\\\/20240905142218\\\/Rada_800-2.jpg\",\"keywords\":[\"current\",\"Europe\u2019s East\",\"Ukraine\"],\"articleSection\":[\"Policy Paper\u2003\"],\"inLanguage\":\"en-US\"},{\"@type\":\"WebPage\",\"@id\":\"https:\\\/\\\/libmod.de\\\/en\\\/ukraine-and-multilateral-formats-in-central-europe\\\/\",\"url\":\"https:\\\/\\\/libmod.de\\\/en\\\/ukraine-and-multilateral-formats-in-central-europe\\\/\",\"name\":\"Ukraine and Multilateral Formats in Central Europe - libmod.de - Zentrum Liberale Moderne\",\"isPartOf\":{\"@id\":\"https:\\\/\\\/libmod.de\\\/#website\"},\"primaryImageOfPage\":{\"@id\":\"https:\\\/\\\/libmod.de\\\/en\\\/ukraine-and-multilateral-formats-in-central-europe\\\/#primaryimage\"},\"image\":{\"@id\":\"https:\\\/\\\/libmod.de\\\/en\\\/ukraine-and-multilateral-formats-in-central-europe\\\/#primaryimage\"},\"thumbnailUrl\":\"https:\\\/\\\/libmodredaktion.fra1.digitaloceanspaces.com\\\/wp-content\\\/uploads\\\/20240905142218\\\/Rada_800-2.jpg\",\"datePublished\":\"2023-04-17T13:47:39+00:00\",\"dateModified\":\"2023-07-26T14:17:41+00:00\",\"description\":\"In this policy paper, Alisa Muzergues and Pavel Havl\u00ed\u010dek analyse the multilateral formats and cooperations in Central and Eastern Europe in which Ukraine participates - or aspires to participate.\",\"breadcrumb\":{\"@id\":\"https:\\\/\\\/libmod.de\\\/en\\\/ukraine-and-multilateral-formats-in-central-europe\\\/#breadcrumb\"},\"inLanguage\":\"en-US\",\"potentialAction\":[{\"@type\":\"ReadAction\",\"target\":[\"https:\\\/\\\/libmod.de\\\/en\\\/ukraine-and-multilateral-formats-in-central-europe\\\/\"]}]},{\"@type\":\"ImageObject\",\"inLanguage\":\"en-US\",\"@id\":\"https:\\\/\\\/libmod.de\\\/en\\\/ukraine-and-multilateral-formats-in-central-europe\\\/#primaryimage\",\"url\":\"https:\\\/\\\/libmodredaktion.fra1.digitaloceanspaces.com\\\/wp-content\\\/uploads\\\/20240905142218\\\/Rada_800-2.jpg\",\"contentUrl\":\"https:\\\/\\\/libmodredaktion.fra1.digitaloceanspaces.com\\\/wp-content\\\/uploads\\\/20240905142218\\\/Rada_800-2.jpg\",\"width\":1200,\"height\":800},{\"@type\":\"BreadcrumbList\",\"@id\":\"https:\\\/\\\/libmod.de\\\/en\\\/ukraine-and-multilateral-formats-in-central-europe\\\/#breadcrumb\",\"itemListElement\":[{\"@type\":\"ListItem\",\"position\":1,\"name\":\"Startseite\",\"item\":\"https:\\\/\\\/libmod.de\\\/en\\\/\"},{\"@type\":\"ListItem\",\"position\":2,\"name\":\"Ukraine and Multilateral Formats in Central Europe\"}]},{\"@type\":\"WebSite\",\"@id\":\"https:\\\/\\\/libmod.de\\\/#website\",\"url\":\"https:\\\/\\\/libmod.de\\\/\",\"name\":\"libmod.de - Zentrum Liberale Moderne\",\"description\":\"Think Tank f\u00fcr Politik in Berlin\",\"publisher\":{\"@id\":\"https:\\\/\\\/libmod.de\\\/#organization\"},\"potentialAction\":[{\"@type\":\"SearchAction\",\"target\":{\"@type\":\"EntryPoint\",\"urlTemplate\":\"https:\\\/\\\/libmod.de\\\/?s={search_term_string}\"},\"query-input\":{\"@type\":\"PropertyValueSpecification\",\"valueRequired\":true,\"valueName\":\"search_term_string\"}}],\"inLanguage\":\"en-US\"},{\"@type\":\"Organization\",\"@id\":\"https:\\\/\\\/libmod.de\\\/#organization\",\"name\":\"Zentrum Liberale Moderne\",\"url\":\"https:\\\/\\\/libmod.de\\\/\",\"logo\":{\"@type\":\"ImageObject\",\"inLanguage\":\"en-US\",\"@id\":\"https:\\\/\\\/libmod.de\\\/#\\\/schema\\\/logo\\\/image\\\/\",\"url\":\"https:\\\/\\\/libmodredaktion.fra1.digitaloceanspaces.com\\\/wp-content\\\/uploads\\\/20240905145818\\\/LibMod_Logo_XL.jpg\",\"contentUrl\":\"https:\\\/\\\/libmodredaktion.fra1.digitaloceanspaces.com\\\/wp-content\\\/uploads\\\/20240905145818\\\/LibMod_Logo_XL.jpg\",\"width\":1439,\"height\":615,\"caption\":\"Zentrum Liberale Moderne\"},\"image\":{\"@id\":\"https:\\\/\\\/libmod.de\\\/#\\\/schema\\\/logo\\\/image\\\/\"},\"sameAs\":[\"https:\\\/\\\/www.facebook.com\\\/LiberaleModerne\\\/\",\"https:\\\/\\\/x.com\\\/liberalemoderne\",\"https:\\\/\\\/www.youtube.com\\\/channel\\\/UC4Yl_V4pm1LwryD04ky54SA\",\"https:\\\/\\\/www.instagram.com\\\/libmod\\\/\",\"https:\\\/\\\/bsky.app\\\/profile\\\/libmod.de\"],\"description\":\"Das Zentrum Liberale Moderne ist ein politischer Think Tank und eine Debattenplattform. LibMod steht f\u00fcr die Verteidigung und Erneuerung der liberalen Demokratie, f\u00fcr den Aufbruch in die \u00f6kologische Moderne und f\u00fcr eine fundierte Osteuropa-Expertise.\"},{\"@type\":\"Person\",\"@id\":\"https:\\\/\\\/libmod.de\\\/#\\\/schema\\\/person\\\/1d9e50b59b21b878f81b8df9ba1a3a31\",\"name\":\"\u200b\",\"image\":{\"@type\":\"ImageObject\",\"inLanguage\":\"en-US\",\"@id\":\"https:\\\/\\\/libmodredaktion.fra1.digitaloceanspaces.com\\\/wp-content\\\/uploads\\\/20240905144807\\\/User-150x150.png\",\"url\":\"https:\\\/\\\/libmodredaktion.fra1.digitaloceanspaces.com\\\/wp-content\\\/uploads\\\/20240905144807\\\/User-150x150.png\",\"contentUrl\":\"https:\\\/\\\/libmodredaktion.fra1.digitaloceanspaces.com\\\/wp-content\\\/uploads\\\/20240905144807\\\/User-150x150.png\",\"caption\":\"\u200b\"},\"url\":\"https:\\\/\\\/libmod.de\\\/en\\\/author\\\/zlm_neutraler_autor\\\/\"}]}<\/script>\n<!-- \/ Yoast SEO Premium plugin. -->","yoast_head_json":{"title":"Ukraine and Multilateral Formats in Central Europe - libmod.de - Zentrum Liberale Moderne","description":"In this policy paper, Alisa Muzergues and Pavel Havl\u00ed\u010dek analyse the multilateral formats and cooperations in Central and Eastern Europe in which Ukraine participates - or aspires to participate.","robots":{"index":"index","follow":"follow","max-snippet":"max-snippet:-1","max-image-preview":"max-image-preview:large","max-video-preview":"max-video-preview:-1"},"canonical":"https:\/\/libmod.de\/en\/ukraine-and-multilateral-formats-in-central-europe\/","og_locale":"en_US","og_type":"article","og_title":"Ukraine and Multilateral Formats in Central Europe","og_description":"In this policy paper, Alisa Muzergues and Pavel Havl\u00ed\u010dek analyse the multilateral formats and cooperations in Central and Eastern Europe in which Ukraine participates - or aspires to participate.","og_url":"https:\/\/libmod.de\/en\/ukraine-and-multilateral-formats-in-central-europe\/","og_site_name":"libmod.de - Zentrum Liberale Moderne","article_publisher":"https:\/\/www.facebook.com\/LiberaleModerne\/","article_published_time":"2023-04-17T13:47:39+00:00","article_modified_time":"2023-07-26T14:17:41+00:00","og_image":[{"width":1200,"height":800,"url":"https:\/\/libmod.de\/wp-content\/uploads\/Rada_800-2.jpg","type":"image\/jpeg"}],"author":"\u200b","twitter_card":"summary_large_image","twitter_creator":"@liberalemoderne","twitter_site":"@liberalemoderne","twitter_misc":{"Written by":"\u200b","Est. reading time":"3 minutes"},"schema":{"@context":"https:\/\/schema.org","@graph":[{"@type":"Article","@id":"https:\/\/libmod.de\/en\/ukraine-and-multilateral-formats-in-central-europe\/#article","isPartOf":{"@id":"https:\/\/libmod.de\/en\/ukraine-and-multilateral-formats-in-central-europe\/"},"author":{"name":"\u200b","@id":"https:\/\/libmod.de\/#\/schema\/person\/1d9e50b59b21b878f81b8df9ba1a3a31"},"headline":"Ukraine and Multi\u00adlateral Formats in Central&nbsp;Europe","datePublished":"2023-04-17T13:47:39+00:00","dateModified":"2023-07-26T14:17:41+00:00","mainEntityOfPage":{"@id":"https:\/\/libmod.de\/en\/ukraine-and-multilateral-formats-in-central-europe\/"},"wordCount":537,"publisher":{"@id":"https:\/\/libmod.de\/#organization"},"image":{"@id":"https:\/\/libmod.de\/en\/ukraine-and-multilateral-formats-in-central-europe\/#primaryimage"},"thumbnailUrl":"https:\/\/libmodredaktion.fra1.digitaloceanspaces.com\/wp-content\/uploads\/20240905142218\/Rada_800-2.jpg","keywords":["current","Europe\u2019s East","Ukraine"],"articleSection":["Policy Paper\u2003"],"inLanguage":"en-US"},{"@type":"WebPage","@id":"https:\/\/libmod.de\/en\/ukraine-and-multilateral-formats-in-central-europe\/","url":"https:\/\/libmod.de\/en\/ukraine-and-multilateral-formats-in-central-europe\/","name":"Ukraine and Multilateral Formats in Central Europe - libmod.de - Zentrum Liberale Moderne","isPartOf":{"@id":"https:\/\/libmod.de\/#website"},"primaryImageOfPage":{"@id":"https:\/\/libmod.de\/en\/ukraine-and-multilateral-formats-in-central-europe\/#primaryimage"},"image":{"@id":"https:\/\/libmod.de\/en\/ukraine-and-multilateral-formats-in-central-europe\/#primaryimage"},"thumbnailUrl":"https:\/\/libmodredaktion.fra1.digitaloceanspaces.com\/wp-content\/uploads\/20240905142218\/Rada_800-2.jpg","datePublished":"2023-04-17T13:47:39+00:00","dateModified":"2023-07-26T14:17:41+00:00","description":"In this policy paper, Alisa Muzergues and Pavel Havl\u00ed\u010dek analyse the multilateral formats and cooperations in Central and Eastern Europe in which Ukraine participates - or aspires to participate.","breadcrumb":{"@id":"https:\/\/libmod.de\/en\/ukraine-and-multilateral-formats-in-central-europe\/#breadcrumb"},"inLanguage":"en-US","potentialAction":[{"@type":"ReadAction","target":["https:\/\/libmod.de\/en\/ukraine-and-multilateral-formats-in-central-europe\/"]}]},{"@type":"ImageObject","inLanguage":"en-US","@id":"https:\/\/libmod.de\/en\/ukraine-and-multilateral-formats-in-central-europe\/#primaryimage","url":"https:\/\/libmodredaktion.fra1.digitaloceanspaces.com\/wp-content\/uploads\/20240905142218\/Rada_800-2.jpg","contentUrl":"https:\/\/libmodredaktion.fra1.digitaloceanspaces.com\/wp-content\/uploads\/20240905142218\/Rada_800-2.jpg","width":1200,"height":800},{"@type":"BreadcrumbList","@id":"https:\/\/libmod.de\/en\/ukraine-and-multilateral-formats-in-central-europe\/#breadcrumb","itemListElement":[{"@type":"ListItem","position":1,"name":"Startseite","item":"https:\/\/libmod.de\/en\/"},{"@type":"ListItem","position":2,"name":"Ukraine and Multilateral Formats in Central Europe"}]},{"@type":"WebSite","@id":"https:\/\/libmod.de\/#website","url":"https:\/\/libmod.de\/","name":"libmod.de - Zentrum Liberale Moderne","description":"Think Tank f\u00fcr Politik in Berlin","publisher":{"@id":"https:\/\/libmod.de\/#organization"},"potentialAction":[{"@type":"SearchAction","target":{"@type":"EntryPoint","urlTemplate":"https:\/\/libmod.de\/?s={search_term_string}"},"query-input":{"@type":"PropertyValueSpecification","valueRequired":true,"valueName":"search_term_string"}}],"inLanguage":"en-US"},{"@type":"Organization","@id":"https:\/\/libmod.de\/#organization","name":"Zentrum Liberale Moderne","url":"https:\/\/libmod.de\/","logo":{"@type":"ImageObject","inLanguage":"en-US","@id":"https:\/\/libmod.de\/#\/schema\/logo\/image\/","url":"https:\/\/libmodredaktion.fra1.digitaloceanspaces.com\/wp-content\/uploads\/20240905145818\/LibMod_Logo_XL.jpg","contentUrl":"https:\/\/libmodredaktion.fra1.digitaloceanspaces.com\/wp-content\/uploads\/20240905145818\/LibMod_Logo_XL.jpg","width":1439,"height":615,"caption":"Zentrum Liberale Moderne"},"image":{"@id":"https:\/\/libmod.de\/#\/schema\/logo\/image\/"},"sameAs":["https:\/\/www.facebook.com\/LiberaleModerne\/","https:\/\/x.com\/liberalemoderne","https:\/\/www.youtube.com\/channel\/UC4Yl_V4pm1LwryD04ky54SA","https:\/\/www.instagram.com\/libmod\/","https:\/\/bsky.app\/profile\/libmod.de"],"description":"Das Zentrum Liberale Moderne ist ein politischer Think Tank und eine Debattenplattform. LibMod steht f\u00fcr die Verteidigung und Erneuerung der liberalen Demokratie, f\u00fcr den Aufbruch in die \u00f6kologische Moderne und f\u00fcr eine fundierte Osteuropa-Expertise."},{"@type":"Person","@id":"https:\/\/libmod.de\/#\/schema\/person\/1d9e50b59b21b878f81b8df9ba1a3a31","name":"\u200b","image":{"@type":"ImageObject","inLanguage":"en-US","@id":"https:\/\/libmodredaktion.fra1.digitaloceanspaces.com\/wp-content\/uploads\/20240905144807\/User-150x150.png","url":"https:\/\/libmodredaktion.fra1.digitaloceanspaces.com\/wp-content\/uploads\/20240905144807\/User-150x150.png","contentUrl":"https:\/\/libmodredaktion.fra1.digitaloceanspaces.com\/wp-content\/uploads\/20240905144807\/User-150x150.png","caption":"\u200b"},"url":"https:\/\/libmod.de\/en\/author\/zlm_neutraler_autor\/"}]}},"menu_order":0,"_links":{"self":[{"href":"https:\/\/libmod.de\/en\/wp-json\/wp\/v2\/posts\/55377","targetHints":{"allow":["GET"]}}],"collection":[{"href":"https:\/\/libmod.de\/en\/wp-json\/wp\/v2\/posts"}],"about":[{"href":"https:\/\/libmod.de\/en\/wp-json\/wp\/v2\/types\/post"}],"author":[{"embeddable":true,"href":"https:\/\/libmod.de\/en\/wp-json\/wp\/v2\/users\/10"}],"replies":[{"embeddable":true,"href":"https:\/\/libmod.de\/en\/wp-json\/wp\/v2\/comments?post=55377"}],"version-history":[{"count":10,"href":"https:\/\/libmod.de\/en\/wp-json\/wp\/v2\/posts\/55377\/revisions"}],"predecessor-version":[{"id":55394,"href":"https:\/\/libmod.de\/en\/wp-json\/wp\/v2\/posts\/55377\/revisions\/55394"}],"wp:featuredmedia":[{"embeddable":true,"href":"https:\/\/libmod.de\/en\/wp-json\/wp\/v2\/media\/55383"}],"wp:attachment":[{"href":"https:\/\/libmod.de\/en\/wp-json\/wp\/v2\/media?parent=55377"}],"wp:term":[{"taxonomy":"category","embeddable":true,"href":"https:\/\/libmod.de\/en\/wp-json\/wp\/v2\/categories?post=55377"},{"taxonomy":"post_tag","embeddable":true,"href":"https:\/\/libmod.de\/en\/wp-json\/wp\/v2\/tags?post=55377"}],"curies":[{"name":"wp","href":"https:\/\/api.w.org\/{rel}","templated":true}]}}