{"id":68528,"date":"2024-12-17T16:47:08","date_gmt":"2024-12-17T15:47:08","guid":{"rendered":"https:\/\/libmod.de\/?p=68528"},"modified":"2025-01-15T13:00:49","modified_gmt":"2025-01-15T12:00:49","slug":"invitation-to-international-rethinking-liberalism-conference-challenges-to-liberalism-in-turbulent-times","status":"publish","type":"post","link":"https:\/\/libmod.de\/en\/invitation-to-international-rethinking-liberalism-conference-challenges-to-liberalism-in-turbulent-times\/","title":{"rendered":"Inter\u00adna\u00adtional Rethinking Liber\u00adalism Conference \u2014 Challenges to Liber\u00adalism in Turbulent&nbsp;Times"},"content":{"rendered":"<div class=\"wpb-content-wrapper\"><p>[vc_row][vc_column][vc_column_text css=\u201c\u201d]<img class=\"alignnone wp-image-68517 size-full\" src=\"https:\/\/libmodredaktion.fra1.digitaloceanspaces.com\/wp-content\/uploads\/20241217171819\/Baumstumpf-1200-500.jpg\" alt width=\"1200\" height=\"500\" srcset=\"https:\/\/libmodredaktion.fra1.digitaloceanspaces.com\/wp-content\/uploads\/20241217171819\/Baumstumpf-1200-500.jpg 1200w, https:\/\/libmodredaktion.fra1.digitaloceanspaces.com\/wp-content\/uploads\/20241217171819\/Baumstumpf-1200-500-770x321.jpg 770w, https:\/\/libmodredaktion.fra1.digitaloceanspaces.com\/wp-content\/uploads\/20241217171819\/Baumstumpf-1200-500-768x320.jpg 768w\" sizes=\"(max-width: 1200px) 100vw, 1200px\"><\/p>\n<p>[\/vc_column_text][\/vc_column][\/vc_row][vc_row css=\u201d.vc_custom_1508251598805{margin-top: 30px !important;}\u201d][vc_column width=\u201c2\/3\u201d css=\u201d.vc_custom_1508252250311{padding-right: 20px !important;}\u201d][vc_column_text css=\u201c\u201d]<\/p>\n<h3 style=\"font-weight: 400;\"><span data-teams=\"true\">Liberal democracy is navigating through turbulent times as Donald Trump\u2019s renewed victory as well as the strength\u00adening of right-wing nation\u00adalist forces in Europe make clear. Democrats and liberals must come out of the defensive; the open society needs new impetus. On January 16, together with inter\u00adna\u00adtional guests, we will be discussing what ideas and policies are needed and&nbsp;promising.&nbsp;<\/span><\/h3>\n<p><!--more--><\/p>\n<p>&nbsp;<\/p>\n<p>Invitation to the Inter\u00adna\u00adtional&nbsp;Conference<\/p>\n<p><strong>16 January 2025, 09:30 \u2014 20:00&nbsp;h<\/strong><br>\n<strong>Allianz Forum&nbsp;Berlin<\/strong><br>\n<strong>Pariser Platz&nbsp;6&nbsp;<\/strong><br>\n<strong>10117 Berlin<\/strong><\/p>\n<p>The current state of liber\u00adalism is a&nbsp;cause for great concern. The most recent and most conse\u00adquential example of the dominant illiberal swing is the stunning comeback of Donald Trump in the United States. Right-wing populist forces are in government in Italy, Slovakia, Hungary, the Nether\u00adlands and many other countries. Countries like Poland, where a&nbsp;national-populist government has been voted out, are the exception. To get out of the liberal defensive, there needs to be a&nbsp;better under\u00adstanding of the causes of the crisis of liberal democracy and the rise of populism. Furthermore, fresh ideas are needed on how liberal democracy should be renewed to regain support domes\u00adti\u00adcally and inter\u00adna\u00adtionally. Key questions we want to&nbsp;discuss:<\/p>\n<p>\u2022\u2003\u2003Do the insti\u00adtu\u00adtions of democracy need to be reformed, and the possi\u00adbil\u00adities of democ\u00adratic partic\u00adi\u00adpation&nbsp;expanded?<br>\n\u2022\u2003\u2003How can the perfor\u00admance of liberal democ\u00adracies be improved in the face of huge political, economic and ecological&nbsp;challenges?<br>\n\u2022\u2003\u2003How should they deal with core issues on the populist agenda \u2013 such as the issue of&nbsp;migration?<br>\n\u2022\u2003\u2003What follows from the concept of a \u201crobust democracy\u201d \u2013 and how do we avoid slipping into an author\u00adi\u00adtarian logic in the name of defending&nbsp;freedom?<br>\n\u2022\u2003\u2003How should liberal democ\u00adracies deal with the new systemic conflict with author\u00adi\u00adtarian powers, especially China and&nbsp;Russia?<br>\n\u2022\u2003\u2003Which gaps and malde\u00advel\u00adop\u00adments in liber\u00adalism itself contributed to its&nbsp;crisis?<br>\n\u2022\u2003\u2003How can liberal democrats counter the \u201cpolitics of emotions\u201d of populist&nbsp;actors?<\/p>\n<p>On January 16, you can expect a&nbsp;full day of inspiring discus\u00adsions and lots of room for networking with liberal minds from various countries. We are looking forward to welcoming you to&nbsp;Berlin!<\/p>\n<p><strong><b><span data-teams=\"true\">Attention! We have reached full capacity for in-person atten\u00addance. Online partic\u00adi\u00adpation is still available.&nbsp;<\/span>After regis\u00adtration you will receive an email containing the Zoom&nbsp;link.<\/b><\/strong><\/p>\n<p>Film and photo recordings will be made at the event. You agree to their subse\u00adquent use by attending the event.[\/vc_column_text]<\/p><div class=\"gem-button-container gem-button-position-inline thegem-button-69f560ced06825622    \"><a class=\"gem-button gem-button-size-small gem-button-style-flat gem-button-text-weight-normal\" data-ll-effect=\"drop-right-without-wrap\" style=\"border-radius: 3px;\" onmouseleave onmouseenter href=\"https:\/\/forms.office.com\/Pages\/ResponsePage.aspx?id=UgDKnAL4k0itQTkwtBgiiYbKZw79a0JKi7THrMBYcf5UNTUzN082UDgwMzdWOFNHWVYyMTI4UTNLNCQlQCN0PWcu\" target=\"_blank\">REGISTRATION<\/a><\/div> <div class=\"gem-button-container gem-button-position-inline thegem-button-69f560ced07af7880    \"><a class=\"gem-button gem-button-size-small gem-button-style-flat gem-button-text-weight-normal\" data-ll-effect=\"drop-right-without-wrap\" style=\"border-radius: 3px;\" onmouseleave onmouseenter href=\"https:\/\/libmodredaktion.fra1.digitaloceanspaces.com\/wp-content\/uploads\/20250113113904\/Programm_Web_Challenges_to_Liberalism-1.pdf\" target=\"_blank\">Program<\/a><\/div> [vc_\u200bcolumn_\u200btext]<img class=\"alignnone wp-image-23921 size-full\" src=\"http:\/\/libmodredaktion.fra1.digitaloceanspaces.com\/wp-content\/uploads\/20240905145906\/textende.png\" alt=\"Textende\" width=\"40\" height=\"120\">[\/vc_column_text][vc_separator][vc_column_text]Hat Ihnen unser Beitrag gefallen? Dann spenden Sie doch einfach und bequem \u00fcber unser Spendentool. Sie unter\u00adst\u00fctzen damit die publizis\u00adtische Arbeit von&nbsp;LibMod.\n<h2>Spenden mit&nbsp;Bankeinzug<\/h2>\n<p>[\/vc_column_text][vc_column_text]<script type=\"text\/javascript\">\n\t(function() {\n\t\tvar u=\"https:\/\/spenden.twingle.de\/embed\/genericorganisation\/genericproject\/tw5aeafe12eb6cb\/widget\";\n\t\tvar id = '_' + Math.random().toString(36).substr(2, 9);\n\t\tvar d=document, g=d.createElement('script'), s=d.getElementsByTagName('script')[0];\n\t\tdocument.write('<div id=\"twingle-public-embed-' + id + '\"><\/div>');\n\t\tg.type='text\/javascript'; g.async=true; g.defer=true; g.src=u+'\/'+id; s.parentNode.insertBefore(g,s);\n\t})();\n<\/script>[\/vc_column_text][vc_column_text]<\/p>\n<h2>Spenden mit&nbsp;PayPal<\/h2>\n<hr>\n<p>Wir sind als gemein\u00adn\u00fctzig anerkannt, entsprechend sind Spenden steuerlich absetzbar. F\u00fcr eine Spendenbescheinigung (n\u00f6tig bei einem Betrag \u00fcber 200 EUR), senden Sie Ihre Adress\u00addaten bitte an <a href=\"mailto:finanzen@libmod.de\">finanzen@libmod.de<\/a>[\/vc_column_text][\/vc_column][vc_column width=\u201c1\/3\u201d el_class=\u201cdimmer\u201d][vc_column_text]<\/p>\n<h2>Verwandte Themen<\/h2>\n<p>[\/vc_column_text][vc_basic_grid post_type=\u201cpost\u201d max_items=\u201c3\u201d element_width=\u201c12\u201d item=\u201c24066\u201d css=\u201d.vc_custom_1712066652041{background-color: #ffffff !important;}\u201d grid_id=\u201cvc_gid:1736942365756-dc79de10-29ba\u20113\u201d taxonomies=\u201c15270, 10701, 4175\u201d][vc_row_inner css=\u201d.vc_custom_1508164629489{margin-top: 30px !important;margin-right: 0px !important;margin-left: 0px !important;background-color: #03d0b6 !important;}\u201d][vc_column_inner][vc_column_text css=\u201d.vc_custom_1508167210959{margin-top: \u201115px !important;}\u201d]<\/p>\n<h2><span style=\"color: #ffffff;\">Newsletter bestellen<\/span><\/h2>\n<p>[\/vc_column_text][vc_column_text css=\u201d.vc_custom_1508166779270{margin-top: \u201110px !important;}\u201d]Mit dem LibMod-Newsletter erhalten Sie regelm\u00e4\u00dfig Neuigkeiten zu unseren Themen in Ihr&nbsp;Postfach.<\/p>\n<p><script>(function() {\n\twindow.mc4wp = window.mc4wp || {\n\t\tlisteners: [],\n\t\tforms: {\n\t\t\ton: function(evt, cb) {\n\t\t\t\twindow.mc4wp.listeners.push(\n\t\t\t\t\t{\n\t\t\t\t\t\tevent   : evt,\n\t\t\t\t\t\tcallback: cb\n\t\t\t\t\t}\n\t\t\t\t);\n\t\t\t}\n\t\t}\n\t}\n})();\n<\/script><!-- Mailchimp for WordPress v4.12.2 - https:\/\/wordpress.org\/plugins\/mailchimp-for-wp\/ --><\/p><form id=\"mc4wp-form-1\" class=\"mc4wp-form mc4wp-form-24179 mc4wp-form-styles-builder mc4wp-ajax\" method=\"post\" data-id=\"24179\" data-name=\"LibMod Newsletter\"><div class=\"mc4wp-form-fields\"><p>\n    <label>Anrede\u2002 \u2002\u2003<\/label>\n    <select name=\"ANREDE\" required>\n        <option value=\"Frau\" selected=\"true\">Frau<\/option>\n        <option value=\"Herr\">Herr<\/option>\n        <option value=\"X\">X<\/option>\n    <\/select>\n<\/p>\n<p>\n    <label>Insti\u00adtution\u2003<\/label>\n    <input name=\"MMERGE3\" type=\"text\">\n<\/p>\n<p>\n    <label>Nachname \u2002<\/label>\n    <input name=\"MMERGE2\" required type=\"text\">\n<\/p>\n<p>\n    <label>Vorname\u2002 \u2003<\/label>\n    <input name=\"MMERGE1\" required type=\"text\">\n<\/p>\n<p>\n    <label>Kategorie\u2002\u2003<\/label>\n    <select name=\"KATEGORIE\" required>\n        <option value=\"Newsletter\" selected=\"true\">Newsletter<\/option>\n    <\/select>\n<\/p>\n<p><input type=\"email\" name=\"EMAIL\" placeholder=\"Ihre Mail-Addresse\" required>\n<\/p><p>Mit unseren <span style=\"color: #000000;\"><a style=\"color: #000000;\" href=\"https:\/\/libmod.de\/datenschutzerklaerung\/\" target=\"_blank\" rel=\"noopener\">Daten\u00adschutzbes\u00adtim\u00admungen<\/a><\/span> <br>erkl\u00e4ren Sie sich einverstanden.<br><br>\n<input type=\"submit\" value=\"Absenden\"><br><\/p><\/div><label style=\"display: none !important;\">Leave this field empty if you\u2019re&nbsp;human:&nbsp;<input type=\"text\" name=\"_mc4wp_honeypot\" value tabindex=\"-1\" autocomplete=\"off\"><\/label><input type=\"hidden\" name=\"_mc4wp_timestamp\" value=\"1777688782\"><input type=\"hidden\" name=\"_mc4wp_form_id\" value=\"24179\"><input type=\"hidden\" name=\"_mc4wp_form_element_id\" value=\"mc4wp-form-1\"><div class=\"mc4wp-response\"><\/div><\/form><!-- \/ Mailchimp for WordPress Plugin -->[\/vc_column_text][\/vc_column_inner][\/vc_row_inner][\/vc_column][\/vc_row][vc_row][vc_column][\/vc_column][\/vc_row]\n<\/div>","protected":false},"excerpt":{"rendered":"<p>Liberal democracy is navigating through turbulent times as Donald Trump\u2019s renewed victory as well as the strength\u00adening of right-wing nation\u00adalist forces in Europe make clear. Democrats and liberals must come out of the defensive; the open society needs new impetus. On January 16, together with inter\u00adna\u00adtional guests, we will be discussing what ideas and policies are needed and&nbsp;promising.&nbsp;<\/p>\n","protected":false},"author":257,"featured_media":68520,"comment_status":"closed","ping_status":"closed","sticky":false,"template":"","format":"standard","meta":{"_acf_changed":false,"wp_typography_post_enhancements_disabled":false,"mc4wp_mailchimp_campaign":[],"footnotes":""},"categories":[14789],"tags":[2987],"class_list":["post-68528","post","type-post","status-publish","format-standard","has-post-thumbnail","category-event","tag-current"],"acf":[],"yoast_head":"<!-- This site is optimized with the Yoast SEO Premium plugin v27.4 (Yoast SEO v27.5) - https:\/\/yoast.com\/product\/yoast-seo-premium-wordpress\/ -->\n<title>International Rethinking Liberalism Conference - Challenges to Liberalism in Turbulent Times - libmod.de - Zentrum Liberale Moderne<\/title>\n<meta name=\"description\" content=\"Liberal democracy is navigating through turbulent times as Donald Trump&#039;s renewed victory as well as the strengthening of right-wing nationalist forces in Europe make clear. Democrats and liberals must come out of the defensive; the open society needs new impetus. On January 16, together with international guests, we will be discussing what ideas and policies are needed and promising.\" \/>\n<meta name=\"robots\" content=\"index, follow, max-snippet:-1, max-image-preview:large, max-video-preview:-1\" \/>\n<link rel=\"canonical\" href=\"https:\/\/libmod.de\/en\/invitation-to-international-rethinking-liberalism-conference-challenges-to-liberalism-in-turbulent-times\/\" \/>\n<meta property=\"og:locale\" content=\"en_US\" \/>\n<meta property=\"og:type\" content=\"article\" \/>\n<meta property=\"og:title\" content=\"International Rethinking Liberalism Conference - Challenges to Liberalism in Turbulent Times\" \/>\n<meta property=\"og:description\" content=\"Liberal democracy is navigating through turbulent times as Donald Trump&#039;s renewed victory as well as the strengthening of right-wing nationalist forces in Europe make clear. Democrats and liberals must come out of the defensive; the open society needs new impetus. On January 16, together with international guests, we will be discussing what ideas and policies are needed and promising.\" \/>\n<meta property=\"og:url\" content=\"https:\/\/libmod.de\/en\/invitation-to-international-rethinking-liberalism-conference-challenges-to-liberalism-in-turbulent-times\/\" \/>\n<meta property=\"og:site_name\" content=\"libmod.de - Zentrum Liberale Moderne\" \/>\n<meta property=\"article:publisher\" content=\"https:\/\/www.facebook.com\/LiberaleModerne\/\" \/>\n<meta property=\"article:published_time\" content=\"2024-12-17T15:47:08+00:00\" \/>\n<meta property=\"article:modified_time\" content=\"2025-01-15T12:00:49+00:00\" \/>\n<meta property=\"og:image\" content=\"https:\/\/libmodredaktion.fra1.digitaloceanspaces.com\/wp-content\/uploads\/20241217171835\/Baumstumpf-1200-800.jpg\" \/>\n\t<meta property=\"og:image:width\" content=\"1200\" \/>\n\t<meta property=\"og:image:height\" content=\"800\" \/>\n\t<meta property=\"og:image:type\" content=\"image\/jpeg\" \/>\n<meta name=\"author\" content=\"\u2002\" \/>\n<meta name=\"twitter:card\" content=\"summary_large_image\" \/>\n<meta name=\"twitter:description\" content=\"Liberal democracy is navigating through turbulent times as Donald Trump&#039;s renewed victory as well as the strengthening of right-wing nationalist forces in Europe make clear. Democrats and liberals must come out of the defensive; the open society needs new impetus. On January 16, together with international guests, we will be discussing what ideas and policies are needed and promising.\" \/>\n<meta name=\"twitter:creator\" content=\"@liberalemoderne\" \/>\n<meta name=\"twitter:site\" content=\"@liberalemoderne\" \/>\n<meta name=\"twitter:label1\" content=\"Written by\" \/>\n\t<meta name=\"twitter:data1\" content=\"\u2002\" \/>\n\t<meta name=\"twitter:label2\" content=\"Est. reading time\" \/>\n\t<meta name=\"twitter:data2\" content=\"4 minutes\" \/>\n<script type=\"application\/ld+json\" class=\"yoast-schema-graph\">{\"@context\":\"https:\\\/\\\/schema.org\",\"@graph\":[{\"@type\":\"Article\",\"@id\":\"https:\\\/\\\/libmod.de\\\/en\\\/invitation-to-international-rethinking-liberalism-conference-challenges-to-liberalism-in-turbulent-times\\\/#article\",\"isPartOf\":{\"@id\":\"https:\\\/\\\/libmod.de\\\/en\\\/invitation-to-international-rethinking-liberalism-conference-challenges-to-liberalism-in-turbulent-times\\\/\"},\"author\":{\"name\":\"\u2002\",\"@id\":\"https:\\\/\\\/libmod.de\\\/#\\\/schema\\\/person\\\/fc1cdee020c47711c16afff6fcbad9af\"},\"headline\":\"Inter\u00adna\u00adtional Rethinking Liber\u00adalism Conference \u2014 Challenges to Liber\u00adalism in Turbulent&nbsp;Times\",\"datePublished\":\"2024-12-17T15:47:08+00:00\",\"dateModified\":\"2025-01-15T12:00:49+00:00\",\"mainEntityOfPage\":{\"@id\":\"https:\\\/\\\/libmod.de\\\/en\\\/invitation-to-international-rethinking-liberalism-conference-challenges-to-liberalism-in-turbulent-times\\\/\"},\"wordCount\":715,\"publisher\":{\"@id\":\"https:\\\/\\\/libmod.de\\\/#organization\"},\"image\":{\"@id\":\"https:\\\/\\\/libmod.de\\\/en\\\/invitation-to-international-rethinking-liberalism-conference-challenges-to-liberalism-in-turbulent-times\\\/#primaryimage\"},\"thumbnailUrl\":\"https:\\\/\\\/libmodredaktion.fra1.digitaloceanspaces.com\\\/wp-content\\\/uploads\\\/20241217171835\\\/Baumstumpf-1200-800.jpg\",\"keywords\":[\"current\"],\"articleSection\":[\"Event\u2003\"],\"inLanguage\":\"en-US\"},{\"@type\":\"WebPage\",\"@id\":\"https:\\\/\\\/libmod.de\\\/en\\\/invitation-to-international-rethinking-liberalism-conference-challenges-to-liberalism-in-turbulent-times\\\/\",\"url\":\"https:\\\/\\\/libmod.de\\\/en\\\/invitation-to-international-rethinking-liberalism-conference-challenges-to-liberalism-in-turbulent-times\\\/\",\"name\":\"International Rethinking Liberalism Conference - Challenges to Liberalism in Turbulent Times - libmod.de - Zentrum Liberale Moderne\",\"isPartOf\":{\"@id\":\"https:\\\/\\\/libmod.de\\\/#website\"},\"primaryImageOfPage\":{\"@id\":\"https:\\\/\\\/libmod.de\\\/en\\\/invitation-to-international-rethinking-liberalism-conference-challenges-to-liberalism-in-turbulent-times\\\/#primaryimage\"},\"image\":{\"@id\":\"https:\\\/\\\/libmod.de\\\/en\\\/invitation-to-international-rethinking-liberalism-conference-challenges-to-liberalism-in-turbulent-times\\\/#primaryimage\"},\"thumbnailUrl\":\"https:\\\/\\\/libmodredaktion.fra1.digitaloceanspaces.com\\\/wp-content\\\/uploads\\\/20241217171835\\\/Baumstumpf-1200-800.jpg\",\"datePublished\":\"2024-12-17T15:47:08+00:00\",\"dateModified\":\"2025-01-15T12:00:49+00:00\",\"description\":\"Liberal democracy is navigating through turbulent times as Donald Trump's renewed victory as well as the strengthening of right-wing nationalist forces in Europe make clear. Democrats and liberals must come out of the defensive; the open society needs new impetus. On January 16, together with international guests, we will be discussing what ideas and policies are needed and promising.\",\"breadcrumb\":{\"@id\":\"https:\\\/\\\/libmod.de\\\/en\\\/invitation-to-international-rethinking-liberalism-conference-challenges-to-liberalism-in-turbulent-times\\\/#breadcrumb\"},\"inLanguage\":\"en-US\",\"potentialAction\":[{\"@type\":\"ReadAction\",\"target\":[\"https:\\\/\\\/libmod.de\\\/en\\\/invitation-to-international-rethinking-liberalism-conference-challenges-to-liberalism-in-turbulent-times\\\/\"]}]},{\"@type\":\"ImageObject\",\"inLanguage\":\"en-US\",\"@id\":\"https:\\\/\\\/libmod.de\\\/en\\\/invitation-to-international-rethinking-liberalism-conference-challenges-to-liberalism-in-turbulent-times\\\/#primaryimage\",\"url\":\"https:\\\/\\\/libmodredaktion.fra1.digitaloceanspaces.com\\\/wp-content\\\/uploads\\\/20241217171835\\\/Baumstumpf-1200-800.jpg\",\"contentUrl\":\"https:\\\/\\\/libmodredaktion.fra1.digitaloceanspaces.com\\\/wp-content\\\/uploads\\\/20241217171835\\\/Baumstumpf-1200-800.jpg\",\"width\":1200,\"height\":800},{\"@type\":\"BreadcrumbList\",\"@id\":\"https:\\\/\\\/libmod.de\\\/en\\\/invitation-to-international-rethinking-liberalism-conference-challenges-to-liberalism-in-turbulent-times\\\/#breadcrumb\",\"itemListElement\":[{\"@type\":\"ListItem\",\"position\":1,\"name\":\"Startseite\",\"item\":\"https:\\\/\\\/libmod.de\\\/en\\\/\"},{\"@type\":\"ListItem\",\"position\":2,\"name\":\"International Rethinking Liberalism Conference &#8211; Challenges to Liberalism in Turbulent Times\"}]},{\"@type\":\"WebSite\",\"@id\":\"https:\\\/\\\/libmod.de\\\/#website\",\"url\":\"https:\\\/\\\/libmod.de\\\/\",\"name\":\"libmod.de - Zentrum Liberale Moderne\",\"description\":\"Think Tank f\u00fcr Politik in Berlin\",\"publisher\":{\"@id\":\"https:\\\/\\\/libmod.de\\\/#organization\"},\"potentialAction\":[{\"@type\":\"SearchAction\",\"target\":{\"@type\":\"EntryPoint\",\"urlTemplate\":\"https:\\\/\\\/libmod.de\\\/?s={search_term_string}\"},\"query-input\":{\"@type\":\"PropertyValueSpecification\",\"valueRequired\":true,\"valueName\":\"search_term_string\"}}],\"inLanguage\":\"en-US\"},{\"@type\":\"Organization\",\"@id\":\"https:\\\/\\\/libmod.de\\\/#organization\",\"name\":\"Zentrum Liberale Moderne\",\"url\":\"https:\\\/\\\/libmod.de\\\/\",\"logo\":{\"@type\":\"ImageObject\",\"inLanguage\":\"en-US\",\"@id\":\"https:\\\/\\\/libmod.de\\\/#\\\/schema\\\/logo\\\/image\\\/\",\"url\":\"https:\\\/\\\/libmodredaktion.fra1.digitaloceanspaces.com\\\/wp-content\\\/uploads\\\/20240905145818\\\/LibMod_Logo_XL.jpg\",\"contentUrl\":\"https:\\\/\\\/libmodredaktion.fra1.digitaloceanspaces.com\\\/wp-content\\\/uploads\\\/20240905145818\\\/LibMod_Logo_XL.jpg\",\"width\":1439,\"height\":615,\"caption\":\"Zentrum Liberale Moderne\"},\"image\":{\"@id\":\"https:\\\/\\\/libmod.de\\\/#\\\/schema\\\/logo\\\/image\\\/\"},\"sameAs\":[\"https:\\\/\\\/www.facebook.com\\\/LiberaleModerne\\\/\",\"https:\\\/\\\/x.com\\\/liberalemoderne\",\"https:\\\/\\\/www.youtube.com\\\/channel\\\/UC4Yl_V4pm1LwryD04ky54SA\",\"https:\\\/\\\/www.instagram.com\\\/libmod\\\/\",\"https:\\\/\\\/bsky.app\\\/profile\\\/libmod.de\"],\"description\":\"Das Zentrum Liberale Moderne ist ein politischer Think Tank und eine Debattenplattform. LibMod steht f\u00fcr die Verteidigung und Erneuerung der liberalen Demokratie, f\u00fcr den Aufbruch in die \u00f6kologische Moderne und f\u00fcr eine fundierte Osteuropa-Expertise.\"},{\"@type\":\"Person\",\"@id\":\"https:\\\/\\\/libmod.de\\\/#\\\/schema\\\/person\\\/fc1cdee020c47711c16afff6fcbad9af\",\"name\":\"\u2002\",\"image\":{\"@type\":\"ImageObject\",\"inLanguage\":\"en-US\",\"@id\":\"https:\\\/\\\/libmodredaktion.fra1.digitaloceanspaces.com\\\/wp-content\\\/uploads\\\/20240905144807\\\/User-150x150.png\",\"url\":\"https:\\\/\\\/libmodredaktion.fra1.digitaloceanspaces.com\\\/wp-content\\\/uploads\\\/20240905144807\\\/User-150x150.png\",\"contentUrl\":\"https:\\\/\\\/libmodredaktion.fra1.digitaloceanspaces.com\\\/wp-content\\\/uploads\\\/20240905144807\\\/User-150x150.png\",\"caption\":\"\u2002\"},\"url\":\"https:\\\/\\\/libmod.de\\\/en\\\/author\\\/neutral-user\\\/\"}]}<\/script>\n<!-- \/ Yoast SEO Premium plugin. -->","yoast_head_json":{"title":"International Rethinking Liberalism Conference - Challenges to Liberalism in Turbulent Times - libmod.de - Zentrum Liberale Moderne","description":"Liberal democracy is navigating through turbulent times as Donald Trump's renewed victory as well as the strengthening of right-wing nationalist forces in Europe make clear. Democrats and liberals must come out of the defensive; the open society needs new impetus. On January 16, together with international guests, we will be discussing what ideas and policies are needed and promising.","robots":{"index":"index","follow":"follow","max-snippet":"max-snippet:-1","max-image-preview":"max-image-preview:large","max-video-preview":"max-video-preview:-1"},"canonical":"https:\/\/libmod.de\/en\/invitation-to-international-rethinking-liberalism-conference-challenges-to-liberalism-in-turbulent-times\/","og_locale":"en_US","og_type":"article","og_title":"International Rethinking Liberalism Conference - Challenges to Liberalism in Turbulent Times","og_description":"Liberal democracy is navigating through turbulent times as Donald Trump's renewed victory as well as the strengthening of right-wing nationalist forces in Europe make clear. Democrats and liberals must come out of the defensive; the open society needs new impetus. On January 16, together with international guests, we will be discussing what ideas and policies are needed and promising.","og_url":"https:\/\/libmod.de\/en\/invitation-to-international-rethinking-liberalism-conference-challenges-to-liberalism-in-turbulent-times\/","og_site_name":"libmod.de - Zentrum Liberale Moderne","article_publisher":"https:\/\/www.facebook.com\/LiberaleModerne\/","article_published_time":"2024-12-17T15:47:08+00:00","article_modified_time":"2025-01-15T12:00:49+00:00","og_image":[{"width":1200,"height":800,"url":"https:\/\/libmodredaktion.fra1.digitaloceanspaces.com\/wp-content\/uploads\/20241217171835\/Baumstumpf-1200-800.jpg","type":"image\/jpeg"}],"author":"\u2002","twitter_card":"summary_large_image","twitter_description":"Liberal democracy is navigating through turbulent times as Donald Trump's renewed victory as well as the strengthening of right-wing nationalist forces in Europe make clear. Democrats and liberals must come out of the defensive; the open society needs new impetus. On January 16, together with international guests, we will be discussing what ideas and policies are needed and promising.","twitter_creator":"@liberalemoderne","twitter_site":"@liberalemoderne","twitter_misc":{"Written by":"\u2002","Est. reading time":"4 minutes"},"schema":{"@context":"https:\/\/schema.org","@graph":[{"@type":"Article","@id":"https:\/\/libmod.de\/en\/invitation-to-international-rethinking-liberalism-conference-challenges-to-liberalism-in-turbulent-times\/#article","isPartOf":{"@id":"https:\/\/libmod.de\/en\/invitation-to-international-rethinking-liberalism-conference-challenges-to-liberalism-in-turbulent-times\/"},"author":{"name":"\u2002","@id":"https:\/\/libmod.de\/#\/schema\/person\/fc1cdee020c47711c16afff6fcbad9af"},"headline":"Inter\u00adna\u00adtional Rethinking Liber\u00adalism Conference \u2014 Challenges to Liber\u00adalism in Turbulent&nbsp;Times","datePublished":"2024-12-17T15:47:08+00:00","dateModified":"2025-01-15T12:00:49+00:00","mainEntityOfPage":{"@id":"https:\/\/libmod.de\/en\/invitation-to-international-rethinking-liberalism-conference-challenges-to-liberalism-in-turbulent-times\/"},"wordCount":715,"publisher":{"@id":"https:\/\/libmod.de\/#organization"},"image":{"@id":"https:\/\/libmod.de\/en\/invitation-to-international-rethinking-liberalism-conference-challenges-to-liberalism-in-turbulent-times\/#primaryimage"},"thumbnailUrl":"https:\/\/libmodredaktion.fra1.digitaloceanspaces.com\/wp-content\/uploads\/20241217171835\/Baumstumpf-1200-800.jpg","keywords":["current"],"articleSection":["Event\u2003"],"inLanguage":"en-US"},{"@type":"WebPage","@id":"https:\/\/libmod.de\/en\/invitation-to-international-rethinking-liberalism-conference-challenges-to-liberalism-in-turbulent-times\/","url":"https:\/\/libmod.de\/en\/invitation-to-international-rethinking-liberalism-conference-challenges-to-liberalism-in-turbulent-times\/","name":"International Rethinking Liberalism Conference - Challenges to Liberalism in Turbulent Times - libmod.de - Zentrum Liberale Moderne","isPartOf":{"@id":"https:\/\/libmod.de\/#website"},"primaryImageOfPage":{"@id":"https:\/\/libmod.de\/en\/invitation-to-international-rethinking-liberalism-conference-challenges-to-liberalism-in-turbulent-times\/#primaryimage"},"image":{"@id":"https:\/\/libmod.de\/en\/invitation-to-international-rethinking-liberalism-conference-challenges-to-liberalism-in-turbulent-times\/#primaryimage"},"thumbnailUrl":"https:\/\/libmodredaktion.fra1.digitaloceanspaces.com\/wp-content\/uploads\/20241217171835\/Baumstumpf-1200-800.jpg","datePublished":"2024-12-17T15:47:08+00:00","dateModified":"2025-01-15T12:00:49+00:00","description":"Liberal democracy is navigating through turbulent times as Donald Trump's renewed victory as well as the strengthening of right-wing nationalist forces in Europe make clear. Democrats and liberals must come out of the defensive; the open society needs new impetus. On January 16, together with international guests, we will be discussing what ideas and policies are needed and promising.","breadcrumb":{"@id":"https:\/\/libmod.de\/en\/invitation-to-international-rethinking-liberalism-conference-challenges-to-liberalism-in-turbulent-times\/#breadcrumb"},"inLanguage":"en-US","potentialAction":[{"@type":"ReadAction","target":["https:\/\/libmod.de\/en\/invitation-to-international-rethinking-liberalism-conference-challenges-to-liberalism-in-turbulent-times\/"]}]},{"@type":"ImageObject","inLanguage":"en-US","@id":"https:\/\/libmod.de\/en\/invitation-to-international-rethinking-liberalism-conference-challenges-to-liberalism-in-turbulent-times\/#primaryimage","url":"https:\/\/libmodredaktion.fra1.digitaloceanspaces.com\/wp-content\/uploads\/20241217171835\/Baumstumpf-1200-800.jpg","contentUrl":"https:\/\/libmodredaktion.fra1.digitaloceanspaces.com\/wp-content\/uploads\/20241217171835\/Baumstumpf-1200-800.jpg","width":1200,"height":800},{"@type":"BreadcrumbList","@id":"https:\/\/libmod.de\/en\/invitation-to-international-rethinking-liberalism-conference-challenges-to-liberalism-in-turbulent-times\/#breadcrumb","itemListElement":[{"@type":"ListItem","position":1,"name":"Startseite","item":"https:\/\/libmod.de\/en\/"},{"@type":"ListItem","position":2,"name":"International Rethinking Liberalism Conference &#8211; Challenges to Liberalism in Turbulent Times"}]},{"@type":"WebSite","@id":"https:\/\/libmod.de\/#website","url":"https:\/\/libmod.de\/","name":"libmod.de - Zentrum Liberale Moderne","description":"Think Tank f\u00fcr Politik in Berlin","publisher":{"@id":"https:\/\/libmod.de\/#organization"},"potentialAction":[{"@type":"SearchAction","target":{"@type":"EntryPoint","urlTemplate":"https:\/\/libmod.de\/?s={search_term_string}"},"query-input":{"@type":"PropertyValueSpecification","valueRequired":true,"valueName":"search_term_string"}}],"inLanguage":"en-US"},{"@type":"Organization","@id":"https:\/\/libmod.de\/#organization","name":"Zentrum Liberale Moderne","url":"https:\/\/libmod.de\/","logo":{"@type":"ImageObject","inLanguage":"en-US","@id":"https:\/\/libmod.de\/#\/schema\/logo\/image\/","url":"https:\/\/libmodredaktion.fra1.digitaloceanspaces.com\/wp-content\/uploads\/20240905145818\/LibMod_Logo_XL.jpg","contentUrl":"https:\/\/libmodredaktion.fra1.digitaloceanspaces.com\/wp-content\/uploads\/20240905145818\/LibMod_Logo_XL.jpg","width":1439,"height":615,"caption":"Zentrum Liberale Moderne"},"image":{"@id":"https:\/\/libmod.de\/#\/schema\/logo\/image\/"},"sameAs":["https:\/\/www.facebook.com\/LiberaleModerne\/","https:\/\/x.com\/liberalemoderne","https:\/\/www.youtube.com\/channel\/UC4Yl_V4pm1LwryD04ky54SA","https:\/\/www.instagram.com\/libmod\/","https:\/\/bsky.app\/profile\/libmod.de"],"description":"Das Zentrum Liberale Moderne ist ein politischer Think Tank und eine Debattenplattform. LibMod steht f\u00fcr die Verteidigung und Erneuerung der liberalen Demokratie, f\u00fcr den Aufbruch in die \u00f6kologische Moderne und f\u00fcr eine fundierte Osteuropa-Expertise."},{"@type":"Person","@id":"https:\/\/libmod.de\/#\/schema\/person\/fc1cdee020c47711c16afff6fcbad9af","name":"\u2002","image":{"@type":"ImageObject","inLanguage":"en-US","@id":"https:\/\/libmodredaktion.fra1.digitaloceanspaces.com\/wp-content\/uploads\/20240905144807\/User-150x150.png","url":"https:\/\/libmodredaktion.fra1.digitaloceanspaces.com\/wp-content\/uploads\/20240905144807\/User-150x150.png","contentUrl":"https:\/\/libmodredaktion.fra1.digitaloceanspaces.com\/wp-content\/uploads\/20240905144807\/User-150x150.png","caption":"\u2002"},"url":"https:\/\/libmod.de\/en\/author\/neutral-user\/"}]}},"menu_order":637,"_links":{"self":[{"href":"https:\/\/libmod.de\/en\/wp-json\/wp\/v2\/posts\/68528","targetHints":{"allow":["GET"]}}],"collection":[{"href":"https:\/\/libmod.de\/en\/wp-json\/wp\/v2\/posts"}],"about":[{"href":"https:\/\/libmod.de\/en\/wp-json\/wp\/v2\/types\/post"}],"author":[{"embeddable":true,"href":"https:\/\/libmod.de\/en\/wp-json\/wp\/v2\/users\/257"}],"replies":[{"embeddable":true,"href":"https:\/\/libmod.de\/en\/wp-json\/wp\/v2\/comments?post=68528"}],"version-history":[{"count":10,"href":"https:\/\/libmod.de\/en\/wp-json\/wp\/v2\/posts\/68528\/revisions"}],"predecessor-version":[{"id":68959,"href":"https:\/\/libmod.de\/en\/wp-json\/wp\/v2\/posts\/68528\/revisions\/68959"}],"wp:featuredmedia":[{"embeddable":true,"href":"https:\/\/libmod.de\/en\/wp-json\/wp\/v2\/media\/68520"}],"wp:attachment":[{"href":"https:\/\/libmod.de\/en\/wp-json\/wp\/v2\/media?parent=68528"}],"wp:term":[{"taxonomy":"category","embeddable":true,"href":"https:\/\/libmod.de\/en\/wp-json\/wp\/v2\/categories?post=68528"},{"taxonomy":"post_tag","embeddable":true,"href":"https:\/\/libmod.de\/en\/wp-json\/wp\/v2\/tags?post=68528"}],"curies":[{"name":"wp","href":"https:\/\/api.w.org\/{rel}","templated":true}]}}