{"id":69333,"date":"2025-01-30T01:29:52","date_gmt":"2025-01-30T00:29:52","guid":{"rendered":"https:\/\/libmod.de\/?p=69333"},"modified":"2025-03-19T14:39:40","modified_gmt":"2025-03-19T13:39:40","slug":"international-conference-ukraine-and-us-where-do-we-go-from-here","status":"publish","type":"post","link":"https:\/\/libmod.de\/en\/international-conference-ukraine-and-us-where-do-we-go-from-here\/","title":{"rendered":"Inter\u00adna\u00adtional Conference: \u201cUkraine and Us. Where do we go from&nbsp;here?\u201d"},"content":{"rendered":"<div class=\"wpb-content-wrapper\"><p>[vc_row][vc_column][vc_column_text css=\u201c\u201d]<img class=\"alignnone wp-image-70073 size-full\" src=\"https:\/\/libmodredaktion.fra1.digitaloceanspaces.com\/wp-content\/uploads\/20250214155007\/Soldat1_1200x5004.jpg\" alt width=\"1200\" height=\"500\" srcset=\"https:\/\/libmodredaktion.fra1.digitaloceanspaces.com\/wp-content\/uploads\/20250214155007\/Soldat1_1200x5004.jpg 1200w, https:\/\/libmodredaktion.fra1.digitaloceanspaces.com\/wp-content\/uploads\/20250214155007\/Soldat1_1200x5004-770x321.jpg 770w, https:\/\/libmodredaktion.fra1.digitaloceanspaces.com\/wp-content\/uploads\/20250214155007\/Soldat1_1200x5004-768x320.jpg 768w\" sizes=\"(max-width: 1200px) 100vw, 1200px\">[\/vc_column_text][\/vc_column][\/vc_row][vc_row css=\u201d.vc_custom_1508251598805{margin-top: 30px !important;}\u201d][vc_column width=\u201c2\/3\u201d css=\u201d.vc_custom_1508252250311{padding-right: 20px !important;}\u201d][vc_column_text css=\u201c\u201d]<\/p>\n<h3>The Center for Liberal Modernity cordially invites you to the inter\u00adna\u00adtional conference \u201cUkraine and Us. Where do we go from here?\u201d in Berlin on 21 March&nbsp;2025.<\/h3>\n<p>[\/vc_column_text][vc_column_text css=\u201c\u201d]<span style=\"color: #ffffff;\">t<\/span><\/p>\n<p>Invitation to the Inter\u00adna\u00adtional&nbsp;Conference<\/p>\n<p><strong>21 March, 13:00\u201318:00&nbsp;<span class=\"Apple-converted-space\"><br>\n<\/span><span class=\"Apple-converted-space\">Atrium Reinhard\u00adstra\u00dfenh\u00f6fe<br>\n<\/span>Reinhardt\u00adstra\u00dfe 14, 10117&nbsp;Berlin&nbsp;<\/strong><\/p>\n<p style=\"font-weight: 400;\">Given Washington\u2019s erratic signalling in recent weeks, Europe must radically rethink its security archi\u00adtecture, with Ukraine playing a&nbsp;central role. The US can no longer be relied on. There is a&nbsp;real risk that the new admin\u00adis\u00adtration may turn against both Ukraine and Europe. The fate of Ukraine and Europe now depends on the resolute action of the Europeans&nbsp;themselves.<\/p>\n<p style=\"font-weight: 400;\">Three years after Russia\u2019s full-scale invasion, there is still no unified policy on the war in Ukraine: What are our objec\u00adtives for the outcome of the war? What should be part of negoti\u00ada\u00adtions \u2013 and what should not? How can Europe become an independent actor vis-\u00e0-vis Moscow and Washington? And how can we put Ukraine in the strongest possible position for potential negotiations?<\/p>\n<p style=\"font-weight: 400;\">Please register using the following&nbsp;button.<\/p>\n<p>[\/\u200bvc_\u200bcolumn_\u200btext]<\/p><div class=\"gem-button-container gem-button-position-inline thegem-button-69f1ce301e46d3242    \"><a class=\"gem-button gem-button-size-small gem-button-style-flat gem-button-text-weight-normal\" data-ll-effect=\"drop-right-without-wrap\" style=\"border-radius: 3px;\" onmouseleave onmouseenter href=\"https:\/\/forms.office.com\/pages\/responsepage.aspx?id=UgDKnAL4k0itQTkwtBgiiXlgQfvBD31NsmR303OfZWNUMFgyUUlaMUFZMVNVUzIxUzJISzJKUk1VSiQlQCN0PWcu&amp;route=shorturl\" target=\"_blank\">REGISTRATION<\/a><\/div> [vc_\u200bcolumn_\u200btext&nbsp;css=\u201c\u201d]\n<p style=\"font-weight: 400;\"><strong>12:30 \u2013 13:00 | Registration<\/strong><\/p>\n<p style=\"font-weight: 400;\"><strong>13:00 \u2013 13:15 | Welcome &amp;&nbsp;Opening Remarks<br>\n<\/strong><strong>Marieluise Beck<\/strong> and <strong>Ralf F\u00fccks<\/strong>, Center for Liberal&nbsp;Modernity<\/p>\n<p style=\"font-weight: 400;\"><strong>13:15 \u2013 13:45 | <\/strong><strong>Keynote<br>\n<\/strong><strong>Andrius Kubilius<\/strong>, EU Commis\u00adsioner for Defence and&nbsp;Space<\/p>\n<p style=\"font-weight: 400;\"><strong>13:45 \u2013 15:15 |<\/strong><strong> Panel&nbsp;1<br>\n<\/strong><strong>What Security Archi\u00adtecture Can Guarantee Peace in Europe and&nbsp;Ukraine?<br>\n<\/strong>Putin\u2019s war aims extend far beyond Ukraine. Moscow seeks to restore its former sphere of influence in Central and Eastern Europe and to funda\u00admen\u00adtally reshape the European security order. Ukraine\u2019s subjection is central to this plan. How can Europe prevent this from happening and, together with Ukraine, defend its own&nbsp;security?<\/p>\n<ul>\n<li style=\"font-weight: 400;\"><strong>Andrius Kubilius<\/strong>, EU Commis\u00adsioner for Defence and&nbsp;Space<\/li>\n<li style=\"font-weight: 400;\"><strong>Dmytro Kuleba<\/strong>, former Minister of Foreign Affairs of Ukraine (2020\u20132024); Associate Professor at the Paris School of Inter\u00adna\u00adtional Affairs (PSIA); Senior Fellow at Harvard Kennedy&nbsp;School<\/li>\n<li style=\"font-weight: 400;\"><strong>H.E. Alda Vanaga<\/strong>, Ambas\u00adsador of Latvia in&nbsp;Germany<\/li>\n<li style=\"font-weight: 400;\"><span data-teams=\"true\"><strong>Marek \u015awier\u00adczy\u0144ski<\/strong>, Head of Security and Inter\u00adna\u00adtional Affairs Desk, Polityka Insight,&nbsp;Warsaw<\/span><\/li>\n<li><strong>Marieluise Beck<\/strong>, Senior Fellow, Center for Liberal&nbsp;Modernity<\/li>\n<\/ul>\n<p>Moder\u00adation: <strong>Ralf F\u00fccks<\/strong>, Managing Director, Center for Liberal&nbsp;Modernity<\/p>\n<p><strong>15:15<\/strong><strong> \u2013 <\/strong><strong>16:00 | Coffee&nbsp;Break<\/strong><\/p>\n<p style=\"font-weight: 400;\"><strong>16:00<\/strong><strong> \u2013 <\/strong><strong>17:30 <\/strong><strong>|<\/strong><strong> Panel&nbsp;2<br>\n<\/strong><strong>What Security Guarantees Does Ukraine&nbsp;Need?<br>\n<\/strong>A ceasefire without security guarantees does not ensure peace \u2013 it would merely provide Ukraine with a&nbsp;breather before the next attack. Even if negoti\u00ada\u00adtions were to succeed in 2025, the West must make it clear to Russia that any renewed aggression would end in defeat. To maintain credible deter\u00adrence, Europe must act as a&nbsp;united front \u2013 if necessary, even without U.S. support. What are the condi\u00adtions for ending the war? How can Ukraine be stabilised and another Russian attack&nbsp;prevented?<\/p>\n<ul>\n<li><strong>H.E. John Herbst<\/strong>, Senior Director of the Atlantic Council\u2019s Eurasia Center, US Ambas\u00adsador to Ukraine (2003\u20132006)<\/li>\n<li style=\"font-weight: 400;\"><span data-teams=\"true\"><strong>Charlotta Rodhe<\/strong>, Deputy Director, Stockholm Centre for Eastern European Studies (SCEEUS)<br>\n<\/span><\/li>\n<li style=\"font-weight: 400;\"><strong>Solomiia Bobrovska<\/strong>, Member of the Verkhovna Rada of Ukraine (Holos), Committee on National Security and&nbsp;Defence<\/li>\n<li><strong>Flemming Splidsboel Hansen<\/strong>, Senior Researcher, Danish Institute for Inter\u00adna\u00adtional&nbsp;Studies<\/li>\n<li><strong>Sara Nanni<\/strong>, Member of the German Bundestag (Alliance 90\/\u200bThe&nbsp;Greens)<\/li>\n<\/ul>\n<p>Moder\u00adation: <strong>Simon Schlegel<\/strong>, Ukraine Program Director, Center for Liberal&nbsp;Modernity<\/p>\n<p style=\"font-weight: 400;\"><strong>17:30<\/strong><strong> \u2013 <\/strong><strong>17:45 <\/strong><strong>|<\/strong><strong> Closing&nbsp;Remarks<br>\n<\/strong><\/p>\n<p style=\"font-weight: 400;\"><strong>17:45 <\/strong><strong>| Reception<\/strong><\/p>\n<p>&nbsp;<\/p>\n<p>&nbsp;<\/p>\n<p>&nbsp;<\/p>\n<p>&nbsp;[\/vc_column_text][vc_column_text css=\u201c\u201d][\/vc_column_text][vc_column_text css=\u201c\u201d]Hat Ihnen dieser Artikel gefallen? Wenn ja, k\u00f6nnen Sie die unabh\u00e4ngige redak\u00adtionelle Arbeit und den Journal\u00adismus von LibMod \u00fcber ein einfaches Spendentool unterst\u00fctzen.[\/vc_column_text][vc_column_text]<script type=\"text\/javascript\">\n\t(function() {\n\t\tvar u=\"https:\/\/spenden.twingle.de\/embed\/genericorganisation\/genericproject\/tw5aeafe12eb6cb\/widget\";\n\t\tvar id = '_' + Math.random().toString(36).substr(2, 9);\n\t\tvar d=document, g=d.createElement('script'), s=d.getElementsByTagName('script')[0];\n\t\tdocument.write('<div id=\"twingle-public-embed-' + id + '\"><\/div>');\n\t\tg.type='text\/javascript'; g.async=true; g.defer=true; g.src=u+'\/'+id; s.parentNode.insertBefore(g,s);\n\t})();\n<\/script>[\/vc_column_text][vc_column_text css=\u201c\u201d]<\/p>\n<h2>Spenden \u00fcber&nbsp;PayPal<\/h2>\n<p><img src=\"https:\/\/www.paypal.com\/en_DE\/i\/scr\/pixel.gif\" alt width=\"1\" height=\"1\" border=\"0\"><\/p>\n<hr>\n<p>Wir sind als gemein\u00adn\u00fctzige Organ\u00adi\u00adsation anerkannt, dementsprechend sind Spenden steuerlich absetzbar. F\u00fcr eine Spendenbescheinigung (ab einem Betrag von 200 EUR erforderlich) senden Sie bitte Ihre Adress\u00addaten an <a href=\"mailto:finanzen@libmod.de\">finanzen@libmod.de<\/a>[\/vc_column_text][\/vc_column][vc_column width=\u201c1\/3\u201d el_class=\u201cdimmer\u201d][vc_empty_space height=\u201c130px\u201d][vc_column_text css=\u201c\u201d]<\/p>\n<h2>Verwandte Themen<\/h2>\n<p>[\/vc_column_text][vc_basic_grid post_type=\u201cpost\u201d max_items=\u201c3\u201d element_width=\u201c12\u201d item=\u201c24066\u201d css=\u201d.vc_custom_1724919461247{background-color: #ffffff !important;}\u201d grid_id=\u201cvc_gid:1742391555553-daa107b0bf46332ffed4ec23f629edc4-10\u201d taxonomies=\u201c25, 10707\u201d][vc_row_inner css=\u201d.vc_custom_1508164629489{margin-top: 30px !important;margin-right: 0px !important;margin-left: 0px !important;background-color: #03d0b6 !important;}\u201d][vc_column_inner][vc_column_text css=\u201d.vc_custom_1724227896578{margin-top: \u201115px !important;}\u201d]<\/p>\n<h2><span style=\"color: #ffffff;\">Newsletter bestellen<\/span><\/h2>\n<p>[\/vc_column_text][vc_column_text css=\u201d.vc_custom_1724227932727{margin-top: \u201110px !important;}\u201d]Bleiben Sie auf dem Laufenden mit unserem regelm\u00e4\u00dfigen Newsletter zu allen relevanten&nbsp;Themen.<\/p>\n<p><script>(function() {\n\twindow.mc4wp = window.mc4wp || {\n\t\tlisteners: [],\n\t\tforms: {\n\t\t\ton: function(evt, cb) {\n\t\t\t\twindow.mc4wp.listeners.push(\n\t\t\t\t\t{\n\t\t\t\t\t\tevent   : evt,\n\t\t\t\t\t\tcallback: cb\n\t\t\t\t\t}\n\t\t\t\t);\n\t\t\t}\n\t\t}\n\t}\n})();\n<\/script><!-- Mailchimp for WordPress v4.12.2 - https:\/\/wordpress.org\/plugins\/mailchimp-for-wp\/ --><\/p><form id=\"mc4wp-form-1\" class=\"mc4wp-form mc4wp-form-24179 mc4wp-form-styles-builder mc4wp-ajax\" method=\"post\" data-id=\"24179\" data-name=\"LibMod Newsletter\"><div class=\"mc4wp-form-fields\"><p>\n    <label>Anrede\u2002 \u2002\u2003<\/label>\n    <select name=\"ANREDE\" required>\n        <option value=\"Frau\" selected=\"true\">Frau<\/option>\n        <option value=\"Herr\">Herr<\/option>\n        <option value=\"X\">X<\/option>\n    <\/select>\n<\/p>\n<p>\n    <label>Insti\u00adtution\u2003<\/label>\n    <input name=\"MMERGE3\" type=\"text\">\n<\/p>\n<p>\n    <label>Nachname \u2002<\/label>\n    <input name=\"MMERGE2\" required type=\"text\">\n<\/p>\n<p>\n    <label>Vorname\u2002 \u2003<\/label>\n    <input name=\"MMERGE1\" required type=\"text\">\n<\/p>\n<p>\n    <label>Kategorie\u2002\u2003<\/label>\n    <select name=\"KATEGORIE\" required>\n        <option value=\"Newsletter\" selected=\"true\">Newsletter<\/option>\n    <\/select>\n<\/p>\n<p><input type=\"email\" name=\"EMAIL\" placeholder=\"Ihre Mail-Addresse\" required>\n<\/p><p>Mit unseren <span style=\"color: #000000;\"><a style=\"color: #000000;\" href=\"https:\/\/libmod.de\/datenschutzerklaerung\/\" target=\"_blank\" rel=\"noopener\">Daten\u00adschutzbes\u00adtim\u00admungen<\/a><\/span> <br>erkl\u00e4ren Sie sich einverstanden.<br><br>\n<input type=\"submit\" value=\"Absenden\"><br><\/p><\/div><label style=\"display: none !important;\">Leave this field empty if you\u2019re&nbsp;human:&nbsp;<input type=\"text\" name=\"_mc4wp_honeypot\" value tabindex=\"-1\" autocomplete=\"off\"><\/label><input type=\"hidden\" name=\"_mc4wp_timestamp\" value=\"1777454640\"><input type=\"hidden\" name=\"_mc4wp_form_id\" value=\"24179\"><input type=\"hidden\" name=\"_mc4wp_form_element_id\" value=\"mc4wp-form-1\"><div class=\"mc4wp-response\"><\/div><\/form><!-- \/ Mailchimp for WordPress Plugin -->[\/vc_column_text][\/vc_column_inner][\/vc_row_inner][\/vc_column][\/vc_row][vc_row][vc_column][\/vc_column][\/vc_row]\n<\/div>","protected":false},"excerpt":{"rendered":"<p>The Center for Liberal Modernity cordially invites you to the inter\u00adna\u00adtional conference \u201cUkraine and Us. Where do we go from here?\u201d in Berlin on 21 March,&nbsp;2025.<\/p>\n","protected":false},"author":257,"featured_media":69323,"comment_status":"closed","ping_status":"closed","sticky":false,"template":"","format":"standard","meta":{"_acf_changed":false,"wp_typography_post_enhancements_disabled":false,"mc4wp_mailchimp_campaign":[],"footnotes":""},"categories":[23],"tags":[2987],"class_list":["post-69333","post","type-post","status-publish","format-standard","has-post-thumbnail","category-unkategorisiert","tag-current"],"acf":[],"yoast_head":"<!-- This site is optimized with the Yoast SEO Premium plugin v27.4 (Yoast SEO v27.5) - https:\/\/yoast.com\/product\/yoast-seo-premium-wordpress\/ -->\n<title>International Conference: &quot;Ukraine and Us. Where do we go from here?&quot; - libmod.de - Zentrum Liberale Moderne<\/title>\n<meta name=\"description\" content=\"The Center for Liberal Modernity cordially invites you to the international conference \u201cUkraine and Us. Where do we go from here?\u201d in Berlin on 21 March, 2025.\" \/>\n<meta name=\"robots\" content=\"index, follow, max-snippet:-1, max-image-preview:large, max-video-preview:-1\" \/>\n<link rel=\"canonical\" href=\"https:\/\/libmod.de\/internationale-konferenz-die-ukraine-und-wir-wie-weiter\/\" \/>\n<meta property=\"og:locale\" content=\"en_US\" \/>\n<meta property=\"og:type\" content=\"article\" \/>\n<meta property=\"og:title\" content=\"International Conference: &quot;Ukraine and Us. Where do we go from here?&quot;\" \/>\n<meta property=\"og:description\" content=\"The Center for Liberal Modernity cordially invites you to the international conference \u201cUkraine and Us. Where do we go from here?\u201d in Berlin on 21 March, 2025.\" \/>\n<meta property=\"og:url\" content=\"https:\/\/libmod.de\/internationale-konferenz-die-ukraine-und-wir-wie-weiter\/\" \/>\n<meta property=\"og:site_name\" content=\"libmod.de - Zentrum Liberale Moderne\" \/>\n<meta property=\"article:publisher\" content=\"https:\/\/www.facebook.com\/LiberaleModerne\/\" \/>\n<meta property=\"article:published_time\" content=\"2025-01-30T00:29:52+00:00\" \/>\n<meta property=\"article:modified_time\" content=\"2025-03-19T13:39:40+00:00\" \/>\n<meta property=\"og:image\" content=\"https:\/\/libmodredaktion.fra1.digitaloceanspaces.com\/wp-content\/uploads\/20250130014038\/800_Soldat1.jpg\" \/>\n\t<meta property=\"og:image:width\" content=\"1200\" \/>\n\t<meta property=\"og:image:height\" content=\"800\" \/>\n\t<meta property=\"og:image:type\" content=\"image\/jpeg\" \/>\n<meta name=\"author\" content=\"\u2002\" \/>\n<meta name=\"twitter:card\" content=\"summary_large_image\" \/>\n<meta name=\"twitter:creator\" content=\"@liberalemoderne\" \/>\n<meta name=\"twitter:site\" content=\"@liberalemoderne\" \/>\n<meta name=\"twitter:label1\" content=\"Written by\" \/>\n\t<meta name=\"twitter:data1\" content=\"\u2002\" \/>\n\t<meta name=\"twitter:label2\" content=\"Est. reading time\" \/>\n\t<meta name=\"twitter:data2\" content=\"5 minutes\" \/>\n<script type=\"application\/ld+json\" class=\"yoast-schema-graph\">{\"@context\":\"https:\\\/\\\/schema.org\",\"@graph\":[{\"@type\":\"Article\",\"@id\":\"https:\\\/\\\/libmod.de\\\/internationale-konferenz-die-ukraine-und-wir-wie-weiter\\\/#article\",\"isPartOf\":{\"@id\":\"https:\\\/\\\/libmod.de\\\/internationale-konferenz-die-ukraine-und-wir-wie-weiter\\\/\"},\"author\":{\"name\":\"\u2002\",\"@id\":\"https:\\\/\\\/libmod.de\\\/#\\\/schema\\\/person\\\/fc1cdee020c47711c16afff6fcbad9af\"},\"headline\":\"Inter\u00adna\u00adtional Conference: \u201cUkraine and Us. Where do we go from&nbsp;here?\u201d\",\"datePublished\":\"2025-01-30T00:29:52+00:00\",\"dateModified\":\"2025-03-19T13:39:40+00:00\",\"mainEntityOfPage\":{\"@id\":\"https:\\\/\\\/libmod.de\\\/internationale-konferenz-die-ukraine-und-wir-wie-weiter\\\/\"},\"wordCount\":828,\"publisher\":{\"@id\":\"https:\\\/\\\/libmod.de\\\/#organization\"},\"image\":{\"@id\":\"https:\\\/\\\/libmod.de\\\/internationale-konferenz-die-ukraine-und-wir-wie-weiter\\\/#primaryimage\"},\"thumbnailUrl\":\"https:\\\/\\\/libmodredaktion.fra1.digitaloceanspaces.com\\\/wp-content\\\/uploads\\\/20250130014038\\\/800_Soldat1.jpg\",\"keywords\":[\"current\"],\"articleSection\":[\"&zwnj;\"],\"inLanguage\":\"en-US\"},{\"@type\":\"WebPage\",\"@id\":\"https:\\\/\\\/libmod.de\\\/internationale-konferenz-die-ukraine-und-wir-wie-weiter\\\/\",\"url\":\"https:\\\/\\\/libmod.de\\\/internationale-konferenz-die-ukraine-und-wir-wie-weiter\\\/\",\"name\":\"International Conference: \\\"Ukraine and Us. Where do we go from here?\\\" - libmod.de - Zentrum Liberale Moderne\",\"isPartOf\":{\"@id\":\"https:\\\/\\\/libmod.de\\\/#website\"},\"primaryImageOfPage\":{\"@id\":\"https:\\\/\\\/libmod.de\\\/internationale-konferenz-die-ukraine-und-wir-wie-weiter\\\/#primaryimage\"},\"image\":{\"@id\":\"https:\\\/\\\/libmod.de\\\/internationale-konferenz-die-ukraine-und-wir-wie-weiter\\\/#primaryimage\"},\"thumbnailUrl\":\"https:\\\/\\\/libmodredaktion.fra1.digitaloceanspaces.com\\\/wp-content\\\/uploads\\\/20250130014038\\\/800_Soldat1.jpg\",\"datePublished\":\"2025-01-30T00:29:52+00:00\",\"dateModified\":\"2025-03-19T13:39:40+00:00\",\"description\":\"The Center for Liberal Modernity cordially invites you to the international conference \u201cUkraine and Us. Where do we go from here?\u201d in Berlin on 21 March, 2025.\",\"breadcrumb\":{\"@id\":\"https:\\\/\\\/libmod.de\\\/internationale-konferenz-die-ukraine-und-wir-wie-weiter\\\/#breadcrumb\"},\"inLanguage\":\"en-US\",\"potentialAction\":[{\"@type\":\"ReadAction\",\"target\":[\"https:\\\/\\\/libmod.de\\\/internationale-konferenz-die-ukraine-und-wir-wie-weiter\\\/\"]}]},{\"@type\":\"ImageObject\",\"inLanguage\":\"en-US\",\"@id\":\"https:\\\/\\\/libmod.de\\\/internationale-konferenz-die-ukraine-und-wir-wie-weiter\\\/#primaryimage\",\"url\":\"https:\\\/\\\/libmodredaktion.fra1.digitaloceanspaces.com\\\/wp-content\\\/uploads\\\/20250130014038\\\/800_Soldat1.jpg\",\"contentUrl\":\"https:\\\/\\\/libmodredaktion.fra1.digitaloceanspaces.com\\\/wp-content\\\/uploads\\\/20250130014038\\\/800_Soldat1.jpg\",\"width\":1200,\"height\":800},{\"@type\":\"BreadcrumbList\",\"@id\":\"https:\\\/\\\/libmod.de\\\/internationale-konferenz-die-ukraine-und-wir-wie-weiter\\\/#breadcrumb\",\"itemListElement\":[{\"@type\":\"ListItem\",\"position\":1,\"name\":\"Startseite\",\"item\":\"https:\\\/\\\/libmod.de\\\/en\\\/\"},{\"@type\":\"ListItem\",\"position\":2,\"name\":\"International Conference: &#8220;Ukraine and Us. Where do we go from here?&#8221;\"}]},{\"@type\":\"WebSite\",\"@id\":\"https:\\\/\\\/libmod.de\\\/#website\",\"url\":\"https:\\\/\\\/libmod.de\\\/\",\"name\":\"libmod.de - Zentrum Liberale Moderne\",\"description\":\"Think Tank f\u00fcr Politik in Berlin\",\"publisher\":{\"@id\":\"https:\\\/\\\/libmod.de\\\/#organization\"},\"potentialAction\":[{\"@type\":\"SearchAction\",\"target\":{\"@type\":\"EntryPoint\",\"urlTemplate\":\"https:\\\/\\\/libmod.de\\\/?s={search_term_string}\"},\"query-input\":{\"@type\":\"PropertyValueSpecification\",\"valueRequired\":true,\"valueName\":\"search_term_string\"}}],\"inLanguage\":\"en-US\"},{\"@type\":\"Organization\",\"@id\":\"https:\\\/\\\/libmod.de\\\/#organization\",\"name\":\"Zentrum Liberale Moderne\",\"url\":\"https:\\\/\\\/libmod.de\\\/\",\"logo\":{\"@type\":\"ImageObject\",\"inLanguage\":\"en-US\",\"@id\":\"https:\\\/\\\/libmod.de\\\/#\\\/schema\\\/logo\\\/image\\\/\",\"url\":\"https:\\\/\\\/libmodredaktion.fra1.digitaloceanspaces.com\\\/wp-content\\\/uploads\\\/20240905145818\\\/LibMod_Logo_XL.jpg\",\"contentUrl\":\"https:\\\/\\\/libmodredaktion.fra1.digitaloceanspaces.com\\\/wp-content\\\/uploads\\\/20240905145818\\\/LibMod_Logo_XL.jpg\",\"width\":1439,\"height\":615,\"caption\":\"Zentrum Liberale Moderne\"},\"image\":{\"@id\":\"https:\\\/\\\/libmod.de\\\/#\\\/schema\\\/logo\\\/image\\\/\"},\"sameAs\":[\"https:\\\/\\\/www.facebook.com\\\/LiberaleModerne\\\/\",\"https:\\\/\\\/x.com\\\/liberalemoderne\",\"https:\\\/\\\/www.youtube.com\\\/channel\\\/UC4Yl_V4pm1LwryD04ky54SA\",\"https:\\\/\\\/www.instagram.com\\\/libmod\\\/\",\"https:\\\/\\\/bsky.app\\\/profile\\\/libmod.de\"],\"description\":\"Das Zentrum Liberale Moderne ist ein politischer Think Tank und eine Debattenplattform. LibMod steht f\u00fcr die Verteidigung und Erneuerung der liberalen Demokratie, f\u00fcr den Aufbruch in die \u00f6kologische Moderne und f\u00fcr eine fundierte Osteuropa-Expertise.\"},{\"@type\":\"Person\",\"@id\":\"https:\\\/\\\/libmod.de\\\/#\\\/schema\\\/person\\\/fc1cdee020c47711c16afff6fcbad9af\",\"name\":\"\u2002\",\"image\":{\"@type\":\"ImageObject\",\"inLanguage\":\"en-US\",\"@id\":\"https:\\\/\\\/libmodredaktion.fra1.digitaloceanspaces.com\\\/wp-content\\\/uploads\\\/20240905144807\\\/User-150x150.png\",\"url\":\"https:\\\/\\\/libmodredaktion.fra1.digitaloceanspaces.com\\\/wp-content\\\/uploads\\\/20240905144807\\\/User-150x150.png\",\"contentUrl\":\"https:\\\/\\\/libmodredaktion.fra1.digitaloceanspaces.com\\\/wp-content\\\/uploads\\\/20240905144807\\\/User-150x150.png\",\"caption\":\"\u2002\"},\"url\":\"https:\\\/\\\/libmod.de\\\/en\\\/author\\\/neutral-user\\\/\"}]}<\/script>\n<!-- \/ Yoast SEO Premium plugin. -->","yoast_head_json":{"title":"International Conference: \"Ukraine and Us. Where do we go from here?\" - libmod.de - Zentrum Liberale Moderne","description":"The Center for Liberal Modernity cordially invites you to the international conference \u201cUkraine and Us. Where do we go from here?\u201d in Berlin on 21 March, 2025.","robots":{"index":"index","follow":"follow","max-snippet":"max-snippet:-1","max-image-preview":"max-image-preview:large","max-video-preview":"max-video-preview:-1"},"canonical":"https:\/\/libmod.de\/internationale-konferenz-die-ukraine-und-wir-wie-weiter\/","og_locale":"en_US","og_type":"article","og_title":"International Conference: \"Ukraine and Us. Where do we go from here?\"","og_description":"The Center for Liberal Modernity cordially invites you to the international conference \u201cUkraine and Us. Where do we go from here?\u201d in Berlin on 21 March, 2025.","og_url":"https:\/\/libmod.de\/internationale-konferenz-die-ukraine-und-wir-wie-weiter\/","og_site_name":"libmod.de - Zentrum Liberale Moderne","article_publisher":"https:\/\/www.facebook.com\/LiberaleModerne\/","article_published_time":"2025-01-30T00:29:52+00:00","article_modified_time":"2025-03-19T13:39:40+00:00","og_image":[{"width":1200,"height":800,"url":"https:\/\/libmodredaktion.fra1.digitaloceanspaces.com\/wp-content\/uploads\/20250130014038\/800_Soldat1.jpg","type":"image\/jpeg"}],"author":"\u2002","twitter_card":"summary_large_image","twitter_creator":"@liberalemoderne","twitter_site":"@liberalemoderne","twitter_misc":{"Written by":"\u2002","Est. reading time":"5 minutes"},"schema":{"@context":"https:\/\/schema.org","@graph":[{"@type":"Article","@id":"https:\/\/libmod.de\/internationale-konferenz-die-ukraine-und-wir-wie-weiter\/#article","isPartOf":{"@id":"https:\/\/libmod.de\/internationale-konferenz-die-ukraine-und-wir-wie-weiter\/"},"author":{"name":"\u2002","@id":"https:\/\/libmod.de\/#\/schema\/person\/fc1cdee020c47711c16afff6fcbad9af"},"headline":"Inter\u00adna\u00adtional Conference: \u201cUkraine and Us. Where do we go from&nbsp;here?\u201d","datePublished":"2025-01-30T00:29:52+00:00","dateModified":"2025-03-19T13:39:40+00:00","mainEntityOfPage":{"@id":"https:\/\/libmod.de\/internationale-konferenz-die-ukraine-und-wir-wie-weiter\/"},"wordCount":828,"publisher":{"@id":"https:\/\/libmod.de\/#organization"},"image":{"@id":"https:\/\/libmod.de\/internationale-konferenz-die-ukraine-und-wir-wie-weiter\/#primaryimage"},"thumbnailUrl":"https:\/\/libmodredaktion.fra1.digitaloceanspaces.com\/wp-content\/uploads\/20250130014038\/800_Soldat1.jpg","keywords":["current"],"articleSection":["&zwnj;"],"inLanguage":"en-US"},{"@type":"WebPage","@id":"https:\/\/libmod.de\/internationale-konferenz-die-ukraine-und-wir-wie-weiter\/","url":"https:\/\/libmod.de\/internationale-konferenz-die-ukraine-und-wir-wie-weiter\/","name":"International Conference: \"Ukraine and Us. Where do we go from here?\" - libmod.de - Zentrum Liberale Moderne","isPartOf":{"@id":"https:\/\/libmod.de\/#website"},"primaryImageOfPage":{"@id":"https:\/\/libmod.de\/internationale-konferenz-die-ukraine-und-wir-wie-weiter\/#primaryimage"},"image":{"@id":"https:\/\/libmod.de\/internationale-konferenz-die-ukraine-und-wir-wie-weiter\/#primaryimage"},"thumbnailUrl":"https:\/\/libmodredaktion.fra1.digitaloceanspaces.com\/wp-content\/uploads\/20250130014038\/800_Soldat1.jpg","datePublished":"2025-01-30T00:29:52+00:00","dateModified":"2025-03-19T13:39:40+00:00","description":"The Center for Liberal Modernity cordially invites you to the international conference \u201cUkraine and Us. Where do we go from here?\u201d in Berlin on 21 March, 2025.","breadcrumb":{"@id":"https:\/\/libmod.de\/internationale-konferenz-die-ukraine-und-wir-wie-weiter\/#breadcrumb"},"inLanguage":"en-US","potentialAction":[{"@type":"ReadAction","target":["https:\/\/libmod.de\/internationale-konferenz-die-ukraine-und-wir-wie-weiter\/"]}]},{"@type":"ImageObject","inLanguage":"en-US","@id":"https:\/\/libmod.de\/internationale-konferenz-die-ukraine-und-wir-wie-weiter\/#primaryimage","url":"https:\/\/libmodredaktion.fra1.digitaloceanspaces.com\/wp-content\/uploads\/20250130014038\/800_Soldat1.jpg","contentUrl":"https:\/\/libmodredaktion.fra1.digitaloceanspaces.com\/wp-content\/uploads\/20250130014038\/800_Soldat1.jpg","width":1200,"height":800},{"@type":"BreadcrumbList","@id":"https:\/\/libmod.de\/internationale-konferenz-die-ukraine-und-wir-wie-weiter\/#breadcrumb","itemListElement":[{"@type":"ListItem","position":1,"name":"Startseite","item":"https:\/\/libmod.de\/en\/"},{"@type":"ListItem","position":2,"name":"International Conference: &#8220;Ukraine and Us. Where do we go from here?&#8221;"}]},{"@type":"WebSite","@id":"https:\/\/libmod.de\/#website","url":"https:\/\/libmod.de\/","name":"libmod.de - Zentrum Liberale Moderne","description":"Think Tank f\u00fcr Politik in Berlin","publisher":{"@id":"https:\/\/libmod.de\/#organization"},"potentialAction":[{"@type":"SearchAction","target":{"@type":"EntryPoint","urlTemplate":"https:\/\/libmod.de\/?s={search_term_string}"},"query-input":{"@type":"PropertyValueSpecification","valueRequired":true,"valueName":"search_term_string"}}],"inLanguage":"en-US"},{"@type":"Organization","@id":"https:\/\/libmod.de\/#organization","name":"Zentrum Liberale Moderne","url":"https:\/\/libmod.de\/","logo":{"@type":"ImageObject","inLanguage":"en-US","@id":"https:\/\/libmod.de\/#\/schema\/logo\/image\/","url":"https:\/\/libmodredaktion.fra1.digitaloceanspaces.com\/wp-content\/uploads\/20240905145818\/LibMod_Logo_XL.jpg","contentUrl":"https:\/\/libmodredaktion.fra1.digitaloceanspaces.com\/wp-content\/uploads\/20240905145818\/LibMod_Logo_XL.jpg","width":1439,"height":615,"caption":"Zentrum Liberale Moderne"},"image":{"@id":"https:\/\/libmod.de\/#\/schema\/logo\/image\/"},"sameAs":["https:\/\/www.facebook.com\/LiberaleModerne\/","https:\/\/x.com\/liberalemoderne","https:\/\/www.youtube.com\/channel\/UC4Yl_V4pm1LwryD04ky54SA","https:\/\/www.instagram.com\/libmod\/","https:\/\/bsky.app\/profile\/libmod.de"],"description":"Das Zentrum Liberale Moderne ist ein politischer Think Tank und eine Debattenplattform. LibMod steht f\u00fcr die Verteidigung und Erneuerung der liberalen Demokratie, f\u00fcr den Aufbruch in die \u00f6kologische Moderne und f\u00fcr eine fundierte Osteuropa-Expertise."},{"@type":"Person","@id":"https:\/\/libmod.de\/#\/schema\/person\/fc1cdee020c47711c16afff6fcbad9af","name":"\u2002","image":{"@type":"ImageObject","inLanguage":"en-US","@id":"https:\/\/libmodredaktion.fra1.digitaloceanspaces.com\/wp-content\/uploads\/20240905144807\/User-150x150.png","url":"https:\/\/libmodredaktion.fra1.digitaloceanspaces.com\/wp-content\/uploads\/20240905144807\/User-150x150.png","contentUrl":"https:\/\/libmodredaktion.fra1.digitaloceanspaces.com\/wp-content\/uploads\/20240905144807\/User-150x150.png","caption":"\u2002"},"url":"https:\/\/libmod.de\/en\/author\/neutral-user\/"}]}},"menu_order":1,"_links":{"self":[{"href":"https:\/\/libmod.de\/en\/wp-json\/wp\/v2\/posts\/69333","targetHints":{"allow":["GET"]}}],"collection":[{"href":"https:\/\/libmod.de\/en\/wp-json\/wp\/v2\/posts"}],"about":[{"href":"https:\/\/libmod.de\/en\/wp-json\/wp\/v2\/types\/post"}],"author":[{"embeddable":true,"href":"https:\/\/libmod.de\/en\/wp-json\/wp\/v2\/users\/257"}],"replies":[{"embeddable":true,"href":"https:\/\/libmod.de\/en\/wp-json\/wp\/v2\/comments?post=69333"}],"version-history":[{"count":13,"href":"https:\/\/libmod.de\/en\/wp-json\/wp\/v2\/posts\/69333\/revisions"}],"predecessor-version":[{"id":71286,"href":"https:\/\/libmod.de\/en\/wp-json\/wp\/v2\/posts\/69333\/revisions\/71286"}],"wp:featuredmedia":[{"embeddable":true,"href":"https:\/\/libmod.de\/en\/wp-json\/wp\/v2\/media\/69323"}],"wp:attachment":[{"href":"https:\/\/libmod.de\/en\/wp-json\/wp\/v2\/media?parent=69333"}],"wp:term":[{"taxonomy":"category","embeddable":true,"href":"https:\/\/libmod.de\/en\/wp-json\/wp\/v2\/categories?post=69333"},{"taxonomy":"post_tag","embeddable":true,"href":"https:\/\/libmod.de\/en\/wp-json\/wp\/v2\/tags?post=69333"}],"curies":[{"name":"wp","href":"https:\/\/api.w.org\/{rel}","templated":true}]}}