{"id":70314,"date":"2025-02-21T07:25:31","date_gmt":"2025-02-21T06:25:31","guid":{"rendered":"https:\/\/libmod.de\/meine-vision-wie-man-die-palaestinenser-und-die-israelis-retten-kann\/"},"modified":"2025-02-21T14:46:17","modified_gmt":"2025-02-21T13:46:17","slug":"my-vision-how-to-salvage-the-palestinians-and-the-israelis","status":"publish","type":"post","link":"https:\/\/libmod.de\/en\/my-vision-how-to-salvage-the-palestinians-and-the-israelis\/","title":{"rendered":"My vision: How to Salvage the Pales\u00adtinians and the&nbsp;Israelis"},"content":{"rendered":"<div class=\"wpb-content-wrapper\"><p>[vc_row][vc_column][vc_column_text css=\u201c\u201d]<\/p>\n<figure id=\"attachment_70308\" aria-describedby=\"caption-attachment-70308\" style=\"width: 1200px\" class=\"wp-caption alignnone\"><img class=\"wp-image-70308 size-full\" src=\"https:\/\/libmodredaktion.fra1.digitaloceanspaces.com\/wp-content\/uploads\/20250221070951\/500_Samer.jpg\" alt width=\"1200\" height=\"500\" srcset=\"https:\/\/libmodredaktion.fra1.digitaloceanspaces.com\/wp-content\/uploads\/20250221070951\/500_Samer.jpg 1200w, https:\/\/libmodredaktion.fra1.digitaloceanspaces.com\/wp-content\/uploads\/20250221070951\/500_Samer-770x321.jpg 770w, https:\/\/libmodredaktion.fra1.digitaloceanspaces.com\/wp-content\/uploads\/20250221070951\/500_Samer-768x320.jpg 768w\" sizes=\"(max-width: 1200px) 100vw, 1200px\"><figcaption id=\"caption-attachment-70308\" class=\"wp-caption-text\">Foto: Imago<\/figcaption><\/figure>\n<p>[\/vc_column_text][\/vc_column][\/vc_row][vc_row css=\u201d.vc_custom_1508251598805{margin-top: 30px !important;}\u201d][vc_column width=\u201c2\/3\u201d css=\u201d.vc_custom_1508252250311{padding-right: 20px !important;}\u201d][vc_column_text css=\u201c\u201d]<\/p>\n<h3>Samer Abdel\u00adrazzak Sinijlawi grew up during the first intifada. He was imprisoned as a&nbsp;teenager. It was in prison that he got to know the other, the Israeli view of the conflict. Despite the current political situation, he believes in a&nbsp;peaceful solution between Israelis and Pales\u00adtinians \u2014 with the help of a&nbsp;dialog based on trust and mutual empathy. The West can also contribute, he&nbsp;says.<\/h3>\n<p><!--more-->[\/vc_column_text][vc_column_text css=\u201c\u201d]The conflict between Israelis and Pales\u00adtinians is often assumed to be impos\u00adsible to solve, a&nbsp;matter of two national movements with irrec\u00adon\u00adcilable aspira\u00adtions for one tiny piece of land. It has felt like this for nearly a&nbsp;century, and perhaps never more so than during the past year of anger and&nbsp;grief.<\/p>\n<h2>Childhood in&nbsp;Jerusalem<\/h2>\n<p>But as a&nbsp;Pales\u00adtinian who was born in Jerusalem\u2019s Old City, who has lived through the occupation, who sat in an Israeli prison for five years, I&nbsp;see a&nbsp;way out. Even today, with the pain so fresh, I&nbsp;believe it\u2019s possible for Pales\u00adtinians to get our state, and for the two peoples to coexist. But to arrive there, both sides will need to radically change their thinking \u2013 and their&nbsp;leadership.<\/p>\n<p>The future I&nbsp;imagine is in some ways rooted in a&nbsp;past I&nbsp;remember from my childhood in the early \u201980s. In the busy streets of the Old City, you knew which community you belonged to, but everyone shared the space. As a&nbsp;boy, before I&nbsp;had any under\u00adstanding of who was above whom, I&nbsp;knew only that everyone was bustling at the end of the week, with Jews going to synagogue, Chris\u00adtians heading to church, and Muslims following the sound of the muezzin to prayer. My family is Muslim, but I&nbsp;attended a&nbsp;Christian school. I&nbsp;never questioned how natural this layered reality&nbsp;was.<\/p>\n<h2>Important lessons in&nbsp;prison<\/h2>\n<p>But then, in 1987, the First Intifada began. I&nbsp;was 14. All at once, I&nbsp;felt pulled into the conflict, drawn to what I&nbsp;heard on the streets and saw on television, which was a&nbsp;more straight\u00adforward story than what I\u2019d known in Jerusalem \u2013 the struggle of my people, armed with stones, standing up to tanks. I&nbsp;wanted to throw stones as well, to feel a&nbsp;part of it. And so I&nbsp;did. And like many of my teenage friends, I&nbsp;was eventually arrested and sentenced by a&nbsp;military judge to five years\u2019 imprisonment.<\/p>\n<p>This was the most painful moment of my life. My childhood was over. I&nbsp;wasn\u2019t able to finish high school. But my experience in prison changed me in unexpected ways. It gave me a&nbsp;different kind of education. I&nbsp;was elected as a&nbsp;spokesperson to negotiate with the prison author\u00adities, whether for better food or special permits for family visits. And my under\u00adstanding of my enemy&nbsp;grew.<\/p>\n<h2>Fears on both&nbsp;sides<\/h2>\n<p>Out in the street, we wore keffiyehs over our faces, and they saw us only through the scope of a&nbsp;rifle. But now I&nbsp;got to know some Israelis. I&nbsp;could see their eyes, and they could see mine. I&nbsp;learned Hebrew. I&nbsp;learned their names. And I&nbsp;saw for the first time that these people, whom I&nbsp;had feared as my oppressors, had their own fears. They were scared of us, the Pales\u00adtinians, of the violence we might cause them, of the violence we were causing them. It\u2019s hard for my own people, oppressed as we feel by Israeli power, to appre\u00adciate this, but the fears of Israelis are real, not exaggerated or invented. The images of October 7&nbsp;are seared into their minds. Especially since the massacre, they desire the sort of security that any of us would want, and they will never bargain away the safety of their families. They are not a&nbsp;suicidal people.<\/p>\n<p>I also learned how to negotiate with Israelis. Maybe because of their own history of survival, they can be stubborn. You cannot expect to get anything through pressure tactics. Believe me, Pales\u00adtinians have tried: The strategy for decades has been to use violence against Israelis while beseeching the world to force Israel into making conces\u00adsions. But this hasn\u2019t worked. Trying to get the American president to use carrots and sticks with the Israelis is pointless. We need to deal with them directly. That\u2019s the only way. And just as we have needs\u2014dignity, rights, independence\u2014they have needs as well, and we must find ways to reassure them of their security, to defeat their&nbsp;fears.<\/p>\n<h2>Dignity and&nbsp;security<\/h2>\n<p>I have often thought of the conflict as having DNA. The need for security is one strand, and the other is a&nbsp;desire for dignity. This did not require any special education for me to learn. It comes with the reality of being a&nbsp;Pales\u00adtinian. We live in a&nbsp;state of constant humil\u00adi\u00adation: at each check\u00adpoint, every time we need to cross a&nbsp;border, when settlers in the West Bank attack and kill our people and burn our fields with impunity. Half of our lives seem to be spent waiting in line as an Israeli soldier stands over us with a&nbsp;gun. We lack freedom. We are denied basic human dignity. And this existence, to feel forever trampled on, has been ours now for at least three generations.<\/p>\n<p>This is the DNA, a&nbsp;desire for both safety and self-deter\u00admi\u00adnation. By acknowl\u00adedging and attending to these twin desires \u2013 rather than parsing right from wrong or replaying history \u2013people of goodwill can solve the conflict. I&nbsp;am part of an initiative \u2013 organized by Ehud Olmert, the former Israeli prime minister, and Nasser al\u2011Kidwa, the former Pales\u00adtinian foreign-affairs minister \u2013 to do just that. We envision a&nbsp;cease-fire in Gaza and a&nbsp;return of the hostages held by Hamas since October 7, and we have worked out the details of a&nbsp;two-state solution, proposing a&nbsp;plan for drawing borders, deter\u00admining the status of Jerusalem, and rebuilding&nbsp;Gaza.<\/p>\n<h2>A plan and its&nbsp;obstacles<\/h2>\n<p>The contours are not hard to imagine, but many obstacles stand in the way. I&nbsp;see four main ones, two within our own societies and two from the&nbsp;outside.<\/p>\n<p>Israeli prime minister Benjamin Netanyahu and his right-wing government aren\u2019t inter\u00adested in making any conces\u00adsions to the Pales\u00adtinians. They hardly see us and are intent on ignoring our demands indef\u00adi\u00adnitely. But I&nbsp;don\u2019t think they represent the majority of Israelis, who dislike Netanyahu and want his rule to end. I&nbsp;believe that those who protest by the tens of thousands every week in Tel Aviv and Jerusalem know that the status quo is not acceptable for either&nbsp;people.<\/p>\n<h2>The problem of political leadership in&nbsp;Israel<\/h2>\n<p>This is the first obstacle: Netanyahu and his reactionary, racist allies. Israelis must find a&nbsp;way to vote him and the extremists out. Nothing will change until Israeli leaders see the benefit of creating a&nbsp;Pales\u00adtinian state, and do not act with such indif\u00adference to our lives and needs. But the second obstacle I&nbsp;see is closer to home for me, and just as crucial: the corrupt and ineffective leadership of Mahmoud Abbas, the president of the Pales\u00adtinian&nbsp;Authority.<\/p>\n<h2>\u2026 and on the Pales\u00adtinian&nbsp;side<\/h2>\n<p>I first met Abbas as part of a&nbsp;Fatah youth delegation soon after the First Intifada ended. After being released from prison, in 1993, I&nbsp;became involved with the party, the largest faction in Pales\u00adtinian politics at the time. My fellow delegates and I&nbsp;were in our 20s; Abbas was then in his 50s and Fatah\u2019s second-in-command. \u201cYou are tomorrow\u2019s leaders,\u201d he told us. Today, Abbas is nearly 90, and we are in our 50s. Over the years, he has worked to ensure that the tomorrow he promised never arrived. He was elected president in 2005 to serve for four years. He has served for almost 20, without a&nbsp;single re-election. Over that period, he has compro\u00admised our democracy, our security, our economy, and our&nbsp;dignity.<\/p>\n<p>Abbas lost the 2006 legislative elections to Hamas, and then lost Gaza to Hamas control the following year. But he could have taken the past two decades to build up the West Bank, creating trans\u00adparent, accountable insti\u00adtu\u00adtions that would represent a&nbsp;thriving alter\u00adnative to Hamas. Because he didn\u2019t, he allowed the extremists to fill the vacuum. As recently as 2021, Abbas cancelled planned elections, this time after Fatah split into three factions. Younger, reformist Fatah leaders were ready to try to create that alter\u00adnative and might have offered a&nbsp;counter\u00adbalance to the extremism that led to October 7. But Abbas stood in their&nbsp;way.<\/p>\n<h2>Political change!? A&nbsp;broad coalition<\/h2>\n<p>Pales\u00adtinians want change. Polls show that about 90 percent of the population wants Abbas to resign. But removing him isn\u2019t just important for the West Bank and the possi\u00adbility of negoti\u00adating with the Israelis. It\u2019s also essential to Gaza\u2019s \u201cday after.\u201d As brutal and oppressive as the Hamas regime has been, the people of Gaza don\u2019t want to see Hamas replaced with&nbsp;Abbas.<\/p>\n<p>Instead, Pales\u00adtinian political leaders should form a&nbsp;unity government that includes nonpar\u00adtisan national figures; Fatah reformists such as al\u2011Kidwa, the former security czar Mohammed Dahlan, and, with any luck, the imprisoned Fatah leader Marwan Barghouti; and even members of non-extremist Islamist factions like the Ra\u2019am party, in Israel\u2019s Parliament. This broad coalition would be respon\u00adsible for recon\u00adstructing Gaza and unifying it with the West Bank. It would need the support of Arab countries and the inter\u00adna\u00adtional community \u2013 and, of course, recog\u00adnition by&nbsp;Israel.<\/p>\n<p>All of this is impos\u00adsible while Netanyahu and Abbas remain in power, which is why they are the biggest internal obstacles. But there are also two external&nbsp;ones.<\/p>\n<h2>External obstacles: Iran, Saudi-Arabia and extremist senti\u00adments in the&nbsp;West<\/h2>\n<p>The first is obvious: Iran is the mutual enemy of both Israelis and Pales\u00adtinians who want peace, as well as of all the moderate forces in the Middle East. Iran has propped up Hamas and Hezbollah, whose ideologies and actions will lead to nothing but endless war. The best way to counter Iran is for Israel to build relation\u00adships with the Emiratis and the Saudis and a&nbsp;reformed Pales\u00adtinian Authority. But to do that, Abbas and Netanyahu need to&nbsp;go.<\/p>\n<p>The second external obstacle might seem surprising, but it\u2019s no less important to acknowledge: the extreme senti\u00adments in the West. I&nbsp;think that some of those who call themselves pro-Palestine and rally under the Pales\u00adtinian flag in the streets with slogans like \u201cfrom the river to the see Palestine will be free\u201d are doing us real harm\u2014and I&nbsp;would say the same about some of those western govern\u00adments who rally under the Israeli flag and call themselves pro-Israel and insisting to provide Israel with uncon\u00addi\u00adtional support to continue the war in Gaza. These waves of supports have merely hardened the positions of Hamas and Netanyahu. They apply the wrong kind of pressure: against compromise. Against seeing each other and finding ways to move closer. They alienate everyday Israelis and Pales\u00adtinians. As far as I\u2019m concerned, there is only one idea to rally behind; only one pro-Israel, pro-Palestine slogan: \u201cStop the war and free the hostages.\u201d Nothing else is&nbsp;helpful.<\/p>\n<p>I know how hard these obstacles will be to overcome; as a&nbsp;Pales\u00adtinian, I&nbsp;am accus\u00adtomed to endless heart\u00adbreak. It\u2019s far easier to remain self-righteous, to believe that with enough yelling or missiles, things will change for the better. But they won\u2019t, not until the two sides begin to look at each other&nbsp;honestly.<\/p>\n<h2>The power of&nbsp;dialogue<\/h2>\n<p>I have talked with many Israelis over the years, after I&nbsp;was elected inter\u00adna\u00adtional secretary for Fatah youth, and then as the head of Israeli relations for the party. I&nbsp;have become close friends with many of them, and not just with people on the left and in the center, but with those on the right as well. I\u2019ve learned some lessons from all of this&nbsp;talking.<\/p>\n<p>Primarily, I&nbsp;decided not to hate them. For a&nbsp;simple reason: We have killed them and they have killed us. Hate has never achieved anything for the Pales\u00adtinians besides more misery. Additionally, I&nbsp;decided never to lecture Israelis on morality, on what to do and what not to do. I&nbsp;chose instead to focus on my side, on the example that I&nbsp;set.<\/p>\n<p>That is why I&nbsp;went to Kfar Aza, one of the kibbutzim attacked on October 7, for a&nbsp;condo\u00adlence visit early this year. Standing in front of cameras, I&nbsp;condemned the acts of Hamas. I&nbsp;didn\u2019t want history to document that no Pales\u00adtinian spoke up against this atrocity. In Kfar Aza \u2013 a&nbsp;mile away from the city of Beit Hanoun, over the border in Gaza \u2013 I&nbsp;could see smoke, and I&nbsp;could hear bombs, and I&nbsp;knew what was happening there, but I&nbsp;had come only to denounce what Hamas had done in the name of Pales\u00adtinians, in my name. One day, an Israeli will stand in front of us and denounce what has happened in Gaza. I&nbsp;don\u2019t have to lecture them. All I&nbsp;can do is offer my&nbsp;example.<\/p>\n<h2>Pales\u00adtinians should make the first&nbsp;move<\/h2>\n<p>I know it\u2019s contro\u00adversial to say, but this is why I&nbsp;think Pales\u00adtinians need to make the first move. There is more urgency for us than for the Israelis. They are suffering because of the conflict, but not as much as we are. They can wait another 75&nbsp;years until it becomes necessary for them to share the land. We cannot wait another 75&nbsp;hours. They have an air force; we don\u2019t. They have tanks; we don\u2019t. We have spent decade after decade not achieving any progress with them. As a&nbsp;practical person, I\u2019ve concluded that we ought to try something&nbsp;else.<\/p>\n<h2>Building mutual&nbsp;trust<\/h2>\n<p>Pales\u00adtinians need to put in place a&nbsp;strategy that prior\u00adi\u00adtizes the security of Israelis \u2013 not for the Israelis\u2019 sake, but for our own national interest. We need to make sure that the Pales\u00adtinian Authority properly crimi\u00adnalizes violence committed by Pales\u00adtinians \u2013 just as Israel must end settler violence in the West Bank and respect that the lives of Pales\u00adtinians are as sacred as the lives of Israelis. Both sides in this conflict need to gain control over their violent tendencies. And then our message to the Israelis will be: more for more. If we make you feel safer, if we build insti\u00adtu\u00adtions that clamp down on violence effec\u00adtively, that build a&nbsp;successful economy for Pales\u00adtinians, that create stability and trans\u00adparency, we expect from you more dignity, freedom, and&nbsp;trust.<\/p>\n<p>The two-state solution feels impos\u00adsible at this moment, so we need to build it step-by-step, offering more for more. Then we\u2019ll be ready for the tough decisions. This needs to start at the top, which is why I&nbsp;care so much about changing the leadership. People need to see how trust can form. If I&nbsp;were the prime minister of the future state of Palestine, I&nbsp;would want the Israeli prime minister to be my best friend. I&nbsp;would have him and his family over for dinner and let them get to know my wife and kids. Mutual trust between the top leaders will help facil\u00aditate trust among the&nbsp;people.<\/p>\n<p>Even today, after tens of thousands have been killed in Gaza in the past year, I&nbsp;still maintain that the majority of mainstream Pales\u00adtinians and mainstream Israelis want to find a&nbsp;way out of&nbsp;this.<\/p>\n<h2>Envisioning the&nbsp;future<\/h2>\n<p>I recently decided to pursue a&nbsp;master\u2019s degree in conflict resolution at Hebrew University, in Jerusalem. Every Monday, when I&nbsp;show up for class, I&nbsp;get a&nbsp;vivid illus\u00adtration of what the future could be. When I&nbsp;was younger, Hebrew University seemed off-limits to Pales\u00adtinians; even just walking by the campus gates felt disloyal. But these days, the student population is nearly 20 percent Arab, and there are many young women wearing&nbsp;hijabs.<\/p>\n<p>When I&nbsp;look at these students, I&nbsp;see that many of them, Israeli and Pales\u00adtinian alike, wear nearly identical pendants depicting the same territory \u2013 between the Jordan River and the Mediter\u00adranean Sea \u2013 which each side claims in its entirety for their own people. (And I&nbsp;bet both pendants were made in the same factory in China.) But then they go to the same classes and listen to the same professors, and sometimes a&nbsp;professor will assign two Israeli students and two Pales\u00adtinian students to the same research group, and those students, each with their own necklace, will work together. At this moment, their differ\u00adences become irrel\u00adevant; they are just trying to get their studies done. And I&nbsp;promise you: They do not want to throw each other into the&nbsp;sea.<\/p>\n<p>They wear those pendants because they are confused, because their political leaders have poisoned their minds. These young people, who know how to work so well together, who know how to give and take, already know how to be neigh\u00adbours. They just need leadership that will reinforce the possi\u00adbility. This leadership doesn\u2019t exist now, and that is the real enemy for both Israelis and Palestinians.<\/p>\n<p>* The initiative, named after the former Israeli Prime Minister, Ehud Olmert, and the former Foreign Minister of the Pales\u00adtinian Authority, Nasser al-Kidwa, proposes a&nbsp;joint plan to restore peace in the region, which also provides for the transfer of terri\u00adtories in the West Bank to Israel and vice&nbsp;versa.<\/p>\n<p><em>The article was first published in <a href=\"https:\/\/www.theatlantic.com\/magazine\/archive\/2024\/12\/israel-palestine-conflict-resolution-future\/680389\/\" target=\"_blank\" rel=\"noopener\">\u201cThe Atlantic\u201d.<\/a><\/em>[\/vc_column_text][vc_separator][vc_column_text]Hat Ihnen unser Beitrag gefallen? Dann spenden Sie doch einfach und bequem \u00fcber unser Spendentool. Sie unter\u00adst\u00fctzen damit die publizis\u00adtische Arbeit von&nbsp;LibMod.<\/p>\n<h2>Spenden mit&nbsp;Bankeinzug<\/h2>\n<p>[\/vc_column_text][vc_column_text]<script type=\"text\/javascript\">\n\t(function() {\n\t\tvar u=\"https:\/\/spenden.twingle.de\/embed\/genericorganisation\/genericproject\/tw5aeafe12eb6cb\/widget\";\n\t\tvar id = '_' + Math.random().toString(36).substr(2, 9);\n\t\tvar d=document, g=d.createElement('script'), s=d.getElementsByTagName('script')[0];\n\t\tdocument.write('<div id=\"twingle-public-embed-' + id + '\"><\/div>');\n\t\tg.type='text\/javascript'; g.async=true; g.defer=true; g.src=u+'\/'+id; s.parentNode.insertBefore(g,s);\n\t})();\n<\/script>[\/vc_column_text][vc_column_text]<\/p>\n<h2>Spenden mit&nbsp;PayPal<\/h2>\n<hr>\n<p>Wir sind als gemein\u00adn\u00fctzig anerkannt, entsprechend sind Spenden steuerlich absetzbar. F\u00fcr eine Spendenbescheinigung (n\u00f6tig bei einem Betrag \u00fcber 200 EUR), senden Sie Ihre Adress\u00addaten bitte an <a href=\"mailto:finanzen@libmod.de\">finanzen@libmod.de<\/a>[\/vc_column_text][\/vc_column][vc_column width=\u201c1\/3\u201d el_class=\u201cdimmer\u201d][vc_column_text]<\/p>\n<h2>Verwandte Themen<\/h2>\n<p>[\/vc_column_text][vc_basic_grid post_type=\u201cpost\u201d max_items=\u201c3\u201d element_width=\u201c12\u201d item=\u201c24066\u201d css=\u201d.vc_custom_1508761683039{background-color: #ffffff !important;}\u201d grid_id=\u201cvc_gid:1740145544113\u201333cb89d4-1abf\u20119\u201d taxonomies=\u201c49\u201d][vc_row_inner css=\u201d.vc_custom_1508164629489{margin-top: 30px !important;margin-right: 0px !important;margin-left: 0px !important;background-color: #03d0b6 !important;}\u201d][vc_column_inner][vc_column_text css=\u201d.vc_custom_1508167210959{margin-top: \u201115px !important;}\u201d]<\/p>\n<h2><span style=\"color: #ffffff;\">Newsletter bestellen<\/span><\/h2>\n<p>[\/vc_column_text][vc_column_text css=\u201d.vc_custom_1508166779270{margin-top: \u201110px !important;}\u201d]Mit dem LibMod-Newsletter erhalten Sie regelm\u00e4\u00dfig Neuigkeiten zu unseren Themen in Ihr&nbsp;Postfach.<\/p>\n<p><script>(function() {\n\twindow.mc4wp = window.mc4wp || {\n\t\tlisteners: [],\n\t\tforms: {\n\t\t\ton: function(evt, cb) {\n\t\t\t\twindow.mc4wp.listeners.push(\n\t\t\t\t\t{\n\t\t\t\t\t\tevent   : evt,\n\t\t\t\t\t\tcallback: cb\n\t\t\t\t\t}\n\t\t\t\t);\n\t\t\t}\n\t\t}\n\t}\n})();\n<\/script><!-- Mailchimp for WordPress v4.12.2 - https:\/\/wordpress.org\/plugins\/mailchimp-for-wp\/ --><\/p><form id=\"mc4wp-form-1\" class=\"mc4wp-form mc4wp-form-24179 mc4wp-form-styles-builder mc4wp-ajax\" method=\"post\" data-id=\"24179\" data-name=\"LibMod Newsletter\"><div class=\"mc4wp-form-fields\"><p>\n    <label>Anrede\u2002 \u2002\u2003<\/label>\n    <select name=\"ANREDE\" required>\n        <option value=\"Frau\" selected=\"true\">Frau<\/option>\n        <option value=\"Herr\">Herr<\/option>\n        <option value=\"X\">X<\/option>\n    <\/select>\n<\/p>\n<p>\n    <label>Insti\u00adtution\u2003<\/label>\n    <input name=\"MMERGE3\" type=\"text\">\n<\/p>\n<p>\n    <label>Nachname \u2002<\/label>\n    <input name=\"MMERGE2\" required type=\"text\">\n<\/p>\n<p>\n    <label>Vorname\u2002 \u2003<\/label>\n    <input name=\"MMERGE1\" required type=\"text\">\n<\/p>\n<p>\n    <label>Kategorie\u2002\u2003<\/label>\n    <select name=\"KATEGORIE\" required>\n        <option value=\"Newsletter\" selected=\"true\">Newsletter<\/option>\n    <\/select>\n<\/p>\n<p><input type=\"email\" name=\"EMAIL\" placeholder=\"Ihre Mail-Addresse\" required>\n<\/p><p>Mit unseren <span style=\"color: #000000;\"><a style=\"color: #000000;\" href=\"https:\/\/libmod.de\/datenschutzerklaerung\/\" target=\"_blank\" rel=\"noopener\">Daten\u00adschutzbes\u00adtim\u00admungen<\/a><\/span> <br>erkl\u00e4ren Sie sich einverstanden.<br><br>\n<input type=\"submit\" value=\"Absenden\"><br><\/p><\/div><label style=\"display: none !important;\">Leave this field empty if you\u2019re&nbsp;human:&nbsp;<input type=\"text\" name=\"_mc4wp_honeypot\" value tabindex=\"-1\" autocomplete=\"off\"><\/label><input type=\"hidden\" name=\"_mc4wp_timestamp\" value=\"1777304303\"><input type=\"hidden\" name=\"_mc4wp_form_id\" value=\"24179\"><input type=\"hidden\" name=\"_mc4wp_form_element_id\" value=\"mc4wp-form-1\"><div class=\"mc4wp-response\"><\/div><\/form><!-- \/ Mailchimp for WordPress Plugin -->[\/vc_column_text][\/vc_column_inner][\/vc_row_inner][\/vc_column][\/vc_row]\n<\/div>","protected":false},"excerpt":{"rendered":"<p>Samer Abdel\u00adrazzak Sinijlawi grew up during the first intifada. He was imprisoned as a&nbsp;teenager. It was in prison that he got to know the other, the Israeli view of the conflict. Despite the current political situation, he believes in a&nbsp;peaceful solution between Israelis and Pales\u00adtinians \u2014 with the help of a&nbsp;dialog based on trust and mutual empathy. The West can also contribute, he&nbsp;says.<\/p>\n","protected":false},"author":371,"featured_media":70311,"comment_status":"closed","ping_status":"closed","sticky":false,"template":"","format":"standard","meta":{"_acf_changed":false,"wp_typography_post_enhancements_disabled":false,"mc4wp_mailchimp_campaign":[],"footnotes":""},"categories":[2818],"tags":[2987,15491],"class_list":["post-70314","post","type-post","status-publish","format-standard","has-post-thumbnail","category-comment","tag-current","tag-network-middle-east"],"acf":[],"yoast_head":"<!-- This site is optimized with the Yoast SEO Premium plugin v27.4 (Yoast SEO v27.4) - https:\/\/yoast.com\/product\/yoast-seo-premium-wordpress\/ -->\n<title>My vision: How to Salvage the Palestinians and the Israelis - libmod.de - Zentrum Liberale Moderne<\/title>\n<meta name=\"description\" content=\"Samer Abdelrazzak Sinijlawi grew up during the first intifada. He was imprisoned as a teenager. It was in prison that he got to know the other, the Israeli view of the conflict. Despite the current political situation, he believes in a peaceful solution between Israelis and Palestinians - with the help of a dialog based on trust and mutual empathy. The West can also contribute, he says.\" \/>\n<meta name=\"robots\" content=\"index, follow, max-snippet:-1, max-image-preview:large, max-video-preview:-1\" \/>\n<link rel=\"canonical\" href=\"https:\/\/libmod.de\/en\/my-vision-how-to-salvage-the-palestinians-and-the-israelis\/\" \/>\n<meta property=\"og:locale\" content=\"en_US\" \/>\n<meta property=\"og:type\" content=\"article\" \/>\n<meta property=\"og:title\" content=\"My vision: How to Salvage the Palestinians and the Israelis\" \/>\n<meta property=\"og:description\" content=\"Samer Abdelrazzak Sinijlawi grew up during the first intifada. He was imprisoned as a teenager. It was in prison that he got to know the other, the Israeli view of the conflict. Despite the current political situation, he believes in a peaceful solution between Israelis and Palestinians - with the help of a dialog based on trust and mutual empathy. The West can also contribute, he says.\" \/>\n<meta property=\"og:url\" content=\"https:\/\/libmod.de\/en\/my-vision-how-to-salvage-the-palestinians-and-the-israelis\/\" \/>\n<meta property=\"og:site_name\" content=\"libmod.de - Zentrum Liberale Moderne\" \/>\n<meta property=\"article:publisher\" content=\"https:\/\/www.facebook.com\/LiberaleModerne\/\" \/>\n<meta property=\"article:published_time\" content=\"2025-02-21T06:25:31+00:00\" \/>\n<meta property=\"article:modified_time\" content=\"2025-02-21T13:46:17+00:00\" \/>\n<meta property=\"og:image\" content=\"https:\/\/libmodredaktion.fra1.digitaloceanspaces.com\/wp-content\/uploads\/20250124131139\/Hochwasser_500.jpg\" \/>\n\t<meta property=\"og:image:width\" content=\"1200\" \/>\n\t<meta property=\"og:image:height\" content=\"500\" \/>\n\t<meta property=\"og:image:type\" content=\"image\/jpeg\" \/>\n<meta name=\"author\" content=\"Samer Abdelrazzak Sinijlawi\" \/>\n<meta name=\"twitter:card\" content=\"summary_large_image\" \/>\n<meta name=\"twitter:description\" content=\"Samer Abdelrazzak Sinijlawi grew up during the first intifada. He was imprisoned as a teenager. It was in prison that he got to know the other, the Israeli view of the conflict. Despite the current political situation, he believes in a peaceful solution between Israelis and Palestinians - with the help of a dialog based on trust and mutual empathy. The West can also contribute, he says.\" \/>\n<meta name=\"twitter:image\" content=\"https:\/\/libmodredaktion.fra1.digitaloceanspaces.com\/wp-content\/uploads\/20250124131139\/Hochwasser_500.jpg\" \/>\n<meta name=\"twitter:creator\" content=\"@liberalemoderne\" \/>\n<meta name=\"twitter:site\" content=\"@liberalemoderne\" \/>\n<meta name=\"twitter:label1\" content=\"Written by\" \/>\n\t<meta name=\"twitter:data1\" content=\"Samer Abdelrazzak Sinijlawi\" \/>\n\t<meta name=\"twitter:label2\" content=\"Est. reading time\" \/>\n\t<meta name=\"twitter:data2\" content=\"18 minutes\" \/>\n<script type=\"application\/ld+json\" class=\"yoast-schema-graph\">{\"@context\":\"https:\\\/\\\/schema.org\",\"@graph\":[{\"@type\":\"Article\",\"@id\":\"https:\\\/\\\/libmod.de\\\/en\\\/my-vision-how-to-salvage-the-palestinians-and-the-israelis\\\/#article\",\"isPartOf\":{\"@id\":\"https:\\\/\\\/libmod.de\\\/en\\\/my-vision-how-to-salvage-the-palestinians-and-the-israelis\\\/\"},\"author\":{\"name\":\"Samer Abdelrazzak Sinijlawi\",\"@id\":\"https:\\\/\\\/libmod.de\\\/#\\\/schema\\\/person\\\/a8f89c710d82e054d3d5c9f768e55de6\"},\"headline\":\"My vision: How to Salvage the Pales\u00adtinians and the&nbsp;Israelis\",\"datePublished\":\"2025-02-21T06:25:31+00:00\",\"dateModified\":\"2025-02-21T13:46:17+00:00\",\"mainEntityOfPage\":{\"@id\":\"https:\\\/\\\/libmod.de\\\/en\\\/my-vision-how-to-salvage-the-palestinians-and-the-israelis\\\/\"},\"wordCount\":3160,\"publisher\":{\"@id\":\"https:\\\/\\\/libmod.de\\\/#organization\"},\"image\":{\"@id\":\"https:\\\/\\\/libmod.de\\\/en\\\/my-vision-how-to-salvage-the-palestinians-and-the-israelis\\\/#primaryimage\"},\"thumbnailUrl\":\"https:\\\/\\\/libmodredaktion.fra1.digitaloceanspaces.com\\\/wp-content\\\/uploads\\\/20250221071127\\\/800_Samer.jpg\",\"keywords\":[\"current\",\"Network Middle East\"],\"articleSection\":[\"Comment\u2003\"],\"inLanguage\":\"en-US\"},{\"@type\":\"WebPage\",\"@id\":\"https:\\\/\\\/libmod.de\\\/en\\\/my-vision-how-to-salvage-the-palestinians-and-the-israelis\\\/\",\"url\":\"https:\\\/\\\/libmod.de\\\/en\\\/my-vision-how-to-salvage-the-palestinians-and-the-israelis\\\/\",\"name\":\"My vision: How to Salvage the Palestinians and the Israelis - libmod.de - Zentrum Liberale Moderne\",\"isPartOf\":{\"@id\":\"https:\\\/\\\/libmod.de\\\/#website\"},\"primaryImageOfPage\":{\"@id\":\"https:\\\/\\\/libmod.de\\\/en\\\/my-vision-how-to-salvage-the-palestinians-and-the-israelis\\\/#primaryimage\"},\"image\":{\"@id\":\"https:\\\/\\\/libmod.de\\\/en\\\/my-vision-how-to-salvage-the-palestinians-and-the-israelis\\\/#primaryimage\"},\"thumbnailUrl\":\"https:\\\/\\\/libmodredaktion.fra1.digitaloceanspaces.com\\\/wp-content\\\/uploads\\\/20250221071127\\\/800_Samer.jpg\",\"datePublished\":\"2025-02-21T06:25:31+00:00\",\"dateModified\":\"2025-02-21T13:46:17+00:00\",\"description\":\"Samer Abdelrazzak Sinijlawi grew up during the first intifada. He was imprisoned as a teenager. It was in prison that he got to know the other, the Israeli view of the conflict. Despite the current political situation, he believes in a peaceful solution between Israelis and Palestinians - with the help of a dialog based on trust and mutual empathy. The West can also contribute, he says.\",\"breadcrumb\":{\"@id\":\"https:\\\/\\\/libmod.de\\\/en\\\/my-vision-how-to-salvage-the-palestinians-and-the-israelis\\\/#breadcrumb\"},\"inLanguage\":\"en-US\",\"potentialAction\":[{\"@type\":\"ReadAction\",\"target\":[\"https:\\\/\\\/libmod.de\\\/en\\\/my-vision-how-to-salvage-the-palestinians-and-the-israelis\\\/\"]}]},{\"@type\":\"ImageObject\",\"inLanguage\":\"en-US\",\"@id\":\"https:\\\/\\\/libmod.de\\\/en\\\/my-vision-how-to-salvage-the-palestinians-and-the-israelis\\\/#primaryimage\",\"url\":\"https:\\\/\\\/libmodredaktion.fra1.digitaloceanspaces.com\\\/wp-content\\\/uploads\\\/20250221071127\\\/800_Samer.jpg\",\"contentUrl\":\"https:\\\/\\\/libmodredaktion.fra1.digitaloceanspaces.com\\\/wp-content\\\/uploads\\\/20250221071127\\\/800_Samer.jpg\",\"width\":1200,\"height\":800},{\"@type\":\"BreadcrumbList\",\"@id\":\"https:\\\/\\\/libmod.de\\\/en\\\/my-vision-how-to-salvage-the-palestinians-and-the-israelis\\\/#breadcrumb\",\"itemListElement\":[{\"@type\":\"ListItem\",\"position\":1,\"name\":\"Startseite\",\"item\":\"https:\\\/\\\/libmod.de\\\/en\\\/\"},{\"@type\":\"ListItem\",\"position\":2,\"name\":\"My vision: How to Salvage the Palestinians and the Israelis\"}]},{\"@type\":\"WebSite\",\"@id\":\"https:\\\/\\\/libmod.de\\\/#website\",\"url\":\"https:\\\/\\\/libmod.de\\\/\",\"name\":\"libmod.de - Zentrum Liberale Moderne\",\"description\":\"Think Tank f\u00fcr Politik in Berlin\",\"publisher\":{\"@id\":\"https:\\\/\\\/libmod.de\\\/#organization\"},\"potentialAction\":[{\"@type\":\"SearchAction\",\"target\":{\"@type\":\"EntryPoint\",\"urlTemplate\":\"https:\\\/\\\/libmod.de\\\/?s={search_term_string}\"},\"query-input\":{\"@type\":\"PropertyValueSpecification\",\"valueRequired\":true,\"valueName\":\"search_term_string\"}}],\"inLanguage\":\"en-US\"},{\"@type\":\"Organization\",\"@id\":\"https:\\\/\\\/libmod.de\\\/#organization\",\"name\":\"Zentrum Liberale Moderne\",\"url\":\"https:\\\/\\\/libmod.de\\\/\",\"logo\":{\"@type\":\"ImageObject\",\"inLanguage\":\"en-US\",\"@id\":\"https:\\\/\\\/libmod.de\\\/#\\\/schema\\\/logo\\\/image\\\/\",\"url\":\"https:\\\/\\\/libmodredaktion.fra1.digitaloceanspaces.com\\\/wp-content\\\/uploads\\\/20240905145818\\\/LibMod_Logo_XL.jpg\",\"contentUrl\":\"https:\\\/\\\/libmodredaktion.fra1.digitaloceanspaces.com\\\/wp-content\\\/uploads\\\/20240905145818\\\/LibMod_Logo_XL.jpg\",\"width\":1439,\"height\":615,\"caption\":\"Zentrum Liberale Moderne\"},\"image\":{\"@id\":\"https:\\\/\\\/libmod.de\\\/#\\\/schema\\\/logo\\\/image\\\/\"},\"sameAs\":[\"https:\\\/\\\/www.facebook.com\\\/LiberaleModerne\\\/\",\"https:\\\/\\\/x.com\\\/liberalemoderne\",\"https:\\\/\\\/www.youtube.com\\\/channel\\\/UC4Yl_V4pm1LwryD04ky54SA\",\"https:\\\/\\\/www.instagram.com\\\/libmod\\\/\",\"https:\\\/\\\/bsky.app\\\/profile\\\/libmod.de\"],\"description\":\"Das Zentrum Liberale Moderne ist ein politischer Think Tank und eine Debattenplattform. LibMod steht f\u00fcr die Verteidigung und Erneuerung der liberalen Demokratie, f\u00fcr den Aufbruch in die \u00f6kologische Moderne und f\u00fcr eine fundierte Osteuropa-Expertise.\"},{\"@type\":\"Person\",\"@id\":\"https:\\\/\\\/libmod.de\\\/#\\\/schema\\\/person\\\/a8f89c710d82e054d3d5c9f768e55de6\",\"name\":\"Samer Abdelrazzak Sinijlawi\",\"image\":{\"@type\":\"ImageObject\",\"inLanguage\":\"en-US\",\"@id\":\"https:\\\/\\\/libmodredaktion.fra1.digitaloceanspaces.com\\\/wp-content\\\/uploads\\\/20240905144807\\\/User-150x150.png\",\"url\":\"https:\\\/\\\/libmodredaktion.fra1.digitaloceanspaces.com\\\/wp-content\\\/uploads\\\/20240905144807\\\/User-150x150.png\",\"contentUrl\":\"https:\\\/\\\/libmodredaktion.fra1.digitaloceanspaces.com\\\/wp-content\\\/uploads\\\/20240905144807\\\/User-150x150.png\",\"caption\":\"Samer Abdelrazzak Sinijlawi\"},\"description\":\"Samer Abdelrazzak Sinijlawi ist Vorsitzender des Jerusalem Development Fund und ein politischer Aktivist der Fatah aus Jerusalem. Er geh\u00f6rt zu einer jungen pal\u00e4stinensischen F\u00fchrungsgeneration, die der Meinung ist, dass ein intensiver Dialog und ein Br\u00fcckenschlag mit den Menschen auf der anderen Seite, den Israelis, notwendig sind. Samer ist ein leidenschaftlicher Verfechter des Olmert-Al-Kidwa-Friedensvorschlags*, der eine gemeinsame Vision f\u00fcr den \u00dcbergang vom derzeitigen Konflikt zur friedlichen Koexistenz zweier Staaten bietet. Er ist aber auch Teil des Middle East Network Programms am Zentrum Liberale Moderne.\",\"url\":\"https:\\\/\\\/libmod.de\\\/en\\\/author\\\/samer\\\/\"}]}<\/script>\n<!-- \/ Yoast SEO Premium plugin. -->","yoast_head_json":{"title":"My vision: How to Salvage the Palestinians and the Israelis - libmod.de - Zentrum Liberale Moderne","description":"Samer Abdelrazzak Sinijlawi grew up during the first intifada. He was imprisoned as a teenager. It was in prison that he got to know the other, the Israeli view of the conflict. Despite the current political situation, he believes in a peaceful solution between Israelis and Palestinians - with the help of a dialog based on trust and mutual empathy. The West can also contribute, he says.","robots":{"index":"index","follow":"follow","max-snippet":"max-snippet:-1","max-image-preview":"max-image-preview:large","max-video-preview":"max-video-preview:-1"},"canonical":"https:\/\/libmod.de\/en\/my-vision-how-to-salvage-the-palestinians-and-the-israelis\/","og_locale":"en_US","og_type":"article","og_title":"My vision: How to Salvage the Palestinians and the Israelis","og_description":"Samer Abdelrazzak Sinijlawi grew up during the first intifada. He was imprisoned as a teenager. It was in prison that he got to know the other, the Israeli view of the conflict. Despite the current political situation, he believes in a peaceful solution between Israelis and Palestinians - with the help of a dialog based on trust and mutual empathy. The West can also contribute, he says.","og_url":"https:\/\/libmod.de\/en\/my-vision-how-to-salvage-the-palestinians-and-the-israelis\/","og_site_name":"libmod.de - Zentrum Liberale Moderne","article_publisher":"https:\/\/www.facebook.com\/LiberaleModerne\/","article_published_time":"2025-02-21T06:25:31+00:00","article_modified_time":"2025-02-21T13:46:17+00:00","og_image":[{"width":1200,"height":500,"url":"https:\/\/libmodredaktion.fra1.digitaloceanspaces.com\/wp-content\/uploads\/20250124131139\/Hochwasser_500.jpg","type":"image\/jpeg"}],"author":"Samer Abdelrazzak Sinijlawi","twitter_card":"summary_large_image","twitter_description":"Samer Abdelrazzak Sinijlawi grew up during the first intifada. He was imprisoned as a teenager. It was in prison that he got to know the other, the Israeli view of the conflict. Despite the current political situation, he believes in a peaceful solution between Israelis and Palestinians - with the help of a dialog based on trust and mutual empathy. The West can also contribute, he says.","twitter_image":"https:\/\/libmodredaktion.fra1.digitaloceanspaces.com\/wp-content\/uploads\/20250124131139\/Hochwasser_500.jpg","twitter_creator":"@liberalemoderne","twitter_site":"@liberalemoderne","twitter_misc":{"Written by":"Samer Abdelrazzak Sinijlawi","Est. reading time":"18 minutes"},"schema":{"@context":"https:\/\/schema.org","@graph":[{"@type":"Article","@id":"https:\/\/libmod.de\/en\/my-vision-how-to-salvage-the-palestinians-and-the-israelis\/#article","isPartOf":{"@id":"https:\/\/libmod.de\/en\/my-vision-how-to-salvage-the-palestinians-and-the-israelis\/"},"author":{"name":"Samer Abdelrazzak Sinijlawi","@id":"https:\/\/libmod.de\/#\/schema\/person\/a8f89c710d82e054d3d5c9f768e55de6"},"headline":"My vision: How to Salvage the Pales\u00adtinians and the&nbsp;Israelis","datePublished":"2025-02-21T06:25:31+00:00","dateModified":"2025-02-21T13:46:17+00:00","mainEntityOfPage":{"@id":"https:\/\/libmod.de\/en\/my-vision-how-to-salvage-the-palestinians-and-the-israelis\/"},"wordCount":3160,"publisher":{"@id":"https:\/\/libmod.de\/#organization"},"image":{"@id":"https:\/\/libmod.de\/en\/my-vision-how-to-salvage-the-palestinians-and-the-israelis\/#primaryimage"},"thumbnailUrl":"https:\/\/libmodredaktion.fra1.digitaloceanspaces.com\/wp-content\/uploads\/20250221071127\/800_Samer.jpg","keywords":["current","Network Middle East"],"articleSection":["Comment\u2003"],"inLanguage":"en-US"},{"@type":"WebPage","@id":"https:\/\/libmod.de\/en\/my-vision-how-to-salvage-the-palestinians-and-the-israelis\/","url":"https:\/\/libmod.de\/en\/my-vision-how-to-salvage-the-palestinians-and-the-israelis\/","name":"My vision: How to Salvage the Palestinians and the Israelis - libmod.de - Zentrum Liberale Moderne","isPartOf":{"@id":"https:\/\/libmod.de\/#website"},"primaryImageOfPage":{"@id":"https:\/\/libmod.de\/en\/my-vision-how-to-salvage-the-palestinians-and-the-israelis\/#primaryimage"},"image":{"@id":"https:\/\/libmod.de\/en\/my-vision-how-to-salvage-the-palestinians-and-the-israelis\/#primaryimage"},"thumbnailUrl":"https:\/\/libmodredaktion.fra1.digitaloceanspaces.com\/wp-content\/uploads\/20250221071127\/800_Samer.jpg","datePublished":"2025-02-21T06:25:31+00:00","dateModified":"2025-02-21T13:46:17+00:00","description":"Samer Abdelrazzak Sinijlawi grew up during the first intifada. He was imprisoned as a teenager. It was in prison that he got to know the other, the Israeli view of the conflict. Despite the current political situation, he believes in a peaceful solution between Israelis and Palestinians - with the help of a dialog based on trust and mutual empathy. The West can also contribute, he says.","breadcrumb":{"@id":"https:\/\/libmod.de\/en\/my-vision-how-to-salvage-the-palestinians-and-the-israelis\/#breadcrumb"},"inLanguage":"en-US","potentialAction":[{"@type":"ReadAction","target":["https:\/\/libmod.de\/en\/my-vision-how-to-salvage-the-palestinians-and-the-israelis\/"]}]},{"@type":"ImageObject","inLanguage":"en-US","@id":"https:\/\/libmod.de\/en\/my-vision-how-to-salvage-the-palestinians-and-the-israelis\/#primaryimage","url":"https:\/\/libmodredaktion.fra1.digitaloceanspaces.com\/wp-content\/uploads\/20250221071127\/800_Samer.jpg","contentUrl":"https:\/\/libmodredaktion.fra1.digitaloceanspaces.com\/wp-content\/uploads\/20250221071127\/800_Samer.jpg","width":1200,"height":800},{"@type":"BreadcrumbList","@id":"https:\/\/libmod.de\/en\/my-vision-how-to-salvage-the-palestinians-and-the-israelis\/#breadcrumb","itemListElement":[{"@type":"ListItem","position":1,"name":"Startseite","item":"https:\/\/libmod.de\/en\/"},{"@type":"ListItem","position":2,"name":"My vision: How to Salvage the Palestinians and the Israelis"}]},{"@type":"WebSite","@id":"https:\/\/libmod.de\/#website","url":"https:\/\/libmod.de\/","name":"libmod.de - Zentrum Liberale Moderne","description":"Think Tank f\u00fcr Politik in Berlin","publisher":{"@id":"https:\/\/libmod.de\/#organization"},"potentialAction":[{"@type":"SearchAction","target":{"@type":"EntryPoint","urlTemplate":"https:\/\/libmod.de\/?s={search_term_string}"},"query-input":{"@type":"PropertyValueSpecification","valueRequired":true,"valueName":"search_term_string"}}],"inLanguage":"en-US"},{"@type":"Organization","@id":"https:\/\/libmod.de\/#organization","name":"Zentrum Liberale Moderne","url":"https:\/\/libmod.de\/","logo":{"@type":"ImageObject","inLanguage":"en-US","@id":"https:\/\/libmod.de\/#\/schema\/logo\/image\/","url":"https:\/\/libmodredaktion.fra1.digitaloceanspaces.com\/wp-content\/uploads\/20240905145818\/LibMod_Logo_XL.jpg","contentUrl":"https:\/\/libmodredaktion.fra1.digitaloceanspaces.com\/wp-content\/uploads\/20240905145818\/LibMod_Logo_XL.jpg","width":1439,"height":615,"caption":"Zentrum Liberale Moderne"},"image":{"@id":"https:\/\/libmod.de\/#\/schema\/logo\/image\/"},"sameAs":["https:\/\/www.facebook.com\/LiberaleModerne\/","https:\/\/x.com\/liberalemoderne","https:\/\/www.youtube.com\/channel\/UC4Yl_V4pm1LwryD04ky54SA","https:\/\/www.instagram.com\/libmod\/","https:\/\/bsky.app\/profile\/libmod.de"],"description":"Das Zentrum Liberale Moderne ist ein politischer Think Tank und eine Debattenplattform. LibMod steht f\u00fcr die Verteidigung und Erneuerung der liberalen Demokratie, f\u00fcr den Aufbruch in die \u00f6kologische Moderne und f\u00fcr eine fundierte Osteuropa-Expertise."},{"@type":"Person","@id":"https:\/\/libmod.de\/#\/schema\/person\/a8f89c710d82e054d3d5c9f768e55de6","name":"Samer Abdelrazzak Sinijlawi","image":{"@type":"ImageObject","inLanguage":"en-US","@id":"https:\/\/libmodredaktion.fra1.digitaloceanspaces.com\/wp-content\/uploads\/20240905144807\/User-150x150.png","url":"https:\/\/libmodredaktion.fra1.digitaloceanspaces.com\/wp-content\/uploads\/20240905144807\/User-150x150.png","contentUrl":"https:\/\/libmodredaktion.fra1.digitaloceanspaces.com\/wp-content\/uploads\/20240905144807\/User-150x150.png","caption":"Samer Abdelrazzak Sinijlawi"},"description":"Samer Abdelrazzak Sinijlawi ist Vorsitzender des Jerusalem Development Fund und ein politischer Aktivist der Fatah aus Jerusalem. Er geh\u00f6rt zu einer jungen pal\u00e4stinensischen F\u00fchrungsgeneration, die der Meinung ist, dass ein intensiver Dialog und ein Br\u00fcckenschlag mit den Menschen auf der anderen Seite, den Israelis, notwendig sind. Samer ist ein leidenschaftlicher Verfechter des Olmert-Al-Kidwa-Friedensvorschlags*, der eine gemeinsame Vision f\u00fcr den \u00dcbergang vom derzeitigen Konflikt zur friedlichen Koexistenz zweier Staaten bietet. Er ist aber auch Teil des Middle East Network Programms am Zentrum Liberale Moderne.","url":"https:\/\/libmod.de\/en\/author\/samer\/"}]}},"menu_order":637,"_links":{"self":[{"href":"https:\/\/libmod.de\/en\/wp-json\/wp\/v2\/posts\/70314","targetHints":{"allow":["GET"]}}],"collection":[{"href":"https:\/\/libmod.de\/en\/wp-json\/wp\/v2\/posts"}],"about":[{"href":"https:\/\/libmod.de\/en\/wp-json\/wp\/v2\/types\/post"}],"author":[{"embeddable":true,"href":"https:\/\/libmod.de\/en\/wp-json\/wp\/v2\/users\/371"}],"replies":[{"embeddable":true,"href":"https:\/\/libmod.de\/en\/wp-json\/wp\/v2\/comments?post=70314"}],"version-history":[{"count":5,"href":"https:\/\/libmod.de\/en\/wp-json\/wp\/v2\/posts\/70314\/revisions"}],"predecessor-version":[{"id":70384,"href":"https:\/\/libmod.de\/en\/wp-json\/wp\/v2\/posts\/70314\/revisions\/70384"}],"wp:featuredmedia":[{"embeddable":true,"href":"https:\/\/libmod.de\/en\/wp-json\/wp\/v2\/media\/70311"}],"wp:attachment":[{"href":"https:\/\/libmod.de\/en\/wp-json\/wp\/v2\/media?parent=70314"}],"wp:term":[{"taxonomy":"category","embeddable":true,"href":"https:\/\/libmod.de\/en\/wp-json\/wp\/v2\/categories?post=70314"},{"taxonomy":"post_tag","embeddable":true,"href":"https:\/\/libmod.de\/en\/wp-json\/wp\/v2\/tags?post=70314"}],"curies":[{"name":"wp","href":"https:\/\/api.w.org\/{rel}","templated":true}]}}