{"id":71179,"date":"2025-03-18T10:29:38","date_gmt":"2025-03-18T09:29:38","guid":{"rendered":"https:\/\/libmod.de\/?p=71179"},"modified":"2025-03-18T12:44:14","modified_gmt":"2025-03-18T11:44:14","slug":"donald-trump-is-even-going-further-than-chamberlain","status":"publish","type":"post","link":"https:\/\/libmod.de\/en\/donald-trump-is-even-going-further-than-chamberlain\/","title":{"rendered":"Donald Trump is even going further than Chamberlain"},"content":{"rendered":"<div class=\"wpb-content-wrapper\"><p>[vc_row][vc_column][vc_column_text css=\u201c\u201d]<img class=\"alignnone wp-image-71175 size-full\" src=\"https:\/\/libmodredaktion.fra1.digitaloceanspaces.com\/wp-content\/uploads\/20250318111247\/500_Ralf_RFI.jpg\" alt width=\"1200\" height=\"500\" srcset=\"https:\/\/libmodredaktion.fra1.digitaloceanspaces.com\/wp-content\/uploads\/20250318111247\/500_Ralf_RFI.jpg 1200w, https:\/\/libmodredaktion.fra1.digitaloceanspaces.com\/wp-content\/uploads\/20250318111247\/500_Ralf_RFI-770x321.jpg 770w, https:\/\/libmodredaktion.fra1.digitaloceanspaces.com\/wp-content\/uploads\/20250318111247\/500_Ralf_RFI-768x320.jpg 768w\" sizes=\"(max-width: 1200px) 100vw, 1200px\">[\/vc_column_text][\/vc_column][\/vc_row][vc_row css=\u201d.vc_custom_1508251598805{margin-top: 30px !important;}\u201d][vc_column width=\u201c2\/3\u201d css=\u201d.vc_custom_1508252250311{padding-right: 20px !important;}\u201d][vc_column_text css=\u201c\u201d]<\/p>\n<h3><span data-teams=\"true\">As US President Donald Trump moves to reshape transat\u00adlantic ties, experts warn that the EU must unite to counter global threats. Following Germany\u2019s elections, RFI\u2019s Jan van der Made spoke with Ralf F\u00fccks about how Europe should respond to Washington\u2019s shifting&nbsp;stance.&nbsp;<\/span><!--more--><\/h3>\n<div class=\"t-content__body u-clearfix\" data-empty-p=\"false\">\n<p><strong>RFI:&nbsp;<\/strong><em>In the newspaper&nbsp;<a href=\"https:\/\/www.spiegel.de\/\" target=\"_blank\" rel=\"noopener\">Der Spiegel<\/a>, you compare today\u2019s events to both the 1938 Munich meeting and the 1945 Yalta Conference, where Roosevelt, Churchill, and Stalin shaped Europe\u2019s future. How do these historical parallels apply&nbsp;now?<\/em><\/p>\n<p><strong>Ralf F\u00fccks:&nbsp;<\/strong>It\u2019s always a&nbsp;little bit dangerous to slip into this kind of historical comparison. There is no fatalism to repeat history, but I&nbsp;think we have to be aware that we are now again in an extremely critical and dangerous situation in&nbsp;Europe.<\/p>\n<p>Munich, after Hitler took power, is the reference for appeasement policy. But Donald Trump is even going further than Chamberlain went in Munich in 1938 with Hitler\u2019s Germany. He is not only trying to appease Putin with conces\u00adsions, but taking sides with neo-imperial and author\u00adi\u00adtarian Russia against Ukraine and against former European allies of the&nbsp;US.<\/p>\n<p>The situation is more like Yalta, because Trump is sharing the idea of Putin and of Chinese leader Xi Jinping, about a&nbsp;new world order where the world is dominated by the big powers which can do what they want without being restricted by&nbsp;rules.<\/p>\n<p>Smaller nations submit to the big powers which divide the world into spheres of influence, like big boys who are at the same time collab\u00ado\u00adrating and competing with each&nbsp;other.<\/p>\n<p>Russian President Vladimir Putin in his June 2020&nbsp;<a href=\"http:\/\/www.en.kremlin.ru\/events\/president\/news\/63527\" target=\"_blank\" rel=\"noopener\">essay<\/a>&nbsp;on the 75th anniversary of the end of World War II, very clearly said that his vision was the one that came out of Yalta: the return to an agreement with the US about the division of the spheres of&nbsp;influence.<\/p>\n<p>He does not believe in the&nbsp;idea of equality and shared sover\u00adeignty between all the nations. NOTE: Putin\u2019s essay reads, \u201cThe&nbsp;major historic achievement of&nbsp;Yalta and&nbsp;other decisions of&nbsp;that time is the&nbsp;agreement to&nbsp;create a&nbsp;mechanism that would allow the&nbsp;leading powers to&nbsp;remain within the&nbsp;framework of&nbsp;diplomacy in&nbsp;resolving their differences.\u201d<\/p>\n<p>Trump also shares this view, notably that nations like Ukraine are to have only limited sover\u00adeignty and that they have to accept that Russia has a&nbsp;veto power over Ukraine\u2019s&nbsp;future.<\/p>\n<p>And this is a&nbsp;total contra\u00addiction of the European post-Cold War order. If we accept that, Europe will become a&nbsp;playground for China, the US and&nbsp;Russia.<\/p>\n<p><strong>RFI:&nbsp;<\/strong><em>What should Europe&nbsp;do?<\/em><\/p>\n<p><strong>Ralf F\u00fccks:&nbsp;<\/strong>It is very hard to believe that the West as a&nbsp;political entity of liberal democ\u00adracies is over and that we are entering a&nbsp;new political era, no longer relying on the US security guarantees, but one where the United States, at least under the presi\u00addency of Donald Trump, will turn on Europe and treat us not as friends, but as adversaries.<\/p>\n<p>This moment is extremely critical, not only for Ukraine, but also for Europe. It is a&nbsp;litmus test as to whether Europe will stay relevant globally or if we will become a&nbsp;punching ball between China, Russia and the&nbsp;US.<\/p>\n<p>As for Ukraine, the test is about our ability to defend the European security order, the principles on which this order was built, and if we can defend our&nbsp;values.<\/p>\n<p>It is not just about solidarity with Ukraine, a&nbsp;country which is now suffering more than three years of war of destruction. It is also about defending&nbsp;Europe.<\/p>\n<p>In the short term, the answer is weapons, weapons, weapons.&nbsp;We have to replace American military supply to Ukraine. Possibly for an interim period, the Europeans [could]&nbsp; buy weapons in the US and send them to Ukraine. But then we have to build up our own military&nbsp;industries.<\/p>\n<p>We must enable Ukraine to resist and to come into a&nbsp;better negoti\u00adation position with Russia, not from the defensive, but from a&nbsp;position of&nbsp;strength.<\/p>\n<p>And we must build a&nbsp;common European Defence Union with Ukraine. Ukraine could be an asset for European&nbsp;security.<\/p>\n<p><strong>RFI:&nbsp;<\/strong><em>You have mentioned the failures of the&nbsp;<a href=\"https:\/\/press.un.org\/en\/2025\/sc15996.doc.htm\" target=\"_blank\" rel=\"noopener\">Minsk agree\u00adments<\/a>. What lessons can we pull from those negoti\u00ada\u00adtions and what comes after in possible future negoti\u00ada\u00adtions with&nbsp;Russia?<\/em><\/p>\n<p><strong>Ralf F\u00fccks:&nbsp;<\/strong>Ukraine should never again negotiate from a&nbsp;position of weakness. In Minsk 2014\u20132015, Ukraine was on the brink of military collapse. And this may never happen again. So if we want to have negoti\u00ada\u00adtions with Russia, we have to bring Ukraine into a&nbsp;position of military strength. The outcome of negoti\u00ada\u00adtions will depend on the military balance of&nbsp;force.<\/p>\n<p>The second conse\u00adquence from Minsk is that we cannot bring Russia into a&nbsp;position of brokering a&nbsp;deal. We have to treat Russia as an adversary. And the Europeans cannot be neutral in this conflict. We have to take sides with Ukraine. And we should not lift sanctions on Russia prematurely.<\/p>\n<p>Sanctions go further than military support for Ukraine, our most effective tool to change Russia\u2019s policy. Lifting sanctions wouldn\u2019t only be about ending the war. We must raise other issues: the retreat of Russian nuclear arms from Belarus, from Kalin\u00adingrad, to reduce the nuclear threat to Europe. The release of political prisoners from Russian prison&nbsp;camps.<\/p>\n<p>So we must build a&nbsp;package of political demands to Russia as a&nbsp;precon\u00addition for restoring economic&nbsp;relations.<\/p>\n<p><strong>RFI:&nbsp;<\/strong><em>Given all the changes in the US foreign policy, how do you feel that in the current situation the relationship can be&nbsp;saved?<\/em><\/p>\n<p><strong>Ralf F\u00fccks:&nbsp;<\/strong>As long as Trump and his fellows are ruling in Washington, it only can be about damage control. We have to be strong econom\u00adi\u00adcally, military, polit\u00adi\u00adcally, in order not to be black\u00admailed by the&nbsp;US.<\/p>\n<p>We have to accept that with Trump you can only do trans\u00adac\u00adtional policies. So we have to define our interests and then negotiate with the US where we can strike deals in our&nbsp;interest.<\/p>\n<p>One point of interest could be future policy towards China. If the US wants us to become tougher against China, especially in economic terms, reducing our economic depen\u00addency on China, not deliv\u00adering critical technology to China, then we should ask the US in return to keep engaged in&nbsp;Europe.<\/p>\n<p>The critical point is the nuclear guarantee. At the moment, even the combined French and British nuclear capac\u00adities will not be suffi\u00adcient to deter Russia and to create a&nbsp;nuclear balance with Russia. So we have to increase our nuclear capac\u00adities. This is an issue we cannot&nbsp;avoid.<\/p>\n<p><strong>RFI:&nbsp;<\/strong><em>France and Germany together are the motor of the European Union. But the relationship has not been great, with French President Emmanuel Macron and German Chancellor Olaf Scholz, differing in style and approach. Will the relationship get better under Friedrich Merz, who is likely to become Germany\u2019s new Chancellor after the elections on 23&nbsp;February?<\/em><\/p>\n<p><strong>Ralf F\u00fccks:&nbsp;<\/strong>Let\u2019s be realistic. I&nbsp;think there is no way back to this former exclusive French-German leadership in Europe. This is over. We have to recognise that the central eastern European nations, especially Poland, but also [the Czech Republic] the Baltic states, the Scandi\u00adna\u00advians, will play a&nbsp;much more self-assertive and important&nbsp;role.<\/p>\n<p>So, we have to broaden the leadership board of the European&nbsp;Union.<\/p>\n<p>But of course, a&nbsp;restart of Franco-German relations is absolutely crucial. We are almost in an all-time low. The same with Poland. And the desig\u00adnated new German Chancellor, Merz has already, before the elections, announced that his first visit will lead him to Warsaw and&nbsp;Paris.<\/p>\n<p>And I&nbsp;think this is the right&nbsp;signal.<\/p>\n<p>&nbsp;<\/p>\n<\/div>\n<p>The article was published on 01.03.2025&nbsp;in <a href=\"https:\/\/www.rfi.fr\/en\/international\/20250301-europe-at-a-crossroads-can-the-eu-unite-amid-shifting-us-ties\" target=\"_blank\" rel=\"noopener\">RFI<\/a>.[\/\u200bvc_\u200bcolumn_\u200btext]<\/p><div class=\"gem-button-container gem-button-position-inline thegem-button-69f43744ae91b5044    \"><a class=\"gem-button gem-button-size-small gem-button-style-flat gem-button-text-weight-normal\" data-ll-effect=\"drop-right-without-wrap\" style=\"border-radius: 3px;\" onmouseleave onmouseenter href=\"https:\/\/www.rfi.fr\/en\/international\/20250301-europe-at-a-crossroads-can-the-eu-unite-amid-shifting-us-ties\" target=\"_blank\">To the&nbsp;article<\/a><\/div> [vc_\u200bcolumn_\u200btext]<img class=\"alignnone wp-image-23921 size-full\" src=\"http:\/\/libmodredaktion.fra1.digitaloceanspaces.com\/wp-content\/uploads\/20240905145906\/textende.png\" alt=\"Textende\" width=\"40\" height=\"120\">[\/vc_column_text][vc_separator][vc_column_text]Hat Ihnen unser Beitrag gefallen? Dann spenden Sie doch einfach und bequem \u00fcber unser Spendentool. Sie unter\u00adst\u00fctzen damit die publizis\u00adtische Arbeit von&nbsp;LibMod.\n<h2>Spenden mit&nbsp;Bankeinzug<\/h2>\n<p>[\/vc_column_text][vc_column_text]<script type=\"text\/javascript\">\n\t(function() {\n\t\tvar u=\"https:\/\/spenden.twingle.de\/embed\/genericorganisation\/genericproject\/tw5aeafe12eb6cb\/widget\";\n\t\tvar id = '_' + Math.random().toString(36).substr(2, 9);\n\t\tvar d=document, g=d.createElement('script'), s=d.getElementsByTagName('script')[0];\n\t\tdocument.write('<div id=\"twingle-public-embed-' + id + '\"><\/div>');\n\t\tg.type='text\/javascript'; g.async=true; g.defer=true; g.src=u+'\/'+id; s.parentNode.insertBefore(g,s);\n\t})();\n<\/script>[\/vc_column_text][vc_column_text]<\/p>\n<h2>Spenden mit&nbsp;PayPal<\/h2>\n<hr>\n<p>Wir sind als gemein\u00adn\u00fctzig anerkannt, entsprechend sind Spenden steuerlich absetzbar. F\u00fcr eine Spendenbescheinigung (n\u00f6tig bei einem Betrag \u00fcber 200 EUR), senden Sie Ihre Adress\u00addaten bitte an <a href=\"mailto:finanzen@libmod.de\">finanzen@libmod.de<\/a>[\/vc_column_text][\/vc_column][vc_column width=\u201c1\/3\u201d el_class=\u201cdimmer\u201d][vc_column_text]<\/p>\n<h2>Verwandte Themen<\/h2>\n<p>[\/vc_column_text][vc_basic_grid post_type=\u201cpost\u201d max_items=\u201c3\u201d element_width=\u201c12\u201d item=\u201c24066\u201d css=\u201d.vc_custom_1742295618424{background-color: #ffffff !important;}\u201d grid_id=\u201cvc_gid:1742295878463\u20139d02b401-6c01\u20111\u201d taxonomies=\u201c15497, 15484, 11800\u201d][vc_row_inner css=\u201d.vc_custom_1508164629489{margin-top: 30px !important;margin-right: 0px !important;margin-left: 0px !important;background-color: #03d0b6 !important;}\u201d][vc_column_inner][vc_column_text css=\u201d.vc_custom_1508167210959{margin-top: \u201115px !important;}\u201d]<\/p>\n<h2><span style=\"color: #ffffff;\">Newsletter bestellen<\/span><\/h2>\n<p>[\/vc_column_text][vc_column_text css=\u201d.vc_custom_1508166779270{margin-top: \u201110px !important;}\u201d]Mit dem LibMod-Newsletter erhalten Sie regelm\u00e4\u00dfig Neuigkeiten zu unseren Themen in Ihr&nbsp;Postfach.<\/p>\n<p><script>(function() {\n\twindow.mc4wp = window.mc4wp || {\n\t\tlisteners: [],\n\t\tforms: {\n\t\t\ton: function(evt, cb) {\n\t\t\t\twindow.mc4wp.listeners.push(\n\t\t\t\t\t{\n\t\t\t\t\t\tevent   : evt,\n\t\t\t\t\t\tcallback: cb\n\t\t\t\t\t}\n\t\t\t\t);\n\t\t\t}\n\t\t}\n\t}\n})();\n<\/script><!-- Mailchimp for WordPress v4.12.2 - https:\/\/wordpress.org\/plugins\/mailchimp-for-wp\/ --><\/p><form id=\"mc4wp-form-1\" class=\"mc4wp-form mc4wp-form-24179 mc4wp-form-styles-builder mc4wp-ajax\" method=\"post\" data-id=\"24179\" data-name=\"LibMod Newsletter\"><div class=\"mc4wp-form-fields\"><p>\n    <label>Anrede\u2002 \u2002\u2003<\/label>\n    <select name=\"ANREDE\" required>\n        <option value=\"Frau\" selected=\"true\">Frau<\/option>\n        <option value=\"Herr\">Herr<\/option>\n        <option value=\"X\">X<\/option>\n    <\/select>\n<\/p>\n<p>\n    <label>Insti\u00adtution\u2003<\/label>\n    <input name=\"MMERGE3\" type=\"text\">\n<\/p>\n<p>\n    <label>Nachname \u2002<\/label>\n    <input name=\"MMERGE2\" required type=\"text\">\n<\/p>\n<p>\n    <label>Vorname\u2002 \u2003<\/label>\n    <input name=\"MMERGE1\" required type=\"text\">\n<\/p>\n<p>\n    <label>Kategorie\u2002\u2003<\/label>\n    <select name=\"KATEGORIE\" required>\n        <option value=\"Newsletter\" selected=\"true\">Newsletter<\/option>\n    <\/select>\n<\/p>\n<p><input type=\"email\" name=\"EMAIL\" placeholder=\"Ihre Mail-Addresse\" required>\n<\/p><p>Mit unseren <span style=\"color: #000000;\"><a style=\"color: #000000;\" href=\"https:\/\/libmod.de\/datenschutzerklaerung\/\" target=\"_blank\" rel=\"noopener\">Daten\u00adschutzbes\u00adtim\u00admungen<\/a><\/span> <br>erkl\u00e4ren Sie sich einverstanden.<br><br>\n<input type=\"submit\" value=\"Absenden\"><br><\/p><\/div><label style=\"display: none !important;\">Leave this field empty if you\u2019re&nbsp;human:&nbsp;<input type=\"text\" name=\"_mc4wp_honeypot\" value tabindex=\"-1\" autocomplete=\"off\"><\/label><input type=\"hidden\" name=\"_mc4wp_timestamp\" value=\"1777612612\"><input type=\"hidden\" name=\"_mc4wp_form_id\" value=\"24179\"><input type=\"hidden\" name=\"_mc4wp_form_element_id\" value=\"mc4wp-form-1\"><div class=\"mc4wp-response\"><\/div><\/form><!-- \/ Mailchimp for WordPress Plugin -->[\/vc_column_text][\/vc_column_inner][\/vc_row_inner][\/vc_column][\/vc_row]\n<\/div>","protected":false},"excerpt":{"rendered":"<p>As US President Donald Trump moves to reshape transat\u00adlantic ties, experts warn that the EU must unite to counter global threats. Following Germany\u2019s elections, RFI\u2019s Jan van der Made spoke with Ralf F\u00fccks about how Europe should respond to Washington\u2019s shifting&nbsp;stance.<\/p>\n","protected":false},"author":7,"featured_media":71178,"comment_status":"closed","ping_status":"closed","sticky":false,"template":"","format":"standard","meta":{"_acf_changed":false,"wp_typography_post_enhancements_disabled":false,"mc4wp_mailchimp_campaign":[],"footnotes":""},"categories":[2810],"tags":[15497,11800,10657,15498],"class_list":["post-71179","post","type-post","status-publish","format-standard","has-post-thumbnail","category-from-the-media","tag-in-den-medien-en","tag-trump-en","tag-ukraine-en","tag-zukunft-des-westens-en"],"acf":[],"yoast_head":"<!-- This site is optimized with the Yoast SEO Premium plugin v27.4 (Yoast SEO v27.5) - https:\/\/yoast.com\/product\/yoast-seo-premium-wordpress\/ -->\n<title>Donald Trump is even going further than Chamberlain<\/title>\n<meta name=\"description\" content=\"As US President Donald Trump moves to reshape transatlantic ties, experts warn that the EU must unite to counter global threats. Following Germany\u2019s elections, RFI\u2019s Jan van der Made spoke with Ralf F\u00fccks about how Europe should respond to Washington\u2019s shifting stance.\" \/>\n<meta name=\"robots\" content=\"index, follow, max-snippet:-1, max-image-preview:large, max-video-preview:-1\" \/>\n<link rel=\"canonical\" href=\"https:\/\/libmod.de\/en\/donald-trump-is-even-going-further-than-chamberlain\/\" \/>\n<meta property=\"og:locale\" content=\"en_US\" \/>\n<meta property=\"og:type\" content=\"article\" \/>\n<meta property=\"og:title\" content=\"Donald Trump is even going further than Chamberlain\" \/>\n<meta property=\"og:description\" content=\"As US President Donald Trump moves to reshape transatlantic ties, experts warn that the EU must unite to counter global threats. Following Germany\u2019s elections, RFI\u2019s Jan van der Made spoke with Ralf F\u00fccks about how Europe should respond to Washington\u2019s shifting stance.\" \/>\n<meta property=\"og:url\" content=\"https:\/\/libmod.de\/en\/donald-trump-is-even-going-further-than-chamberlain\/\" \/>\n<meta property=\"og:site_name\" content=\"libmod.de - Zentrum Liberale Moderne\" \/>\n<meta property=\"article:publisher\" content=\"https:\/\/www.facebook.com\/LiberaleModerne\/\" \/>\n<meta property=\"article:published_time\" content=\"2025-03-18T09:29:38+00:00\" \/>\n<meta property=\"article:modified_time\" content=\"2025-03-18T11:44:14+00:00\" \/>\n<meta property=\"og:image\" content=\"https:\/\/libmodredaktion.fra1.digitaloceanspaces.com\/wp-content\/uploads\/20250318111311\/800_Ralf_RFI_web.jpg\" \/>\n\t<meta property=\"og:image:width\" content=\"1200\" \/>\n\t<meta property=\"og:image:height\" content=\"800\" \/>\n\t<meta property=\"og:image:type\" content=\"image\/jpeg\" \/>\n<meta name=\"author\" content=\"Ralf F\u00fccks\" \/>\n<meta name=\"twitter:card\" content=\"summary_large_image\" \/>\n<meta name=\"twitter:creator\" content=\"@liberalemoderne\" \/>\n<meta name=\"twitter:site\" content=\"@liberalemoderne\" \/>\n<meta name=\"twitter:label1\" content=\"Written by\" \/>\n\t<meta name=\"twitter:data1\" content=\"Ralf F\u00fccks\" \/>\n\t<meta name=\"twitter:label2\" content=\"Est. reading time\" \/>\n\t<meta name=\"twitter:data2\" content=\"9 minutes\" \/>\n<script type=\"application\/ld+json\" class=\"yoast-schema-graph\">{\"@context\":\"https:\\\/\\\/schema.org\",\"@graph\":[{\"@type\":\"Article\",\"@id\":\"https:\\\/\\\/libmod.de\\\/en\\\/donald-trump-is-even-going-further-than-chamberlain\\\/#article\",\"isPartOf\":{\"@id\":\"https:\\\/\\\/libmod.de\\\/en\\\/donald-trump-is-even-going-further-than-chamberlain\\\/\"},\"author\":{\"name\":\"Ralf F\u00fccks\",\"@id\":\"https:\\\/\\\/libmod.de\\\/#\\\/schema\\\/person\\\/1523c62558428c502f73ae2c37bd32fd\"},\"headline\":\"Donald Trump is even going further than Chamberlain\",\"datePublished\":\"2025-03-18T09:29:38+00:00\",\"dateModified\":\"2025-03-18T11:44:14+00:00\",\"mainEntityOfPage\":{\"@id\":\"https:\\\/\\\/libmod.de\\\/en\\\/donald-trump-is-even-going-further-than-chamberlain\\\/\"},\"wordCount\":1568,\"publisher\":{\"@id\":\"https:\\\/\\\/libmod.de\\\/#organization\"},\"image\":{\"@id\":\"https:\\\/\\\/libmod.de\\\/en\\\/donald-trump-is-even-going-further-than-chamberlain\\\/#primaryimage\"},\"thumbnailUrl\":\"https:\\\/\\\/libmodredaktion.fra1.digitaloceanspaces.com\\\/wp-content\\\/uploads\\\/20250318111311\\\/800_Ralf_RFI_web.jpg\",\"keywords\":[\"in den Medien\",\"Trump\",\"Ukraine\",\"Zukunft des Westens\"],\"articleSection\":[\"From the Media\u2003\"],\"inLanguage\":\"en-US\"},{\"@type\":\"WebPage\",\"@id\":\"https:\\\/\\\/libmod.de\\\/en\\\/donald-trump-is-even-going-further-than-chamberlain\\\/\",\"url\":\"https:\\\/\\\/libmod.de\\\/en\\\/donald-trump-is-even-going-further-than-chamberlain\\\/\",\"name\":\"Donald Trump is even going further than Chamberlain\",\"isPartOf\":{\"@id\":\"https:\\\/\\\/libmod.de\\\/#website\"},\"primaryImageOfPage\":{\"@id\":\"https:\\\/\\\/libmod.de\\\/en\\\/donald-trump-is-even-going-further-than-chamberlain\\\/#primaryimage\"},\"image\":{\"@id\":\"https:\\\/\\\/libmod.de\\\/en\\\/donald-trump-is-even-going-further-than-chamberlain\\\/#primaryimage\"},\"thumbnailUrl\":\"https:\\\/\\\/libmodredaktion.fra1.digitaloceanspaces.com\\\/wp-content\\\/uploads\\\/20250318111311\\\/800_Ralf_RFI_web.jpg\",\"datePublished\":\"2025-03-18T09:29:38+00:00\",\"dateModified\":\"2025-03-18T11:44:14+00:00\",\"description\":\"As US President Donald Trump moves to reshape transatlantic ties, experts warn that the EU must unite to counter global threats. Following Germany\u2019s elections, RFI\u2019s Jan van der Made spoke with Ralf F\u00fccks about how Europe should respond to Washington\u2019s shifting stance.\",\"breadcrumb\":{\"@id\":\"https:\\\/\\\/libmod.de\\\/en\\\/donald-trump-is-even-going-further-than-chamberlain\\\/#breadcrumb\"},\"inLanguage\":\"en-US\",\"potentialAction\":[{\"@type\":\"ReadAction\",\"target\":[\"https:\\\/\\\/libmod.de\\\/en\\\/donald-trump-is-even-going-further-than-chamberlain\\\/\"]}]},{\"@type\":\"ImageObject\",\"inLanguage\":\"en-US\",\"@id\":\"https:\\\/\\\/libmod.de\\\/en\\\/donald-trump-is-even-going-further-than-chamberlain\\\/#primaryimage\",\"url\":\"https:\\\/\\\/libmodredaktion.fra1.digitaloceanspaces.com\\\/wp-content\\\/uploads\\\/20250318111311\\\/800_Ralf_RFI_web.jpg\",\"contentUrl\":\"https:\\\/\\\/libmodredaktion.fra1.digitaloceanspaces.com\\\/wp-content\\\/uploads\\\/20250318111311\\\/800_Ralf_RFI_web.jpg\",\"width\":1200,\"height\":800},{\"@type\":\"BreadcrumbList\",\"@id\":\"https:\\\/\\\/libmod.de\\\/en\\\/donald-trump-is-even-going-further-than-chamberlain\\\/#breadcrumb\",\"itemListElement\":[{\"@type\":\"ListItem\",\"position\":1,\"name\":\"Startseite\",\"item\":\"https:\\\/\\\/libmod.de\\\/en\\\/\"},{\"@type\":\"ListItem\",\"position\":2,\"name\":\"Donald Trump is even going further than Chamberlain\"}]},{\"@type\":\"WebSite\",\"@id\":\"https:\\\/\\\/libmod.de\\\/#website\",\"url\":\"https:\\\/\\\/libmod.de\\\/\",\"name\":\"libmod.de - Zentrum Liberale Moderne\",\"description\":\"Think Tank f\u00fcr Politik in Berlin\",\"publisher\":{\"@id\":\"https:\\\/\\\/libmod.de\\\/#organization\"},\"potentialAction\":[{\"@type\":\"SearchAction\",\"target\":{\"@type\":\"EntryPoint\",\"urlTemplate\":\"https:\\\/\\\/libmod.de\\\/?s={search_term_string}\"},\"query-input\":{\"@type\":\"PropertyValueSpecification\",\"valueRequired\":true,\"valueName\":\"search_term_string\"}}],\"inLanguage\":\"en-US\"},{\"@type\":\"Organization\",\"@id\":\"https:\\\/\\\/libmod.de\\\/#organization\",\"name\":\"Zentrum Liberale Moderne\",\"url\":\"https:\\\/\\\/libmod.de\\\/\",\"logo\":{\"@type\":\"ImageObject\",\"inLanguage\":\"en-US\",\"@id\":\"https:\\\/\\\/libmod.de\\\/#\\\/schema\\\/logo\\\/image\\\/\",\"url\":\"https:\\\/\\\/libmodredaktion.fra1.digitaloceanspaces.com\\\/wp-content\\\/uploads\\\/20240905145818\\\/LibMod_Logo_XL.jpg\",\"contentUrl\":\"https:\\\/\\\/libmodredaktion.fra1.digitaloceanspaces.com\\\/wp-content\\\/uploads\\\/20240905145818\\\/LibMod_Logo_XL.jpg\",\"width\":1439,\"height\":615,\"caption\":\"Zentrum Liberale Moderne\"},\"image\":{\"@id\":\"https:\\\/\\\/libmod.de\\\/#\\\/schema\\\/logo\\\/image\\\/\"},\"sameAs\":[\"https:\\\/\\\/www.facebook.com\\\/LiberaleModerne\\\/\",\"https:\\\/\\\/x.com\\\/liberalemoderne\",\"https:\\\/\\\/www.youtube.com\\\/channel\\\/UC4Yl_V4pm1LwryD04ky54SA\",\"https:\\\/\\\/www.instagram.com\\\/libmod\\\/\",\"https:\\\/\\\/bsky.app\\\/profile\\\/libmod.de\"],\"description\":\"Das Zentrum Liberale Moderne ist ein politischer Think Tank und eine Debattenplattform. LibMod steht f\u00fcr die Verteidigung und Erneuerung der liberalen Demokratie, f\u00fcr den Aufbruch in die \u00f6kologische Moderne und f\u00fcr eine fundierte Osteuropa-Expertise.\"},{\"@type\":\"Person\",\"@id\":\"https:\\\/\\\/libmod.de\\\/#\\\/schema\\\/person\\\/1523c62558428c502f73ae2c37bd32fd\",\"name\":\"Ralf F\u00fccks\",\"image\":{\"@type\":\"ImageObject\",\"inLanguage\":\"en-US\",\"@id\":\"https:\\\/\\\/libmodredaktion.fra1.digitaloceanspaces.com\\\/wp-content\\\/uploads\\\/20240905145929\\\/Ralf-F%C3%BCcks_rund-150x150.png\",\"url\":\"https:\\\/\\\/libmodredaktion.fra1.digitaloceanspaces.com\\\/wp-content\\\/uploads\\\/20240905145929\\\/Ralf-F%C3%BCcks_rund-150x150.png\",\"contentUrl\":\"https:\\\/\\\/libmodredaktion.fra1.digitaloceanspaces.com\\\/wp-content\\\/uploads\\\/20240905145929\\\/Ralf-F%C3%BCcks_rund-150x150.png\",\"caption\":\"Ralf F\u00fccks\"},\"description\":\"Ralf F\u00fccks ist gesch\u00e4ftsf\u00fchrender Gesellschafter des Zentrums Liberale Moderne und wirkte zuvor 21 Jahre als Vorstand der Heinrich B\u00f6ll Stiftung, der politischen Stiftung der Gr\u00fcnen. Davor war er Co-Vorsitzender der Gr\u00fcnen (1989\\\/90) und Senator f\u00fcr Umwelt und Stadtentwicklung in Bremen. Kontakt info@libmod.de T +49 30 25095870 Publikationen Ralf F\u00fccks, Freiheit verteidigen , Wie wir den Kampf um die offene Gesellschaft gewinnen, 2017 Ralf F\u00fccks, Intelligent wachsen , Die gr\u00fcne Revolution, 2013 Zum LibMod-Team\",\"url\":\"https:\\\/\\\/libmod.de\\\/en\\\/author\\\/zlm_ralf_fuecks\\\/\"}]}<\/script>\n<!-- \/ Yoast SEO Premium plugin. -->","yoast_head_json":{"title":"Donald Trump is even going further than Chamberlain","description":"As US President Donald Trump moves to reshape transatlantic ties, experts warn that the EU must unite to counter global threats. Following Germany\u2019s elections, RFI\u2019s Jan van der Made spoke with Ralf F\u00fccks about how Europe should respond to Washington\u2019s shifting stance.","robots":{"index":"index","follow":"follow","max-snippet":"max-snippet:-1","max-image-preview":"max-image-preview:large","max-video-preview":"max-video-preview:-1"},"canonical":"https:\/\/libmod.de\/en\/donald-trump-is-even-going-further-than-chamberlain\/","og_locale":"en_US","og_type":"article","og_title":"Donald Trump is even going further than Chamberlain","og_description":"As US President Donald Trump moves to reshape transatlantic ties, experts warn that the EU must unite to counter global threats. Following Germany\u2019s elections, RFI\u2019s Jan van der Made spoke with Ralf F\u00fccks about how Europe should respond to Washington\u2019s shifting stance.","og_url":"https:\/\/libmod.de\/en\/donald-trump-is-even-going-further-than-chamberlain\/","og_site_name":"libmod.de - Zentrum Liberale Moderne","article_publisher":"https:\/\/www.facebook.com\/LiberaleModerne\/","article_published_time":"2025-03-18T09:29:38+00:00","article_modified_time":"2025-03-18T11:44:14+00:00","og_image":[{"width":1200,"height":800,"url":"https:\/\/libmodredaktion.fra1.digitaloceanspaces.com\/wp-content\/uploads\/20250318111311\/800_Ralf_RFI_web.jpg","type":"image\/jpeg"}],"author":"Ralf F\u00fccks","twitter_card":"summary_large_image","twitter_creator":"@liberalemoderne","twitter_site":"@liberalemoderne","twitter_misc":{"Written by":"Ralf F\u00fccks","Est. reading time":"9 minutes"},"schema":{"@context":"https:\/\/schema.org","@graph":[{"@type":"Article","@id":"https:\/\/libmod.de\/en\/donald-trump-is-even-going-further-than-chamberlain\/#article","isPartOf":{"@id":"https:\/\/libmod.de\/en\/donald-trump-is-even-going-further-than-chamberlain\/"},"author":{"name":"Ralf F\u00fccks","@id":"https:\/\/libmod.de\/#\/schema\/person\/1523c62558428c502f73ae2c37bd32fd"},"headline":"Donald Trump is even going further than Chamberlain","datePublished":"2025-03-18T09:29:38+00:00","dateModified":"2025-03-18T11:44:14+00:00","mainEntityOfPage":{"@id":"https:\/\/libmod.de\/en\/donald-trump-is-even-going-further-than-chamberlain\/"},"wordCount":1568,"publisher":{"@id":"https:\/\/libmod.de\/#organization"},"image":{"@id":"https:\/\/libmod.de\/en\/donald-trump-is-even-going-further-than-chamberlain\/#primaryimage"},"thumbnailUrl":"https:\/\/libmodredaktion.fra1.digitaloceanspaces.com\/wp-content\/uploads\/20250318111311\/800_Ralf_RFI_web.jpg","keywords":["in den Medien","Trump","Ukraine","Zukunft des Westens"],"articleSection":["From the Media\u2003"],"inLanguage":"en-US"},{"@type":"WebPage","@id":"https:\/\/libmod.de\/en\/donald-trump-is-even-going-further-than-chamberlain\/","url":"https:\/\/libmod.de\/en\/donald-trump-is-even-going-further-than-chamberlain\/","name":"Donald Trump is even going further than Chamberlain","isPartOf":{"@id":"https:\/\/libmod.de\/#website"},"primaryImageOfPage":{"@id":"https:\/\/libmod.de\/en\/donald-trump-is-even-going-further-than-chamberlain\/#primaryimage"},"image":{"@id":"https:\/\/libmod.de\/en\/donald-trump-is-even-going-further-than-chamberlain\/#primaryimage"},"thumbnailUrl":"https:\/\/libmodredaktion.fra1.digitaloceanspaces.com\/wp-content\/uploads\/20250318111311\/800_Ralf_RFI_web.jpg","datePublished":"2025-03-18T09:29:38+00:00","dateModified":"2025-03-18T11:44:14+00:00","description":"As US President Donald Trump moves to reshape transatlantic ties, experts warn that the EU must unite to counter global threats. Following Germany\u2019s elections, RFI\u2019s Jan van der Made spoke with Ralf F\u00fccks about how Europe should respond to Washington\u2019s shifting stance.","breadcrumb":{"@id":"https:\/\/libmod.de\/en\/donald-trump-is-even-going-further-than-chamberlain\/#breadcrumb"},"inLanguage":"en-US","potentialAction":[{"@type":"ReadAction","target":["https:\/\/libmod.de\/en\/donald-trump-is-even-going-further-than-chamberlain\/"]}]},{"@type":"ImageObject","inLanguage":"en-US","@id":"https:\/\/libmod.de\/en\/donald-trump-is-even-going-further-than-chamberlain\/#primaryimage","url":"https:\/\/libmodredaktion.fra1.digitaloceanspaces.com\/wp-content\/uploads\/20250318111311\/800_Ralf_RFI_web.jpg","contentUrl":"https:\/\/libmodredaktion.fra1.digitaloceanspaces.com\/wp-content\/uploads\/20250318111311\/800_Ralf_RFI_web.jpg","width":1200,"height":800},{"@type":"BreadcrumbList","@id":"https:\/\/libmod.de\/en\/donald-trump-is-even-going-further-than-chamberlain\/#breadcrumb","itemListElement":[{"@type":"ListItem","position":1,"name":"Startseite","item":"https:\/\/libmod.de\/en\/"},{"@type":"ListItem","position":2,"name":"Donald Trump is even going further than Chamberlain"}]},{"@type":"WebSite","@id":"https:\/\/libmod.de\/#website","url":"https:\/\/libmod.de\/","name":"libmod.de - Zentrum Liberale Moderne","description":"Think Tank f\u00fcr Politik in Berlin","publisher":{"@id":"https:\/\/libmod.de\/#organization"},"potentialAction":[{"@type":"SearchAction","target":{"@type":"EntryPoint","urlTemplate":"https:\/\/libmod.de\/?s={search_term_string}"},"query-input":{"@type":"PropertyValueSpecification","valueRequired":true,"valueName":"search_term_string"}}],"inLanguage":"en-US"},{"@type":"Organization","@id":"https:\/\/libmod.de\/#organization","name":"Zentrum Liberale Moderne","url":"https:\/\/libmod.de\/","logo":{"@type":"ImageObject","inLanguage":"en-US","@id":"https:\/\/libmod.de\/#\/schema\/logo\/image\/","url":"https:\/\/libmodredaktion.fra1.digitaloceanspaces.com\/wp-content\/uploads\/20240905145818\/LibMod_Logo_XL.jpg","contentUrl":"https:\/\/libmodredaktion.fra1.digitaloceanspaces.com\/wp-content\/uploads\/20240905145818\/LibMod_Logo_XL.jpg","width":1439,"height":615,"caption":"Zentrum Liberale Moderne"},"image":{"@id":"https:\/\/libmod.de\/#\/schema\/logo\/image\/"},"sameAs":["https:\/\/www.facebook.com\/LiberaleModerne\/","https:\/\/x.com\/liberalemoderne","https:\/\/www.youtube.com\/channel\/UC4Yl_V4pm1LwryD04ky54SA","https:\/\/www.instagram.com\/libmod\/","https:\/\/bsky.app\/profile\/libmod.de"],"description":"Das Zentrum Liberale Moderne ist ein politischer Think Tank und eine Debattenplattform. LibMod steht f\u00fcr die Verteidigung und Erneuerung der liberalen Demokratie, f\u00fcr den Aufbruch in die \u00f6kologische Moderne und f\u00fcr eine fundierte Osteuropa-Expertise."},{"@type":"Person","@id":"https:\/\/libmod.de\/#\/schema\/person\/1523c62558428c502f73ae2c37bd32fd","name":"Ralf F\u00fccks","image":{"@type":"ImageObject","inLanguage":"en-US","@id":"https:\/\/libmodredaktion.fra1.digitaloceanspaces.com\/wp-content\/uploads\/20240905145929\/Ralf-F%C3%BCcks_rund-150x150.png","url":"https:\/\/libmodredaktion.fra1.digitaloceanspaces.com\/wp-content\/uploads\/20240905145929\/Ralf-F%C3%BCcks_rund-150x150.png","contentUrl":"https:\/\/libmodredaktion.fra1.digitaloceanspaces.com\/wp-content\/uploads\/20240905145929\/Ralf-F%C3%BCcks_rund-150x150.png","caption":"Ralf F\u00fccks"},"description":"Ralf F\u00fccks ist gesch\u00e4ftsf\u00fchrender Gesellschafter des Zentrums Liberale Moderne und wirkte zuvor 21 Jahre als Vorstand der Heinrich B\u00f6ll Stiftung, der politischen Stiftung der Gr\u00fcnen. Davor war er Co-Vorsitzender der Gr\u00fcnen (1989\/90) und Senator f\u00fcr Umwelt und Stadtentwicklung in Bremen. Kontakt info@libmod.de T +49 30 25095870 Publikationen Ralf F\u00fccks, Freiheit verteidigen , Wie wir den Kampf um die offene Gesellschaft gewinnen, 2017 Ralf F\u00fccks, Intelligent wachsen , Die gr\u00fcne Revolution, 2013 Zum LibMod-Team","url":"https:\/\/libmod.de\/en\/author\/zlm_ralf_fuecks\/"}]}},"menu_order":637,"_links":{"self":[{"href":"https:\/\/libmod.de\/en\/wp-json\/wp\/v2\/posts\/71179","targetHints":{"allow":["GET"]}}],"collection":[{"href":"https:\/\/libmod.de\/en\/wp-json\/wp\/v2\/posts"}],"about":[{"href":"https:\/\/libmod.de\/en\/wp-json\/wp\/v2\/types\/post"}],"author":[{"embeddable":true,"href":"https:\/\/libmod.de\/en\/wp-json\/wp\/v2\/users\/7"}],"replies":[{"embeddable":true,"href":"https:\/\/libmod.de\/en\/wp-json\/wp\/v2\/comments?post=71179"}],"version-history":[{"count":8,"href":"https:\/\/libmod.de\/en\/wp-json\/wp\/v2\/posts\/71179\/revisions"}],"predecessor-version":[{"id":71213,"href":"https:\/\/libmod.de\/en\/wp-json\/wp\/v2\/posts\/71179\/revisions\/71213"}],"wp:featuredmedia":[{"embeddable":true,"href":"https:\/\/libmod.de\/en\/wp-json\/wp\/v2\/media\/71178"}],"wp:attachment":[{"href":"https:\/\/libmod.de\/en\/wp-json\/wp\/v2\/media?parent=71179"}],"wp:term":[{"taxonomy":"category","embeddable":true,"href":"https:\/\/libmod.de\/en\/wp-json\/wp\/v2\/categories?post=71179"},{"taxonomy":"post_tag","embeddable":true,"href":"https:\/\/libmod.de\/en\/wp-json\/wp\/v2\/tags?post=71179"}],"curies":[{"name":"wp","href":"https:\/\/api.w.org\/{rel}","templated":true}]}}