{"id":73133,"date":"2025-06-20T10:22:24","date_gmt":"2025-06-20T08:22:24","guid":{"rendered":"https:\/\/libmod.de\/?p=73133"},"modified":"2025-06-25T16:45:51","modified_gmt":"2025-06-25T14:45:51","slug":"debate-on-freedom-of-speech-europe-really-is-jailing-people-for-online-speech","status":"publish","type":"post","link":"https:\/\/libmod.de\/en\/debate-on-freedom-of-speech-europe-really-is-jailing-people-for-online-speech\/","title":{"rendered":"Debate on Freedom of Speech: <br>Europe Really Is Jailing People for Online&nbsp;Speech"},"content":{"rendered":"<div class=\"wpb-content-wrapper\"><p>[vc_row][vc_column][vc_column_text css=\u201c\u201d]<img class=\"alignnone wp-image-73198 size-full\" src=\"https:\/\/libmodredaktion.fra1.digitaloceanspaces.com\/wp-content\/uploads\/20250623145231\/500_Vance.jpg\" alt width=\"1200\" height=\"500\" srcset=\"https:\/\/libmodredaktion.fra1.digitaloceanspaces.com\/wp-content\/uploads\/20250623145231\/500_Vance.jpg 1200w, https:\/\/libmodredaktion.fra1.digitaloceanspaces.com\/wp-content\/uploads\/20250623145231\/500_Vance-770x321.jpg 770w, https:\/\/libmodredaktion.fra1.digitaloceanspaces.com\/wp-content\/uploads\/20250623145231\/500_Vance-768x320.jpg 768w\" sizes=\"(max-width: 1200px) 100vw, 1200px\">[\/vc_column_text][\/vc_column][\/vc_row][vc_row css=\u201d.vc_custom_1508251598805{margin-top: 30px !important;}\u201d][vc_column width=\u201c2\/3\u201d css=\u201d.vc_custom_1508252250311{padding-right: 20px !important;}\u201d][vc_column_text css=\u201c\u201d]<\/p>\n<h3>From Germany to the UK, citizens are now routinely targeted for their online state\u00adments, writes German-American political scientist Yascha Mounk in his analysis and concludes that freedom of expression in Europe is under&nbsp;threat.<\/h3>\n<p>[\/vc_column_text][vc_column_text css=\u201c\u201d]Imagine this scenario: The interior minister of a&nbsp;country that considers itself a&nbsp;democracy reports scores of citizens to the police for making critical state\u00adments about her while she is in office. Many of them are given hefty monetary fines or even prison&nbsp;sentences.<\/p>\n<h2>Convicted for a&nbsp;satirical meme<\/h2>\n<p>In protest, a&nbsp;journalist publishes a&nbsp;satirical meme. It features a&nbsp;real photo\u00adgraph of the interior minister holding a&nbsp;sign that is digitally altered so that, apocryphally, it reads: \u201cI hate freedom of speech.\u201d As if to prove the point, the interior minister reports the journalist to the police. He is duly prose\u00adcuted and, after a&nbsp;brief trial, given a&nbsp;seven-month suspended prison&nbsp;sentence.<\/p>\n<p>Would you say that this nation has a&nbsp;problem with free speech? If you do, then you should be very concerned about what has happened in Europe over the last few years. For, as you may have suspected, this scenario is not fictional; rather, it depicts the true facts of a&nbsp;recent German court case\u2014one that is far less of an outlier than most otherwise well-informed observers&nbsp;recognize.<\/p>\n<p>The politician in&nbsp;question is Nancy Faeser. Over her three-plus years in office, the Social Democrat has reported multiple citizens to the police for criti\u00adcisms they made of her on social media. She is hardly alone in having done so; other members of Olaf Scholz\u2019s outgoing government have been even more aggressive in targeting its critics. This image, doctored to substitute the original slogan \u201cwe remember\u201d with the apocryphal statement \u201cI hate freedom of speech,\u201d and shared by a&nbsp;journalist for a&nbsp;far-right publi\u00adcation, resulted in a&nbsp;7\u2011month suspended prison sentence for him. Robert Habeck, a&nbsp;leader of the Green Party, has initiated over 800 criminal complaints since taking up his position as vice chancellor in 2021. One of them was directed against a&nbsp;pensioner who had tweeted a&nbsp;parody of a&nbsp;ubiquitous ad for a&nbsp;German shampoo brand by the name of \u201cSchwarzkopf Profes\u00adsional\u201d which featured Habeck\u2019s face\u2014and luscious hair\u2014under the slogan \u201cSchwachkopf Profes\u00adsional\u201d (roughly: profes\u00adsional idiot). The police duly raided the pensioner\u2019s home at 6am, confis\u00adcated his iPad, and started criminal proceedings against&nbsp;him.<\/p>\n<h2>Germany\u2019s restric\u00adtions shock\u00adingly strict for US&nbsp;citizens<\/h2>\n<p>It may seem as though this is nothing new. By American standards, Germany\u2019s limits on free speech have long been shock\u00adingly restrictive. As a&nbsp;family friend experi\u00adenced some two decades ago, even a&nbsp;compar\u00ada\u00adtively innocuous inter\u00adper\u00adsonal alter\u00adcation can lead to a&nbsp;lengthy court trial. One day, this piano teacher at the local music university, a&nbsp;mild-mannered lady who was then already well into her sixties, was cycling to work. When a&nbsp;car cut her off in a&nbsp;way she considered dangerous, she flipped the driver off. A&nbsp;few hours later, the driver was standing at the gate of her university demanding that she identify herself. In the end, a&nbsp;court found her guilty of the crime of \u201cinsult,\u201d and required her to pay the equiv\u00adalent of thousands of dollars in&nbsp;fines.<\/p>\n<p>Things have gotten worse since. Over the past decade, a&nbsp;raft of new laws has further extended restric\u00adtions on free speech. First, a&nbsp;law named\u2014as though to confirm all stereo\u00adtypes about the German language being overly cumbersome and bureaucratic\u2014the&nbsp;<em>Netzw\u00aderk\u00addurch\u00adset\u00adzungs\u00adgesetz&nbsp;<\/em>(Network Enforcement Act) required major social media platforms to act swiftly to delete presump\u00adtively illegal content ranging from hate speech to personal insults. The law imposed such steep fines on social media networks like Twitter and Facebook that they needed to err on the side of censoring any poten\u00adtially contro\u00adversial content in order to keep operating in the country. When Vladimir Putin sought to strengthen his ability to margin\u00adalize the political opposition in Russia, he cleverly trans\u00adlated key passages of the German law into Russian, deflecting criti\u00adcisms of his crackdown on free speech by pointing out that he was merely emulating Western democracies.<\/p>\n<h2>Defensive Democracy?<\/h2>\n<p>Then, Germany\u2019s outgoing center-left government created a&nbsp;new provision which gives special protection to politi\u00adcians. According to Paragraph 188 of the German Criminal Code, anybody who makes a&nbsp;critical remark about a&nbsp;political figure that they cannot substan\u00adtiate is subject to enhanced penalties, making them subject to a&nbsp;prison term of up to three years. It is this law that major German politi\u00adcians now routinely invoke to ask the police to prosecute citizens, from good-faith critics to run-of-the-mill social media trolls\u2014like the man who posted that innocuous parody of a&nbsp;shampoo ad featuring&nbsp;Habeck.<\/p>\n<p>Germany\u2019s past has given it an especially ambivalent relationship towards free speech. In the wake of the horrors of World War II, the country reinvented itself as a<em>&nbsp;<\/em>\u201cmilitant democracy,\u201d one that puts special emphasis on using the law to combat extremist forces. As a&nbsp;result, it was one of the first European democ\u00adracies to explicitly outlaw a&nbsp;range of radical senti\u00adments, from hate speech to denial of the Holocaust. But today, Germany is no longer an outlier within Europe; on the contrary, even countries that have long prided themselves on their liberal tradi\u00adtions have now followed the country\u2019s lead, making it aston\u00adish\u00adingly easy for the police to arrest citizens who shock or&nbsp;offend.<\/p>\n<h2>Liberal Tradi\u00adtions in Great&nbsp;Britain<\/h2>\n<p>At the end of&nbsp;January, six police officers walked up to the front door of Maxie Allen and Rosalind Levine, in Hertford\u00adshire, in the United Kingdom. After briefly speaking to the middle-aged couple in front of their young daughter, they took them into police custody, where they would go on to be incar\u00adcerated for eight hours under suspicion of having sent \u201cmalicious commu\u00adni\u00adca\u00adtions.\u201d The reasons why Allen and Levine were arrested are aston\u00adishing. Unhappy about their daughter\u2019s primary school, they had&nbsp;<a href=\"https:\/\/x.com\/GMB\/status\/1906594242685734919\">raised questions<\/a>&nbsp;about the process of choosing a&nbsp;new headmaster in a&nbsp;parents\u2019 WhatsApp group. When the school\u2019s leadership got wind of the criti\u00adcisms, it referred Allen and Levine to the local police\u2014who promptly sent over half a&nbsp;dozen officers to arrest&nbsp;them.<\/p>\n<p>In the absence of a&nbsp;codified consti\u00adtution, Britain does not have an equiv\u00adalent of America\u2019s First Amendment. But protec\u00adtions for free speech have long played an important role in common law, and Britain has always prided itself on its reputation for free thinking. When I&nbsp;myself first visited London as a&nbsp;teenager, I&nbsp;made a&nbsp;pilgrimage to Speaker\u2019s Corner in Hyde Park, and listened in fasci\u00adnation as a&nbsp;parade of cranks, preachers, and extremists made their case to bemused&nbsp;onlookers.<\/p>\n<h2>The British Commu\u00adni\u00adca\u00adtions&nbsp;Act<\/h2>\n<p>But the times in which Britons could confi\u00addently say whatever they wanted without fear of landing in jail are now long gone. It began, as in many European countries, with hate speech legis\u00adlation. In 1986, the country intro\u00adduced a&nbsp;prohi\u00adbition on \u201cpublishing threat\u00adening or abusive material intending to stir up racial hatred,\u201d which imposed very harsh prison sentences but at least contained a&nbsp;compar\u00ada\u00adtively clear defin\u00adition of what was being banned. This changed in 2003, with the adoption of the Commu\u00adni\u00adca\u00adtions Act. According to Section 127, anybody sending a&nbsp;message over a&nbsp;public commu\u00adni\u00adca\u00adtions network can now be imprisoned for up to six months if it is found to be \u201cgrossly offensive;\u201d if it is \u201cindecent, obscene, or menacing;\u201d or if it is \u201cfalse, and sent to cause annoyance or&nbsp;distress.\u201d<\/p>\n<h2>Around 33 arrests per day for crimes of&nbsp;expression<\/h2>\n<p>As this broad language suggests, these crimes are extremely poorly defined. What counts as \u201cindecent\u201d or \u201cgrossly offensive\u201d is very much in the eye of the beholder. To make things worse, British citizens can be prose\u00adcuted for such speech in magistrate\u2019s courts, which typically deal with minor matters like public order offenses or drunk and disor\u00adderly conduct; in practice, the question of what is illegal is therefore settled by poorly trained police officers and lay judges without any formal legal education. It is now possible\u2014and indeed quite common\u2014for Britons to be jailed for up to six months for tweeting a&nbsp;stupid joke without ever coming into contact with a&nbsp;judge who has a&nbsp;law degree or being able to exercise the right to a&nbsp;trial by jury. (When defen\u00addants are threatened with even longer prison sentences under the 1986 law, they do at least retain some of those basic proce\u00addural&nbsp;rights.)<\/p>\n<p>As a&nbsp;result of these broad prohi\u00adbi\u00adtions and the ease of enforcing them, Britain has quickly become one of the continent\u2019s leaders in prosecuting\u2014and even jailing\u2014people for speech. As the&nbsp;<em>Times&nbsp;<\/em>of London recently reported, \u201cofficers from 37 police forces made 12,183 arrests [under section 127] in 2023.\u201d This means that, on average, over 33 arrests are made every day for what people in the United Kingdom have said on the internet.<a href=\"https:\/\/yaschamounk.substack.com\/p\/europe-really-does-have-a-free-speech?r=7eftl&amp;utm_campaign=post&amp;utm_medium=email&amp;triedRedirect=true#footnote-1-161693536\"><sup>1<\/sup><\/a><\/p>\n<p>Many of these people have, like Allen and Levine, done nothing wrong. In one partic\u00adu\u00adlarly egregious case, a&nbsp;21-year-old woman was crimi\u00adnally prose\u00adcuted for referring to a&nbsp;soccer player by the n\u2011word on social media\u2014even though she herself is black. In another case, a&nbsp;Scottish grand\u00admother fell afoul of draconian laws estab\u00adlishing effective no-speech zones around abortion clinics. 74-year old Rose Docherty silently held up a&nbsp;sign reading \u201ccoercion is a&nbsp;crime, here to talk, only if you want\u201d; four police officers promptly arrested her. In yet another case, an autistic 16-year-old girl was manhandled and arrested by police in West Yorkshire on the suspicion of a&nbsp;homophobic hate crime for saying that an officer resembled her \u201clesbian nana.\u201d (The girl\u2019s beloved grand\u00admother is&nbsp;lesbian.)<\/p>\n<p>In other cases, people who have acted in ways that are indubitably morally noxious have faced penalties that are shock\u00adingly dispro\u00adpor\u00adtionate to the offense. In the highly emotional hours after Axel Rudakubana killed three young girls at a&nbsp;Taylor Swift dance party in Southport in July 2024, for example, Lucy Connolly, the wife of a&nbsp;local councillor for the Conser\u00adv\u00adative Party, posted a&nbsp;tweet that is clearly racist: \u201cMass depor\u00adtation now, set fire to all the fucking hotels full of the bastards for all I&nbsp;care\u2026 If that makes me racist, so be&nbsp;it.\u201d<\/p>\n<p>Under America\u2019s First Amendment standard, this tweet would likely count as protected speech. But under the more draconian and less clearly defined British standards, a&nbsp;tweet like this can quickly turn into a&nbsp;lengthy prison sentence. Connolly was sentenced to 31 months in&nbsp;prison.<\/p>\n<h2>False claims, lies, hate&nbsp;speech<\/h2>\n<p>European limits&nbsp;on free speech are likely to become even more far-reaching in the near future. In the agreement setting out the policies of the incoming government, the coalition which is set to govern Germany for the next four years writes that \u201cthe knowing dissem\u00adi\u00adnation of false claims is not covered by free speech,\u201d an incredibly broad standard that could poten\u00adtially crimi\u00adnalize anything from run-of-the-mill lies to contro\u00adversial state\u00adments the government arbitrarily deems to be \u201cmisin\u00adfor\u00admation.\u201d In Poland, a&nbsp;law recently passed by the national parliament would signif\u00adi\u00adcantly broaden the range of people protected against \u201chate speech\u201d to include such categories as age or disability. Increas\u00adingly, the European Union itself is even mandating that member states censor their&nbsp;citizens.<\/p>\n<p>Germany\u2019s&nbsp;<em>Netzw\u00aderk\u00addurch\u00adset\u00adzungs\u00adgesetz<\/em>&nbsp;served as the model for a&nbsp;similar law at the European level; to operate anywhere in the European Union, social networks must now rapidly delete posts that could poten\u00adtially violate one of the 27 sets of rules about hate speech enacted by members of the bloc. Meanwhile, the European Commission has recently proposed including \u201chate speech\u201d in a&nbsp;small list of \u201cEU crimes\u201d; while the EU does not itself prosecute viola\u00adtions of such rules, it requires each of its member states to make provi\u00adsions for doing&nbsp;so.<\/p>\n<h2>A moral as well as a&nbsp;practical mistake<\/h2>\n<p>Europe\u2019s embrace of stringent and ill-defined limits on free expression is both a&nbsp;moral and a&nbsp;practical mistake. Some disagreement about where to draw the line between speech that is merely morally noxious and speech that is criminal may\u2014even in debates premised on the validity of the First Amendment\u2014be inevitable. And while I&nbsp;personally believe in the universal value of America\u2019s First Amendment, it is reasonable for other countries with different political tradi\u00adtions to adopt a&nbsp;somewhat more expansive notion of what consti\u00adtutes incitement to violence or when false state\u00adments cross the line into outright slander. But in practice, European restric\u00adtions on free speech have long since gone far beyond the realm of reasonable disagreement: they are now so extensive that all of the classic arguments about the dangers of state censorship fully apply to&nbsp;them.<\/p>\n<h2>The role of the&nbsp;censor<\/h2>\n<p>Philoso\u00adphers have&nbsp;tradi\u00adtionally made the case for free speech by empha\u00adsizing the positive things that this practice facil\u00adi\u00adtates. As John Stuart Mill beauti\u00adfully put it, restric\u00adtions on free speech always presume the infal\u00adli\u00adbility of the censor; and yet, the fate of some of humanity\u2019s most distin\u00adguished thinkers, from Socrates to Galileo Galilei, attests to the fact that what seems ineluctably true today may turn out to be evidently false tomorrow. There is, as Mill noted, even a&nbsp;danger in censoring speech that really does turn out to be wrong; if we are incapable of defending democ\u00adratic insti\u00adtu\u00adtions against their harshest critics, we will hold onto them as dead dogmas rather than living truths\u2014and that will, the moment such prohi\u00adbi\u00adtions are lifted, make the work of their adver\u00adsaries all the&nbsp;easier.<\/p>\n<p>Both of these insights have proven to be highly pertinent to our own era. It\u2019s tempting to believe that we are smarter and more tolerant than the censors who perse\u00adcuted Socrates and Galileo. But over the course of my own lifetime, gays and lesbians were routinely fired from their jobs for publicly acknowl\u00adedging their sexual orien\u00adtation, and major social media platforms including Facebook and YouTube banned posts suggesting that COVID may have origi\u00adnated in a&nbsp;laboratory. Similarly, Mill\u2019s point about \u201cliving truths\u201d seemed a&nbsp;little abstract to me when I&nbsp;first read it as an under\u00adgraduate. But the ease with which people from across the political spectrum who have long paid lip service to liberal democracy have been willing to abandon its basic values in recent years shows just how prescient his worry about the weakness of \u201cdead dogmas\u201d has turned out to&nbsp;be.<\/p>\n<h2>Freedom of expression in times of disin\u00adfor\u00admation and threats to&nbsp;democracy<\/h2>\n<p>Even so, I&nbsp;under\u00adstand why the positive aspects of free speech can seem like a&nbsp;remote concern at a&nbsp;time when democracy is under serious threat in many countries. Doesn\u2019t the threat of \u201cmisin\u00adfor\u00admation\u201d outweigh the benefits of free speech? And isn\u2019t it more important to preserve democracy than to care about the niceties of free speech? That\u2019s why (as I&nbsp;argued in my latest book,&nbsp;<em>The Identity Trap<\/em>) the strongest arguments for free speech don\u2019t focus on the good things that happen when we uphold the practice; they focus on the terrible things that happen when we don\u2019t.<\/p>\n<p>Sadly, the ways in which restric\u00adtions on free speech in Europe have weakened, rather than strengthened, democracy perfectly illus\u00adtrate this point. The supposed goal of hate speech laws is to protect the vulnerable from offense or victim\u00adization. But virtually by defin\u00adition, those who get to make decisions about what kind of speech is permitted, and what kind of speech is&nbsp;<em>verboten<\/em>, enjoy a&nbsp;lot of power\u2014whether they be judges and politi\u00adcians or whether they be senior execu\u00adtives in tech companies. And so it is hardly surprising that many of the people who have been prose\u00adcuted for speaking their mind, from a&nbsp;young black student in Britain to an old pensioner in small-town Germany, seem relatively&nbsp;powerless.<\/p>\n<h2>Freedom of speech and holding&nbsp;power<\/h2>\n<p>Another negative effect of limits on free speech is that they greatly increase the stakes of holding power. A&nbsp;key promise of democracy is that you can make a&nbsp;case for your views even if you lose an election, incen\u00adtivizing you to accept the rules of the game in the hope of winning the next time around. But if those who are in power can crimi\u00adnalize the speech of those who are out of power, the willingness to accept the rules of the game is likely to decrease signif\u00adi\u00adcantly. This is why restric\u00adtions on speech that have the putative purpose of supporting political moder\u00adation often end up fanning the flames of extremism\u2014and the seemingly ineluctable rise in restric\u00adtions on free speech has coincided with the seemingly ineluctable rise of the far&nbsp;right.<\/p>\n<p>The argument&nbsp;for strong restric\u00adtions on free speech implicitly rests on the idea that these have histor\u00adi\u00adcally proven necessary to preserve our democ\u00adratic insti\u00adtu\u00adtions, making them all the more justified at a&nbsp;time when author\u00adi\u00adtar\u00adi\u00adanism is on the rise. But this argument is historical nonsense twice&nbsp;over.<\/p>\n<h2>Restricting freedom of speech to protect&nbsp;democracy?<\/h2>\n<p>This argument wrongly presumes that past failures of democracy can be chalked up to an excess of free speech when the opposite comes closer to being true. The Weimar Republic, which is often adduced as Exhibit A&nbsp;by people who believe that a \u201cmilitant democracy\u201d must censor extremists, for example, had far-reaching restric\u00adtions on free speech. Indeed, this gave judges signif\u00adicant leeway to favor their friends and prosecute their enemies, contributing to a&nbsp;deep distrust in the neutrality of democ\u00adratic insti\u00adtu\u00adtions which accel\u00aderated polar\u00adization and rewarded&nbsp;extremism.<\/p>\n<p>It has become fashionable to invoke Karl Popper\u2019s \u201cparadox of tolerance\u201d to justify restric\u00adtions on free speech. That\u2019s just plain wrong.&nbsp;This argument also wrongly presumes that restric\u00adtions on free speech are now serving to stabilize democracy when the evidence, once again, seems to point in the opposite direction. Over the past decades, European countries have become much more restrictive in what they allow their citizens to say, and in how easily they reserve the right to jail those who fail to listen. Over those same decades, hateful views have become much more prominent in public discourse, and extremists have become much more&nbsp;popular.<\/p>\n<h2>Censorship under\u00admines trust in democ\u00adratic institutions<\/h2>\n<p>Corre\u00adlation need not mean causation. But there is good reason to believe that the two phenomena are related. Censorship doesn\u2019t change what people think. On the contrary, it serves to drive genuine concerns to the margins of public discourse, making it harder for moderate political forces to address them; to undermine trust in the fairness of democ\u00adratic insti\u00adtu\u00adtions; and to turn those who are censored into&nbsp;martyrs.<\/p>\n<p>Few things I&nbsp;do nowadays so reliably earn me stern rebukes from my readers\u2014and sometimes even emails so angry that they might be subject to prose\u00adcution for \u201cmalicious commu\u00adni\u00adca\u00adtions\u201d in some European country or another\u2014than my occasional insis\u00adtence that Europe has a&nbsp;serious free speech problem on its hands. Instead of responding to each of these comments or emails individ\u00adually, I&nbsp;decided to sit down and system\u00adat\u00adi\u00adcally set out my case. Sadly, the shocking examples I&nbsp;encoun\u00adtered in the process of researching that case have made me even more convinced of the severity of the problem. Without a&nbsp;serious public debate about the matter, European countries have slowly drifted into a&nbsp;state of affairs in which the state can, with aston\u00adishing ease, jail people for what they&nbsp;say.<\/p>\n<h2>Hypocritical critics but real&nbsp;problems<\/h2>\n<p>Yes, some extremists invoke the cause of free speech for their own sinister agenda. And yes, J. D. Vance\u2019s stark criti\u00adcisms of European restric\u00adtions on free speech&nbsp;reeked of hypocrisy&nbsp;in light of the Trump administration\u2019s own attempts to chill the speech of its critics. But the fact that some of the people who point to a&nbsp;problem aren\u2019t trust\u00adworthy doesn\u2019t mirac\u00adu\u00adlously mean that the problem isn\u2019t real\u2014and anybody who insists on blindly taking the opposite stance of people like Vance on any issue in the world effec\u00adtively outsources to him the decision of what they themselves&nbsp;believe.<\/p>\n<h2>Restoring freedom of expression and fostering lively&nbsp;debate<\/h2>\n<p>Europe\u2019s far-reaching restric\u00adtions on free speech have already resulted in many serious miscar\u00adriages of justice. They now have a&nbsp;signif\u00adicant \u201cchilling effect\u201d on the ability to engage in robust political speech, which must include the freedom to express unpopular opinions and to satirize\u2014whether in good taste or bad\u2014the most powerful people in society. Far from helping European countries contain the extremists now knocking on the doors of power, that chilling of speech has likely turned them into martyrs and grown their public&nbsp;support.<\/p>\n<p>Europe has a&nbsp;serious free speech problem. Instead of taking ever more measures to punish their citizens for what they say, it\u2019s time for countries from Germany to Britain to abolish the deeply illiberal legis\u00adlation they have, with little attention from the press or the public, intro\u00adduced over the course of the last decades. To live up to the most basic values of the democ\u00adracies that are now under threat, the continent needs to reverse course\u2014and restore true freedom of&nbsp;speech.<\/p>\n<p><em>The text was first published <a href=\"https:\/\/yaschamounk.substack.com\/p\/europe-really-does-have-a-free-speech?r=7eftl&amp;utm_campaign=post&amp;utm_medium=email&amp;triedRedirect=true\">on the author\u2019s website in&nbsp;April.<\/a><\/em><\/p>\n<p><img class=\"alignnone wp-image-23921 size-full\" src=\"http:\/\/libmodredaktion.fra1.digitaloceanspaces.com\/wp-content\/uploads\/20240905145906\/textende.png\" alt=\"Textende\" width=\"40\" height=\"120\">[\/vc_column_text][vc_column_text css=\u201c\u201d][\/vc_column_text][vc_separator][vc_column_text]Hat Ihnen unser Beitrag gefallen? Dann spenden Sie doch einfach und bequem \u00fcber unser Spendentool. Sie unter\u00adst\u00fctzen damit die publizis\u00adtische Arbeit von&nbsp;LibMod.<\/p>\n<h2>Spenden mit&nbsp;Bankeinzug<\/h2>\n<p>[\/vc_column_text][vc_column_text]<script type=\"text\/javascript\">\n\t(function() {\n\t\tvar u=\"https:\/\/spenden.twingle.de\/embed\/genericorganisation\/genericproject\/tw5aeafe12eb6cb\/widget\";\n\t\tvar id = '_' + Math.random().toString(36).substr(2, 9);\n\t\tvar d=document, g=d.createElement('script'), s=d.getElementsByTagName('script')[0];\n\t\tdocument.write('<div id=\"twingle-public-embed-' + id + '\"><\/div>');\n\t\tg.type='text\/javascript'; g.async=true; g.defer=true; g.src=u+'\/'+id; s.parentNode.insertBefore(g,s);\n\t})();\n<\/script>[\/vc_column_text][vc_column_text]<\/p>\n<h2>Spenden mit&nbsp;PayPal<\/h2>\n<hr>\n<p>Wir sind als gemein\u00adn\u00fctzig anerkannt, entsprechend sind Spenden steuerlich absetzbar. F\u00fcr eine Spendenbescheinigung (n\u00f6tig bei einem Betrag \u00fcber 200 EUR), senden Sie Ihre Adress\u00addaten bitte an <a href=\"mailto:finanzen@libmod.de\">finanzen@libmod.de<\/a>[\/vc_column_text][\/vc_column][vc_column width=\u201c1\/3\u201d el_class=\u201cdimmer\u201d][vc_column_text]<\/p>\n<h2>Verwandte Themen<\/h2>\n<p>[\/vc_column_text][vc_basic_grid post_type=\u201cpost\u201d max_items=\u201c3\u201d element_width=\u201c12\u201d item=\u201c24066\u201d css=\u201d.vc_custom_1750862637027{background-color: #ffffff !important;}\u201d grid_id=\u201cvc_gid:1750862594618\u201300c01e08-8b56\u20116\u201d taxonomies=\u201c15538\u201d][vc_row_inner css=\u201d.vc_custom_1508164629489{margin-top: 30px !important;margin-right: 0px !important;margin-left: 0px !important;background-color: #03d0b6 !important;}\u201d][vc_column_inner][vc_column_text css=\u201d.vc_custom_1508167210959{margin-top: \u201115px !important;}\u201d]<\/p>\n<h2><span style=\"color: #ffffff;\">Newsletter bestellen<\/span><\/h2>\n<p>[\/vc_column_text][vc_column_text css=\u201d.vc_custom_1508166779270{margin-top: \u201110px !important;}\u201d]Mit dem LibMod-Newsletter erhalten Sie regelm\u00e4\u00dfig Neuigkeiten zu unseren Themen in Ihr&nbsp;Postfach.<\/p>\n<p><script>(function() {\n\twindow.mc4wp = window.mc4wp || {\n\t\tlisteners: [],\n\t\tforms: {\n\t\t\ton: function(evt, cb) {\n\t\t\t\twindow.mc4wp.listeners.push(\n\t\t\t\t\t{\n\t\t\t\t\t\tevent   : evt,\n\t\t\t\t\t\tcallback: cb\n\t\t\t\t\t}\n\t\t\t\t);\n\t\t\t}\n\t\t}\n\t}\n})();\n<\/script><!-- Mailchimp for WordPress v4.12.2 - https:\/\/wordpress.org\/plugins\/mailchimp-for-wp\/ --><\/p><form id=\"mc4wp-form-1\" class=\"mc4wp-form mc4wp-form-24179 mc4wp-form-styles-builder mc4wp-ajax\" method=\"post\" data-id=\"24179\" data-name=\"LibMod Newsletter\"><div class=\"mc4wp-form-fields\"><p>\n    <label>Anrede\u2002 \u2002\u2003<\/label>\n    <select name=\"ANREDE\" required>\n        <option value=\"Frau\" selected=\"true\">Frau<\/option>\n        <option value=\"Herr\">Herr<\/option>\n        <option value=\"X\">X<\/option>\n    <\/select>\n<\/p>\n<p>\n    <label>Insti\u00adtution\u2003<\/label>\n    <input name=\"MMERGE3\" type=\"text\">\n<\/p>\n<p>\n    <label>Nachname \u2002<\/label>\n    <input name=\"MMERGE2\" required type=\"text\">\n<\/p>\n<p>\n    <label>Vorname\u2002 \u2003<\/label>\n    <input name=\"MMERGE1\" required type=\"text\">\n<\/p>\n<p>\n    <label>Kategorie\u2002\u2003<\/label>\n    <select name=\"KATEGORIE\" required>\n        <option value=\"Newsletter\" selected=\"true\">Newsletter<\/option>\n    <\/select>\n<\/p>\n<p><input type=\"email\" name=\"EMAIL\" placeholder=\"Ihre Mail-Addresse\" required>\n<\/p><p>Mit unseren <span style=\"color: #000000;\"><a style=\"color: #000000;\" href=\"https:\/\/libmod.de\/datenschutzerklaerung\/\" target=\"_blank\" rel=\"noopener\">Daten\u00adschutzbes\u00adtim\u00admungen<\/a><\/span> <br>erkl\u00e4ren Sie sich einverstanden.<br><br>\n<input type=\"submit\" value=\"Absenden\"><br><\/p><\/div><label style=\"display: none !important;\">Leave this field empty if you\u2019re&nbsp;human:&nbsp;<input type=\"text\" name=\"_mc4wp_honeypot\" value tabindex=\"-1\" autocomplete=\"off\"><\/label><input type=\"hidden\" name=\"_mc4wp_timestamp\" value=\"1777436175\"><input type=\"hidden\" name=\"_mc4wp_form_id\" value=\"24179\"><input type=\"hidden\" name=\"_mc4wp_form_element_id\" value=\"mc4wp-form-1\"><div class=\"mc4wp-response\"><\/div><\/form><!-- \/ Mailchimp for WordPress Plugin -->[\/vc_column_text][\/vc_column_inner][\/vc_row_inner][\/vc_column][\/vc_row]\n<\/div>","protected":false},"excerpt":{"rendered":"<p>From Germany to the UK, citizens are now routinely targeted for their online state\u00adments, writes German-American political scientist Yascha Mounk in his analysis and concludes that freedom of expression in Europe is under&nbsp;threat.<\/p>\n","protected":false},"author":394,"featured_media":73322,"comment_status":"closed","ping_status":"closed","sticky":false,"template":"","format":"standard","meta":{"_acf_changed":false,"wp_typography_post_enhancements_disabled":false,"mc4wp_mailchimp_campaign":[],"footnotes":""},"categories":[2812],"tags":[2987,15538,2079,15532,11801,15531],"class_list":["post-73133","post","type-post","status-publish","format-standard","has-post-thumbnail","category-debate","tag-current","tag-debate-freedom-of-speech","tag-europe","tag-munich-security-conference","tag-usa-en","tag-vance"],"acf":[],"yoast_head":"<!-- This site is optimized with the Yoast SEO Premium plugin v27.4 (Yoast SEO v27.5) - https:\/\/yoast.com\/product\/yoast-seo-premium-wordpress\/ -->\n<title>Debate on Freedom of Speech: Europe Really Is Jailing People for Online Speech - libmod.de - Zentrum Liberale Moderne<\/title>\n<meta name=\"description\" content=\"From Germany to the UK, citizens are now routinely targeted for their online statements, writes German-American political scientist Yascha Mounk in his analysis and concludes that freedom of expression in Europe is under threat.\" \/>\n<meta name=\"robots\" content=\"index, follow, max-snippet:-1, max-image-preview:large, max-video-preview:-1\" \/>\n<link rel=\"canonical\" href=\"https:\/\/libmod.de\/en\/debate-on-freedom-of-speech-europe-really-is-jailing-people-for-online-speech\/\" \/>\n<meta property=\"og:locale\" content=\"en_US\" \/>\n<meta property=\"og:type\" content=\"article\" \/>\n<meta property=\"og:title\" content=\"Debate on Freedom of Speech: Europe Really Is Jailing People for Online Speech\" \/>\n<meta property=\"og:description\" content=\"From Germany to the UK, citizens are now routinely targeted for their online statements, writes German-American political scientist Yascha Mounk in his analysis and concludes that freedom of expression in Europe is under threat.\" \/>\n<meta property=\"og:url\" content=\"https:\/\/libmod.de\/en\/debate-on-freedom-of-speech-europe-really-is-jailing-people-for-online-speech\/\" \/>\n<meta property=\"og:site_name\" content=\"libmod.de - Zentrum Liberale Moderne\" \/>\n<meta property=\"article:publisher\" content=\"https:\/\/www.facebook.com\/LiberaleModerne\/\" \/>\n<meta property=\"article:published_time\" content=\"2025-06-20T08:22:24+00:00\" \/>\n<meta property=\"article:modified_time\" content=\"2025-06-25T14:45:51+00:00\" \/>\n<meta property=\"og:image\" content=\"https:\/\/libmodredaktion.fra1.digitaloceanspaces.com\/wp-content\/uploads\/20250626163639\/800_free_speech1.jpg\" \/>\n\t<meta property=\"og:image:width\" content=\"1200\" \/>\n\t<meta property=\"og:image:height\" content=\"800\" \/>\n\t<meta property=\"og:image:type\" content=\"image\/jpeg\" \/>\n<meta name=\"author\" content=\"Yascha Mounk\" \/>\n<meta name=\"twitter:card\" content=\"summary_large_image\" \/>\n<meta name=\"twitter:description\" content=\"From Germany to the UK, citizens are now routinely targeted for their online statements, writes German-American political scientist Yascha Mounk in his analysis and concludes that freedom of expression in Europe is under threat.\" \/>\n<meta name=\"twitter:creator\" content=\"@liberalemoderne\" \/>\n<meta name=\"twitter:site\" content=\"@liberalemoderne\" \/>\n<meta name=\"twitter:label1\" content=\"Written by\" \/>\n\t<meta name=\"twitter:data1\" content=\"Yascha Mounk\" \/>\n\t<meta name=\"twitter:label2\" content=\"Est. reading time\" \/>\n\t<meta name=\"twitter:data2\" content=\"21 minutes\" \/>\n<script type=\"application\/ld+json\" class=\"yoast-schema-graph\">{\"@context\":\"https:\\\/\\\/schema.org\",\"@graph\":[{\"@type\":\"Article\",\"@id\":\"https:\\\/\\\/libmod.de\\\/en\\\/debate-on-freedom-of-speech-europe-really-is-jailing-people-for-online-speech\\\/#article\",\"isPartOf\":{\"@id\":\"https:\\\/\\\/libmod.de\\\/en\\\/debate-on-freedom-of-speech-europe-really-is-jailing-people-for-online-speech\\\/\"},\"author\":{\"name\":\"Yascha Mounk\",\"@id\":\"https:\\\/\\\/libmod.de\\\/#\\\/schema\\\/person\\\/379c7f46482441545ba1bccc5aa5a928\"},\"headline\":\"Debate on Freedom of Speech: Europe Really Is Jailing People for Online&nbsp;Speech\",\"datePublished\":\"2025-06-20T08:22:24+00:00\",\"dateModified\":\"2025-06-25T14:45:51+00:00\",\"mainEntityOfPage\":{\"@id\":\"https:\\\/\\\/libmod.de\\\/en\\\/debate-on-freedom-of-speech-europe-really-is-jailing-people-for-online-speech\\\/\"},\"wordCount\":3773,\"publisher\":{\"@id\":\"https:\\\/\\\/libmod.de\\\/#organization\"},\"image\":{\"@id\":\"https:\\\/\\\/libmod.de\\\/en\\\/debate-on-freedom-of-speech-europe-really-is-jailing-people-for-online-speech\\\/#primaryimage\"},\"thumbnailUrl\":\"https:\\\/\\\/libmodredaktion.fra1.digitaloceanspaces.com\\\/wp-content\\\/uploads\\\/20250626163639\\\/800_free_speech1.jpg\",\"keywords\":[\"current\",\"Debate Freedom of Speech\",\"Europe\",\"Munich Security Conference\",\"USA\",\"Vance\"],\"articleSection\":[\"Debate\u2003\"],\"inLanguage\":\"en-US\"},{\"@type\":\"WebPage\",\"@id\":\"https:\\\/\\\/libmod.de\\\/en\\\/debate-on-freedom-of-speech-europe-really-is-jailing-people-for-online-speech\\\/\",\"url\":\"https:\\\/\\\/libmod.de\\\/en\\\/debate-on-freedom-of-speech-europe-really-is-jailing-people-for-online-speech\\\/\",\"name\":\"Debate on Freedom of Speech: Europe Really Is Jailing People for Online Speech - libmod.de - Zentrum Liberale Moderne\",\"isPartOf\":{\"@id\":\"https:\\\/\\\/libmod.de\\\/#website\"},\"primaryImageOfPage\":{\"@id\":\"https:\\\/\\\/libmod.de\\\/en\\\/debate-on-freedom-of-speech-europe-really-is-jailing-people-for-online-speech\\\/#primaryimage\"},\"image\":{\"@id\":\"https:\\\/\\\/libmod.de\\\/en\\\/debate-on-freedom-of-speech-europe-really-is-jailing-people-for-online-speech\\\/#primaryimage\"},\"thumbnailUrl\":\"https:\\\/\\\/libmodredaktion.fra1.digitaloceanspaces.com\\\/wp-content\\\/uploads\\\/20250626163639\\\/800_free_speech1.jpg\",\"datePublished\":\"2025-06-20T08:22:24+00:00\",\"dateModified\":\"2025-06-25T14:45:51+00:00\",\"description\":\"From Germany to the UK, citizens are now routinely targeted for their online statements, writes German-American political scientist Yascha Mounk in his analysis and concludes that freedom of expression in Europe is under threat.\",\"breadcrumb\":{\"@id\":\"https:\\\/\\\/libmod.de\\\/en\\\/debate-on-freedom-of-speech-europe-really-is-jailing-people-for-online-speech\\\/#breadcrumb\"},\"inLanguage\":\"en-US\",\"potentialAction\":[{\"@type\":\"ReadAction\",\"target\":[\"https:\\\/\\\/libmod.de\\\/en\\\/debate-on-freedom-of-speech-europe-really-is-jailing-people-for-online-speech\\\/\"]}]},{\"@type\":\"ImageObject\",\"inLanguage\":\"en-US\",\"@id\":\"https:\\\/\\\/libmod.de\\\/en\\\/debate-on-freedom-of-speech-europe-really-is-jailing-people-for-online-speech\\\/#primaryimage\",\"url\":\"https:\\\/\\\/libmodredaktion.fra1.digitaloceanspaces.com\\\/wp-content\\\/uploads\\\/20250626163639\\\/800_free_speech1.jpg\",\"contentUrl\":\"https:\\\/\\\/libmodredaktion.fra1.digitaloceanspaces.com\\\/wp-content\\\/uploads\\\/20250626163639\\\/800_free_speech1.jpg\",\"width\":1200,\"height\":800},{\"@type\":\"BreadcrumbList\",\"@id\":\"https:\\\/\\\/libmod.de\\\/en\\\/debate-on-freedom-of-speech-europe-really-is-jailing-people-for-online-speech\\\/#breadcrumb\",\"itemListElement\":[{\"@type\":\"ListItem\",\"position\":1,\"name\":\"Startseite\",\"item\":\"https:\\\/\\\/libmod.de\\\/en\\\/\"},{\"@type\":\"ListItem\",\"position\":2,\"name\":\"Debate on Freedom of Speech: Europe Really Is Jailing People for Online Speech\"}]},{\"@type\":\"WebSite\",\"@id\":\"https:\\\/\\\/libmod.de\\\/#website\",\"url\":\"https:\\\/\\\/libmod.de\\\/\",\"name\":\"libmod.de - Zentrum Liberale Moderne\",\"description\":\"Think Tank f\u00fcr Politik in Berlin\",\"publisher\":{\"@id\":\"https:\\\/\\\/libmod.de\\\/#organization\"},\"potentialAction\":[{\"@type\":\"SearchAction\",\"target\":{\"@type\":\"EntryPoint\",\"urlTemplate\":\"https:\\\/\\\/libmod.de\\\/?s={search_term_string}\"},\"query-input\":{\"@type\":\"PropertyValueSpecification\",\"valueRequired\":true,\"valueName\":\"search_term_string\"}}],\"inLanguage\":\"en-US\"},{\"@type\":\"Organization\",\"@id\":\"https:\\\/\\\/libmod.de\\\/#organization\",\"name\":\"Zentrum Liberale Moderne\",\"url\":\"https:\\\/\\\/libmod.de\\\/\",\"logo\":{\"@type\":\"ImageObject\",\"inLanguage\":\"en-US\",\"@id\":\"https:\\\/\\\/libmod.de\\\/#\\\/schema\\\/logo\\\/image\\\/\",\"url\":\"https:\\\/\\\/libmodredaktion.fra1.digitaloceanspaces.com\\\/wp-content\\\/uploads\\\/20240905145818\\\/LibMod_Logo_XL.jpg\",\"contentUrl\":\"https:\\\/\\\/libmodredaktion.fra1.digitaloceanspaces.com\\\/wp-content\\\/uploads\\\/20240905145818\\\/LibMod_Logo_XL.jpg\",\"width\":1439,\"height\":615,\"caption\":\"Zentrum Liberale Moderne\"},\"image\":{\"@id\":\"https:\\\/\\\/libmod.de\\\/#\\\/schema\\\/logo\\\/image\\\/\"},\"sameAs\":[\"https:\\\/\\\/www.facebook.com\\\/LiberaleModerne\\\/\",\"https:\\\/\\\/x.com\\\/liberalemoderne\",\"https:\\\/\\\/www.youtube.com\\\/channel\\\/UC4Yl_V4pm1LwryD04ky54SA\",\"https:\\\/\\\/www.instagram.com\\\/libmod\\\/\",\"https:\\\/\\\/bsky.app\\\/profile\\\/libmod.de\"],\"description\":\"Das Zentrum Liberale Moderne ist ein politischer Think Tank und eine Debattenplattform. LibMod steht f\u00fcr die Verteidigung und Erneuerung der liberalen Demokratie, f\u00fcr den Aufbruch in die \u00f6kologische Moderne und f\u00fcr eine fundierte Osteuropa-Expertise.\"},{\"@type\":\"Person\",\"@id\":\"https:\\\/\\\/libmod.de\\\/#\\\/schema\\\/person\\\/379c7f46482441545ba1bccc5aa5a928\",\"name\":\"Yascha Mounk\",\"image\":{\"@type\":\"ImageObject\",\"inLanguage\":\"en-US\",\"@id\":\"https:\\\/\\\/libmodredaktion.fra1.digitaloceanspaces.com\\\/wp-content\\\/uploads\\\/20240905144807\\\/User-150x150.png\",\"url\":\"https:\\\/\\\/libmodredaktion.fra1.digitaloceanspaces.com\\\/wp-content\\\/uploads\\\/20240905144807\\\/User-150x150.png\",\"contentUrl\":\"https:\\\/\\\/libmodredaktion.fra1.digitaloceanspaces.com\\\/wp-content\\\/uploads\\\/20240905144807\\\/User-150x150.png\",\"caption\":\"Yascha Mounk\"},\"description\":\"Yascha Mounk, Jahrgang 1982, ist Publizist und Politikwissenschaftler. Er lehrt als Professor f\u00fcr Internationale Beziehungen an der Johns Hopinks University. Mounk, ist Senior Fellow am SNF Agora Institute sowie Gr\u00fcnder des Magazins Persuasion und betreibt den Podcast \u201eThe Good Fight\u201c. Er schreibt eine w\u00f6chentliche Kolumne auf yaschamounk.de.\",\"url\":\"https:\\\/\\\/libmod.de\\\/en\\\/author\\\/yascha-mounk\\\/\"}]}<\/script>\n<!-- \/ Yoast SEO Premium plugin. -->","yoast_head_json":{"title":"Debate on Freedom of Speech: Europe Really Is Jailing People for Online Speech - libmod.de - Zentrum Liberale Moderne","description":"From Germany to the UK, citizens are now routinely targeted for their online statements, writes German-American political scientist Yascha Mounk in his analysis and concludes that freedom of expression in Europe is under threat.","robots":{"index":"index","follow":"follow","max-snippet":"max-snippet:-1","max-image-preview":"max-image-preview:large","max-video-preview":"max-video-preview:-1"},"canonical":"https:\/\/libmod.de\/en\/debate-on-freedom-of-speech-europe-really-is-jailing-people-for-online-speech\/","og_locale":"en_US","og_type":"article","og_title":"Debate on Freedom of Speech: Europe Really Is Jailing People for Online Speech","og_description":"From Germany to the UK, citizens are now routinely targeted for their online statements, writes German-American political scientist Yascha Mounk in his analysis and concludes that freedom of expression in Europe is under threat.","og_url":"https:\/\/libmod.de\/en\/debate-on-freedom-of-speech-europe-really-is-jailing-people-for-online-speech\/","og_site_name":"libmod.de - Zentrum Liberale Moderne","article_publisher":"https:\/\/www.facebook.com\/LiberaleModerne\/","article_published_time":"2025-06-20T08:22:24+00:00","article_modified_time":"2025-06-25T14:45:51+00:00","og_image":[{"width":1200,"height":800,"url":"https:\/\/libmodredaktion.fra1.digitaloceanspaces.com\/wp-content\/uploads\/20250626163639\/800_free_speech1.jpg","type":"image\/jpeg"}],"author":"Yascha Mounk","twitter_card":"summary_large_image","twitter_description":"From Germany to the UK, citizens are now routinely targeted for their online statements, writes German-American political scientist Yascha Mounk in his analysis and concludes that freedom of expression in Europe is under threat.","twitter_creator":"@liberalemoderne","twitter_site":"@liberalemoderne","twitter_misc":{"Written by":"Yascha Mounk","Est. reading time":"21 minutes"},"schema":{"@context":"https:\/\/schema.org","@graph":[{"@type":"Article","@id":"https:\/\/libmod.de\/en\/debate-on-freedom-of-speech-europe-really-is-jailing-people-for-online-speech\/#article","isPartOf":{"@id":"https:\/\/libmod.de\/en\/debate-on-freedom-of-speech-europe-really-is-jailing-people-for-online-speech\/"},"author":{"name":"Yascha Mounk","@id":"https:\/\/libmod.de\/#\/schema\/person\/379c7f46482441545ba1bccc5aa5a928"},"headline":"Debate on Freedom of Speech: Europe Really Is Jailing People for Online&nbsp;Speech","datePublished":"2025-06-20T08:22:24+00:00","dateModified":"2025-06-25T14:45:51+00:00","mainEntityOfPage":{"@id":"https:\/\/libmod.de\/en\/debate-on-freedom-of-speech-europe-really-is-jailing-people-for-online-speech\/"},"wordCount":3773,"publisher":{"@id":"https:\/\/libmod.de\/#organization"},"image":{"@id":"https:\/\/libmod.de\/en\/debate-on-freedom-of-speech-europe-really-is-jailing-people-for-online-speech\/#primaryimage"},"thumbnailUrl":"https:\/\/libmodredaktion.fra1.digitaloceanspaces.com\/wp-content\/uploads\/20250626163639\/800_free_speech1.jpg","keywords":["current","Debate Freedom of Speech","Europe","Munich Security Conference","USA","Vance"],"articleSection":["Debate\u2003"],"inLanguage":"en-US"},{"@type":"WebPage","@id":"https:\/\/libmod.de\/en\/debate-on-freedom-of-speech-europe-really-is-jailing-people-for-online-speech\/","url":"https:\/\/libmod.de\/en\/debate-on-freedom-of-speech-europe-really-is-jailing-people-for-online-speech\/","name":"Debate on Freedom of Speech: Europe Really Is Jailing People for Online Speech - libmod.de - Zentrum Liberale Moderne","isPartOf":{"@id":"https:\/\/libmod.de\/#website"},"primaryImageOfPage":{"@id":"https:\/\/libmod.de\/en\/debate-on-freedom-of-speech-europe-really-is-jailing-people-for-online-speech\/#primaryimage"},"image":{"@id":"https:\/\/libmod.de\/en\/debate-on-freedom-of-speech-europe-really-is-jailing-people-for-online-speech\/#primaryimage"},"thumbnailUrl":"https:\/\/libmodredaktion.fra1.digitaloceanspaces.com\/wp-content\/uploads\/20250626163639\/800_free_speech1.jpg","datePublished":"2025-06-20T08:22:24+00:00","dateModified":"2025-06-25T14:45:51+00:00","description":"From Germany to the UK, citizens are now routinely targeted for their online statements, writes German-American political scientist Yascha Mounk in his analysis and concludes that freedom of expression in Europe is under threat.","breadcrumb":{"@id":"https:\/\/libmod.de\/en\/debate-on-freedom-of-speech-europe-really-is-jailing-people-for-online-speech\/#breadcrumb"},"inLanguage":"en-US","potentialAction":[{"@type":"ReadAction","target":["https:\/\/libmod.de\/en\/debate-on-freedom-of-speech-europe-really-is-jailing-people-for-online-speech\/"]}]},{"@type":"ImageObject","inLanguage":"en-US","@id":"https:\/\/libmod.de\/en\/debate-on-freedom-of-speech-europe-really-is-jailing-people-for-online-speech\/#primaryimage","url":"https:\/\/libmodredaktion.fra1.digitaloceanspaces.com\/wp-content\/uploads\/20250626163639\/800_free_speech1.jpg","contentUrl":"https:\/\/libmodredaktion.fra1.digitaloceanspaces.com\/wp-content\/uploads\/20250626163639\/800_free_speech1.jpg","width":1200,"height":800},{"@type":"BreadcrumbList","@id":"https:\/\/libmod.de\/en\/debate-on-freedom-of-speech-europe-really-is-jailing-people-for-online-speech\/#breadcrumb","itemListElement":[{"@type":"ListItem","position":1,"name":"Startseite","item":"https:\/\/libmod.de\/en\/"},{"@type":"ListItem","position":2,"name":"Debate on Freedom of Speech: Europe Really Is Jailing People for Online Speech"}]},{"@type":"WebSite","@id":"https:\/\/libmod.de\/#website","url":"https:\/\/libmod.de\/","name":"libmod.de - Zentrum Liberale Moderne","description":"Think Tank f\u00fcr Politik in Berlin","publisher":{"@id":"https:\/\/libmod.de\/#organization"},"potentialAction":[{"@type":"SearchAction","target":{"@type":"EntryPoint","urlTemplate":"https:\/\/libmod.de\/?s={search_term_string}"},"query-input":{"@type":"PropertyValueSpecification","valueRequired":true,"valueName":"search_term_string"}}],"inLanguage":"en-US"},{"@type":"Organization","@id":"https:\/\/libmod.de\/#organization","name":"Zentrum Liberale Moderne","url":"https:\/\/libmod.de\/","logo":{"@type":"ImageObject","inLanguage":"en-US","@id":"https:\/\/libmod.de\/#\/schema\/logo\/image\/","url":"https:\/\/libmodredaktion.fra1.digitaloceanspaces.com\/wp-content\/uploads\/20240905145818\/LibMod_Logo_XL.jpg","contentUrl":"https:\/\/libmodredaktion.fra1.digitaloceanspaces.com\/wp-content\/uploads\/20240905145818\/LibMod_Logo_XL.jpg","width":1439,"height":615,"caption":"Zentrum Liberale Moderne"},"image":{"@id":"https:\/\/libmod.de\/#\/schema\/logo\/image\/"},"sameAs":["https:\/\/www.facebook.com\/LiberaleModerne\/","https:\/\/x.com\/liberalemoderne","https:\/\/www.youtube.com\/channel\/UC4Yl_V4pm1LwryD04ky54SA","https:\/\/www.instagram.com\/libmod\/","https:\/\/bsky.app\/profile\/libmod.de"],"description":"Das Zentrum Liberale Moderne ist ein politischer Think Tank und eine Debattenplattform. LibMod steht f\u00fcr die Verteidigung und Erneuerung der liberalen Demokratie, f\u00fcr den Aufbruch in die \u00f6kologische Moderne und f\u00fcr eine fundierte Osteuropa-Expertise."},{"@type":"Person","@id":"https:\/\/libmod.de\/#\/schema\/person\/379c7f46482441545ba1bccc5aa5a928","name":"Yascha Mounk","image":{"@type":"ImageObject","inLanguage":"en-US","@id":"https:\/\/libmodredaktion.fra1.digitaloceanspaces.com\/wp-content\/uploads\/20240905144807\/User-150x150.png","url":"https:\/\/libmodredaktion.fra1.digitaloceanspaces.com\/wp-content\/uploads\/20240905144807\/User-150x150.png","contentUrl":"https:\/\/libmodredaktion.fra1.digitaloceanspaces.com\/wp-content\/uploads\/20240905144807\/User-150x150.png","caption":"Yascha Mounk"},"description":"Yascha Mounk, Jahrgang 1982, ist Publizist und Politikwissenschaftler. Er lehrt als Professor f\u00fcr Internationale Beziehungen an der Johns Hopinks University. Mounk, ist Senior Fellow am SNF Agora Institute sowie Gr\u00fcnder des Magazins Persuasion und betreibt den Podcast \u201eThe Good Fight\u201c. Er schreibt eine w\u00f6chentliche Kolumne auf yaschamounk.de.","url":"https:\/\/libmod.de\/en\/author\/yascha-mounk\/"}]}},"menu_order":637,"_links":{"self":[{"href":"https:\/\/libmod.de\/en\/wp-json\/wp\/v2\/posts\/73133","targetHints":{"allow":["GET"]}}],"collection":[{"href":"https:\/\/libmod.de\/en\/wp-json\/wp\/v2\/posts"}],"about":[{"href":"https:\/\/libmod.de\/en\/wp-json\/wp\/v2\/types\/post"}],"author":[{"embeddable":true,"href":"https:\/\/libmod.de\/en\/wp-json\/wp\/v2\/users\/394"}],"replies":[{"embeddable":true,"href":"https:\/\/libmod.de\/en\/wp-json\/wp\/v2\/comments?post=73133"}],"version-history":[{"count":8,"href":"https:\/\/libmod.de\/en\/wp-json\/wp\/v2\/posts\/73133\/revisions"}],"predecessor-version":[{"id":73317,"href":"https:\/\/libmod.de\/en\/wp-json\/wp\/v2\/posts\/73133\/revisions\/73317"}],"wp:featuredmedia":[{"embeddable":true,"href":"https:\/\/libmod.de\/en\/wp-json\/wp\/v2\/media\/73322"}],"wp:attachment":[{"href":"https:\/\/libmod.de\/en\/wp-json\/wp\/v2\/media?parent=73133"}],"wp:term":[{"taxonomy":"category","embeddable":true,"href":"https:\/\/libmod.de\/en\/wp-json\/wp\/v2\/categories?post=73133"},{"taxonomy":"post_tag","embeddable":true,"href":"https:\/\/libmod.de\/en\/wp-json\/wp\/v2\/tags?post=73133"}],"curies":[{"name":"wp","href":"https:\/\/api.w.org\/{rel}","templated":true}]}}