{"id":78349,"date":"2026-04-07T08:57:23","date_gmt":"2026-04-07T06:57:23","guid":{"rendered":"https:\/\/libmod.de\/?p=78349"},"modified":"2026-04-07T10:27:36","modified_gmt":"2026-04-07T08:27:36","slug":"elections-in-hungary-the-increasingly-radical-campaign-signals-what-is-at-stake","status":"publish","type":"post","link":"https:\/\/libmod.de\/en\/elections-in-hungary-the-increasingly-radical-campaign-signals-what-is-at-stake\/","title":{"rendered":"Elections in Hungary \u2013 the increas\u00adingly radical campaign signals what is at&nbsp;stake"},"content":{"rendered":"<div class=\"wpb-content-wrapper\"><p>[vc_row][vc_column][vc_column_text css=\u201c\u201d]<\/p>\n<figure id=\"attachment_78353\" aria-describedby=\"caption-attachment-78353\" style=\"width: 1200px\" class=\"wp-caption alignnone\"><img class=\"wp-image-78353 size-full\" src=\"https:\/\/libmodredaktion.fra1.digitaloceanspaces.com\/wp-content\/uploads\/20260407101957\/Selenyi500.jpg\" alt width=\"1200\" height=\"500\" srcset=\"https:\/\/libmodredaktion.fra1.digitaloceanspaces.com\/wp-content\/uploads\/20260407101957\/Selenyi500.jpg 1200w, https:\/\/libmodredaktion.fra1.digitaloceanspaces.com\/wp-content\/uploads\/20260407101957\/Selenyi500-770x321.jpg 770w, https:\/\/libmodredaktion.fra1.digitaloceanspaces.com\/wp-content\/uploads\/20260407101957\/Selenyi500-768x320.jpg 768w\" sizes=\"(max-width: 1200px) 100vw, 1200px\"><figcaption id=\"caption-attachment-78353\" class=\"wp-caption-text\">Foto: Imago<\/figcaption><\/figure>\n<p>[\/vc_column_text][\/vc_column][\/vc_row][vc_row css=\u201d.vc_custom_1508251598805{margin-top: 30px !important;}\u201d][vc_column width=\u201c2\/3\u201d css=\u201d.vc_custom_1508252250311{padding-right: 20px !important;}\u201d][vc_column_text css=\u201c\u201d]<\/p>\n<h3>After more than a&nbsp;decade of not facing a&nbsp;credible challenger, Hungarian Prime Minister Viktor Orb\u00e1n is contending with an extremely tight electoral contest that could see him being forced out of power, writes Zsuzsanna Szel\u00e9nyi in her analysis in the run-up of the elections. She is a&nbsp;former Hungarian MP, director of the Central European University\u2019s Democracy Institute, and the author of \u2018Tainted Democracy: Viktor Orban and the Subversion of&nbsp;Hungary\u2019.<\/h3>\n<p>[\/vc_column_text][vc_column_text css=\u201c\u201d]Hungary\u2019s March 15<sup>th<\/sup> national holiday, commem\u00ado\u00adrating the revolution of 1848, <a href=\"https:\/\/balkaninsight.com\/2026\/03\/16\/a-tale-of-two-rallies-orban-and-magyar-square-off-in-hungarian-capital\/rd\/\">symbolised<\/a> how close of a&nbsp;race Orb\u00e1n is facing. A&nbsp;few miles from Orb\u00e1n\u2019s own mass gathering in Budapest, another rally, led by opposition insurgent, P\u00e9ter Magyar, drew hundreds of thousands of people, four weeks before Hungarians are going to the polls on April 12 to elect their next&nbsp;parliament.<\/p>\n<h2>Orb\u00e1ns \u201cilliberal democracy\u201d as a&nbsp;model and global&nbsp;example<\/h2>\n<p>Prime Minister Orb\u00e1n has in recent years become a&nbsp;figure of outsized global signif\u00adi\u00adcance, given Hungary\u2019s small population of less than 10 million people. Within the space of a&nbsp;week, he can <a href=\"https:\/\/www.internationalaffairs.org.au\/australianoutlook\/hungarys-viktor-orban-and-the-july-peace-mission\/\">meet<\/a> Vladimir Putin, Xi Jinping and Donald Trump. Having hosted Orb\u00e1n multiple times at his Mar-a-Lago resort and the White House, Trump reiterated his \u201ctotal endorsement\u201d of the Hungarian leader in March. Orb\u00e1n has also become a&nbsp;model for right-wing populists abroad, having hosted a&nbsp;wide range of far-right leaders in Budapest over the years. His inter\u00adna\u00adtional stature rests on two things: repeated electoral victories at home, and the ideological confi\u00addence with which he has waged war on Europe\u2019s liberal&nbsp;mainstream.<\/p>\n<p>For 16&nbsp;years Orb\u00e1n and his party, Fidesz, have dominated Hungarian politics without a&nbsp;credible challenger. This has profoundly reshaped Hungarian politics and civil society. Fidesz has bent insti\u00adtu\u00adtions and public resources to partisan ends, reshaping the state itself. Orb\u00e1n\u2019s illiberal system has concen\u00adtrated power to an excep\u00adtional degree, constructed a&nbsp;loyalist state, and deployed public money and public insti\u00adtu\u00adtions to promote the values of a&nbsp;closed society through schools, cultural bodies and the media. Over the past decade tens of millions of euros of public funds were spent building an inter\u00adna\u00adtional illiberal network: this includes hosting conser\u00adv\u00adative forums such as <a href=\"https:\/\/www.cpachungary.com\/en\/\">CPAC<\/a>; using vehicles such as the far-right \u2018<a href=\"https:\/\/www.patriotsforeurope.eu\/\">Patriots for Europe\u2019<\/a> group to undermine EU action; and funding billions to think-tanks like <a href=\"https:\/\/mcc.hu\/en\/\">MCC<\/a>, designed to export his ideas across Europe and the&nbsp;US.<\/p>\n<h2>The opposing candidate and&nbsp;challenger<\/h2>\n<p>P\u00e9ter Magyar, a&nbsp;new political star, is threat\u00adening Orb\u00e1n\u2019s regime in this election cycle. Once a&nbsp;little-known insider within Fidesz, Magyar <a href=\"https:\/\/www.politico.eu\/article\/viktor-orban-peter-magyar-judit-varga-new-headache-leaked-tape\/\">launched<\/a> an anti-estab\u00adlishment movement in the spring of 2024. Having long been part of the Fidesz system, Magyar\u2019s explosive revela\u00adtions about the inner workings of the Orb\u00e1n regime galvanised many people. A&nbsp;decade and a&nbsp;half of frustration with systemic corruption, economic malaise, contro\u00adversial foreign policy and repeated scandals exposing the regime\u2019s hypocrisy created an opening for a&nbsp;new political entre\u00adpreneur: ambitious, combative and promising to dismantle Orb\u00e1n\u2019s system. Within months Magyar\u2019s party, Tisza, was running neck-and-neck with Fidesz in opinion polls; it has since opened a&nbsp;lead of 10 percentage points, <a href=\"https:\/\/www.politico.eu\/europe-poll-of-polls\/hungary\/\">according<\/a> to independent pollsters.<\/p>\n<p>Magyar\u2019s rise repre\u00adsents an existential challenge for the ruling Fidesz party. An electoral defeat would cost Orb\u00e1n not only his excep\u00adtional power at home, but much of his influence abroad. It is no surprise, then, that from the outset Magyar became the target of ferocious smear campaigns, including a&nbsp;threat to release a&nbsp;sex tape of the opposition leader. Yet over the past two years, as he travels the country, his support has continued to grow. The belief that he might genuinely unseat Orb\u00e1n has forged a&nbsp;strong bond of trust between him and his supporters, and, so far, <a href=\"https:\/\/www.nytimes.com\/2025\/10\/12\/world\/europe\/orban-hungary-media-propaganda-magyar.html\">accusa\u00adtions have struggled to stick<\/a>. However, a&nbsp;clear poll lead is not the same as certain&nbsp;victory.<\/p>\n<h2>16&nbsp;years in power: The trans\u00adfor\u00admation of&nbsp;Hungary<\/h2>\n<p>Hungary is not a&nbsp;liberal democracy, and its elections are not fair. In its latest <a href=\"https:\/\/www.v-dem.net\/documents\/54\/v-dem_dr_2025_lowres_v1.pdf\">Report of V\u2011Dem,<\/a> Hungary is catego\u00adrized as electoral autocracy further deteri\u00ado\u00adrating in 2025, the only EU country in this group. Fidesz, which enjoys a&nbsp;two-thirds consti\u00adtu\u00adtional majority in parliament, has repeatedly rewritten the electoral rules to suit its own interests: over 16&nbsp;years, the system has been <a href=\"https:\/\/instituteofgeoeconomics.org\/en\/research\/hungarys-electoral-system-constructing-a-system-favorable-to-the-governing-party-and-its-future-prospects\/\">amended<\/a> more than 30 times. At a&nbsp;recent closed-door campaign meeting, Orb\u00e1n reportedly acknowl\u00adedged that the electoral system heavily favours the winner, warning activists not to confuse past mandate totals with genuine levels of support. Prelim\u00adinary modelling suggests a&nbsp;stark asymmetry: Tisza may need around 54% of the popular vote to secure a&nbsp;simple parlia\u00admentary majority, while Fidesz could poten\u00adtially win a&nbsp;consti\u00adtu\u00adtional super\u00adma\u00adjority with as little as&nbsp;45%.<\/p>\n<p>To ensure its survival in power, Fidesz has once again deployed state resources to buy electoral goodwill. The government has directed a&nbsp;flood of handouts toward critical voter blocs, partic\u00adu\u00adlarly the middle class, ranging from subsidised housing loans and teacher pay raises to tax exemp\u00adtions for large families and bonuses for law enforcement. The fiscal cost is immense: by the end of February 2026, a&nbsp;<a href=\"https:\/\/www.portfolio.hu\/gazdasag\/20260309\/felelmetesen-nagy-deficit-jott-ossze-a-magyar-koltsegvetesben-822698\">staggering 42 percent<\/a> of the annual budget deficit had already been&nbsp;exhausted.<\/p>\n<h2>Campaigning: politics as&nbsp;war<\/h2>\n<p>It is also relying on its formi\u00addable political commu\u00adni\u00adca\u00adtions machine, which dwarfs the reach and spend of its rivals. Successful election campaigns in the past have featured the purported threats of \u2018returning commu\u00adnists\u2019, \u2018global financiers\u2019, \u2018hordes of Muslim migrants\u2019, and \u2018Brussels bureau\u00adcrats\u2019, to which the domestic opposition is, invariably, allied. Orb\u00e1n sees politics as war, and every election is a&nbsp;chance to prove he is prevailing against an ever-shifting enemy.<\/p>\n<p>Fidesz\u2019s 2026 campaign is no different, but with a&nbsp;newfound, techno\u00adlog\u00adi\u00adcally-driven intensity. This time, Ukrainian President Volodymyr Zelensky is portrayed as the embod\u00adiment of agent of foreign pressure, while P\u00e9ter Magyar and his Tisza movement are branded as the \u201cdomestic agents\u201d of war and chaos, linked with Kyiv and Brussels. Government-aligned <a href=\"https:\/\/balkaninsight.com\/2026\/03\/03\/orban-brings-war-into-hungarian-living-rooms\/rd\/\">outlets and billboards<\/a> \u2014 echoing Orb\u00e1n\u2019s own rhetoric \u2014 have saturated the public square with anti-Ukrainian material, including AI-generated videos depicting apoca\u00adlyptic scenes of conflict, economic collapse, and Hungarian soldiers returning in coffins. Beyond the rhetoric, Orb\u00e1n has blocked a&nbsp;vital \u20ac90 billion EU loan to Ukraine and the government carried out a&nbsp;special forces raid on vehicles trans\u00adferring cash between Austrian and Ukrainian banks via Hungary. A&nbsp;day later the Hungarian parliament passed a&nbsp;bill allowing the government to <a href=\"https:\/\/apnews.com\/article\/hungary-orban-ukraine-cash-gold-shipment-1dbb870993cd1386b4270bb473fee733\">seize the assets<\/a> of Ukrainian state asset, inves\u00adti\u00adgating if it was aimed to support the Hungarian opposition. Conflict between the Hungarian and Ukrainian government is escalating in the last weeks of the campaign, serving Orb\u00e1n\u2019s interest to heighten war hysteria among Hungarian citizens before the elections on April 12. Beyond the conspiracy-based campaigns these bizarre episodes demon\u00adstrate the high stakes of the election and allegedly foreign&nbsp;influence.<\/p>\n<h2>The Moscow-Budapest-axis<\/h2>\n<p>According to inves\u00adtigative reports, Orb\u00e1n is also counting on help from Moscow, which sees him as a&nbsp;reliable ally in the EU. The Kremlin has reportedly <a href=\"https:\/\/vsquare.org\/putins-gru-linked-election-fixers-are-already-in-budapest-to-help-orban\/\">dispatched<\/a> a&nbsp;team of political technol\u00ado\u00adgists to Budapest to aid Orb\u00e1n in his election campaign. Highlighting how close ties between Hungary and Russia have remained since the invasion of Ukraine, the Washington Post recently <a href=\"https:\/\/www.washingtonpost.com\/world\/2026\/03\/21\/hungary-election-interference-russia-orban\/\">reported<\/a> that Hungarian Foreign Minister P\u00e9ter Szijj\u00e1rt\u00f3 for years made regular phone calls during breaks at EU meetings to give his Russian counterpart, Sergei Lavrov, \u201clive reports on what\u2019s been&nbsp;discussed\u201d.<\/p>\n<p>Smear campaigns targeting Magyar have also undergone a&nbsp;dangerous evolution in both focus and intensity. The state\u2019s rhetoric, blurring the line between political opposition and national betrayal, has moved beyond character assas\u00adsi\u00adnation \u2013 sparking fears about the prospect of state-incited violence or serious physical incidents in the coming&nbsp;days.<\/p>\n<p>What happens on April 12 will matter enormously, both for Hungary and for&nbsp;Europe.<\/p>\n<h2>Possible scenarios<\/h2>\n<p>A narrow Fidesz win would probably trigger protests from opposition voters, partic\u00adu\u00adlarly if the party secured more seats despite losing the popular vote. In this scenario, Hungary would likely slide into a&nbsp;more overtly repressive form of minority rule, further embold\u00adening Europe\u2019s radical&nbsp;right.<\/p>\n<p>If Tisza were to win the elections but fail to secure a&nbsp;consti\u00adtu\u00adtional majority in parliament, it would face immense diffi\u00adculties. A&nbsp;Tisza government would inherit not only a&nbsp;country in economic and social distress, but also a&nbsp;deeply divided and morally exhausted society. Even if it lost the elections, Fidesz would remain a&nbsp;powerful force in parliament and would do all it could to undermine Magyar\u2019s admin\u00adis\u00adtration. Over 16&nbsp;years the ruling party has embedded loyalists across state insti\u00adtu\u00adtions who could obstruct the new rulers, especially if Orb\u00e1n remained leader of the party. Hungary\u2019s foreign policy, however, would likely change to a&nbsp;more concil\u00adiatory mood and collab\u00ado\u00adrative mode from the first day. However, changing policy to Russia and Ukraine may require more time. Under Orb\u00e1n\u2019s rule Hungary\u2019s relations were profoundly changed with both countries, public sentiment was manip\u00adu\u00adlated analysing oppor\u00adtu\u00adnities in the new context will require&nbsp;time.<\/p>\n<p>No one should expect the swift restoration of pluralist democracy in Hungary, even in the case of a&nbsp;decisive opposition victory. However, election day could mark the beginning of a&nbsp;democ\u00adratic renewal.[\/vc_column_text][vc_column_text css=\u201c\u201d]<img class=\"alignnone wp-image-23921 size-full ls-is-cached lazyloaded\" src=\"http:\/\/libmodredaktion.fra1.digitaloceanspaces.com\/wp-content\/uploads\/20240905145906\/textende.png\" alt=\"Textende\" width=\"40\" height=\"120\" data-src=\"http:\/\/libmodredaktion.fra1.digitaloceanspaces.com\/wp-content\/uploads\/20240905145906\/textende.png\" data-eio-rwidth=\"40\" data-eio-rheight=\"120\">[\/vc_column_text][vc_column_text css=\u201c\u201d]Hat Ihnen dieser Artikel gefallen? Wenn ja, k\u00f6nnen Sie die unabh\u00e4ngige redak\u00adtionelle Arbeit und den Journal\u00adismus von LibMod \u00fcber ein einfaches Spendentool unterst\u00fctzen.[\/vc_column_text][vc_column_text]<script type=\"text\/javascript\">\n\t(function() {\n\t\tvar u=\"https:\/\/spenden.twingle.de\/embed\/genericorganisation\/genericproject\/tw5aeafe12eb6cb\/widget\";\n\t\tvar id = '_' + Math.random().toString(36).substr(2, 9);\n\t\tvar d=document, g=d.createElement('script'), s=d.getElementsByTagName('script')[0];\n\t\tdocument.write('<div id=\"twingle-public-embed-' + id + '\"><\/div>');\n\t\tg.type='text\/javascript'; g.async=true; g.defer=true; g.src=u+'\/'+id; s.parentNode.insertBefore(g,s);\n\t})();\n<\/script>[\/vc_column_text][vc_column_text css=\u201c\u201d]<\/p>\n<h2>Spenden \u00fcber&nbsp;PayPal<\/h2>\n<p><img src=\"https:\/\/www.paypal.com\/en_DE\/i\/scr\/pixel.gif\" alt width=\"1\" height=\"1\" border=\"0\"><\/p>\n<hr>\n<p>Wir sind als gemein\u00adn\u00fctzige Organ\u00adi\u00adsation anerkannt, dementsprechend sind Spenden steuerlich absetzbar. F\u00fcr eine Spendenbescheinigung (ab einem Betrag von 200 EUR erforderlich) senden Sie bitte Ihre Adress\u00addaten an <a href=\"mailto:finanzen@libmod.de\">finanzen@libmod.de<\/a>[\/vc_column_text][\/vc_column][vc_column width=\u201c1\/3\u201d el_class=\u201cdimmer\u201d][vc_empty_space height=\u201c130px\u201d][vc_column_text css=\u201c\u201d]<\/p>\n<h2>Related Content<\/h2>\n<p>[\/vc_column_text][vc_basic_grid post_type=\u201cpost\u201d max_items=\u201c3\u201d element_width=\u201c12\u201d item=\u201c24066\u201d css=\u201d.vc_custom_1774521982557{background-color: #ffffff !important;}\u201d grid_id=\u201cvc_gid:1775550431454-db6fcaa3-6735\u201310\u201d taxonomies=\u201c75, 2639, 768\u201d][vc_row_inner css=\u201d.vc_custom_1508164629489{margin-top: 30px !important;margin-right: 0px !important;margin-left: 0px !important;background-color: #03d0b6 !important;}\u201d][vc_column_inner][vc_column_text css=\u201d.vc_custom_1724227896578{margin-top: \u201115px !important;}\u201d]<\/p>\n<h2><span style=\"color: #ffffff;\">Newsletter bestellen<\/span><\/h2>\n<p>[\/vc_column_text][vc_column_text css=\u201d.vc_custom_1724227932727{margin-top: \u201110px !important;}\u201d]Bleiben Sie auf dem Laufenden mit unserem regelm\u00e4\u00dfigen Newsletter zu allen relevanten&nbsp;Themen.<\/p>\n<p><script>(function() {\n\twindow.mc4wp = window.mc4wp || {\n\t\tlisteners: [],\n\t\tforms: {\n\t\t\ton: function(evt, cb) {\n\t\t\t\twindow.mc4wp.listeners.push(\n\t\t\t\t\t{\n\t\t\t\t\t\tevent   : evt,\n\t\t\t\t\t\tcallback: cb\n\t\t\t\t\t}\n\t\t\t\t);\n\t\t\t}\n\t\t}\n\t}\n})();\n<\/script><!-- Mailchimp for WordPress v4.12.2 - https:\/\/wordpress.org\/plugins\/mailchimp-for-wp\/ --><\/p><form id=\"mc4wp-form-1\" class=\"mc4wp-form mc4wp-form-24179 mc4wp-form-styles-builder mc4wp-ajax\" method=\"post\" data-id=\"24179\" data-name=\"LibMod Newsletter\"><div class=\"mc4wp-form-fields\"><p>\n    <label>Anrede\u2002 \u2002\u2003<\/label>\n    <select name=\"ANREDE\" required>\n        <option value=\"Frau\" selected=\"true\">Frau<\/option>\n        <option value=\"Herr\">Herr<\/option>\n        <option value=\"X\">X<\/option>\n    <\/select>\n<\/p>\n<p>\n    <label>Insti\u00adtution\u2003<\/label>\n    <input name=\"MMERGE3\" type=\"text\">\n<\/p>\n<p>\n    <label>Nachname \u2002<\/label>\n    <input name=\"MMERGE2\" required type=\"text\">\n<\/p>\n<p>\n    <label>Vorname\u2002 \u2003<\/label>\n    <input name=\"MMERGE1\" required type=\"text\">\n<\/p>\n<p>\n    <label>Kategorie\u2002\u2003<\/label>\n    <select name=\"KATEGORIE\" required>\n        <option value=\"Newsletter\" selected=\"true\">Newsletter<\/option>\n    <\/select>\n<\/p>\n<p><input type=\"email\" name=\"EMAIL\" placeholder=\"Ihre Mail-Addresse\" required>\n<\/p><p>Mit unseren <span style=\"color: #000000;\"><a style=\"color: #000000;\" href=\"https:\/\/libmod.de\/datenschutzerklaerung\/\" target=\"_blank\" rel=\"noopener\">Daten\u00adschutzbes\u00adtim\u00admungen<\/a><\/span> <br>erkl\u00e4ren Sie sich einverstanden.<br><br>\n<input type=\"submit\" value=\"Absenden\"><br><\/p><\/div><label style=\"display: none !important;\">Leave this field empty if you\u2019re&nbsp;human:&nbsp;<input type=\"text\" name=\"_mc4wp_honeypot\" value tabindex=\"-1\" autocomplete=\"off\"><\/label><input type=\"hidden\" name=\"_mc4wp_timestamp\" value=\"1777797770\"><input type=\"hidden\" name=\"_mc4wp_form_id\" value=\"24179\"><input type=\"hidden\" name=\"_mc4wp_form_element_id\" value=\"mc4wp-form-1\"><div class=\"mc4wp-response\"><\/div><\/form><!-- \/ Mailchimp for WordPress Plugin -->[\/vc_column_text][\/vc_column_inner][\/vc_row_inner][\/vc_column][\/vc_row][vc_row][vc_column][\/vc_column][\/vc_row][vc_row][vc_column][\/vc_column][\/vc_row]\n<\/div>","protected":false},"excerpt":{"rendered":"<p>Nachdem er mehr als ein Jahrzehnt lang keinen ernstzunehmenden Heraus\u00adforderer hatte, sieht sich der ungarische Minis\u00adter\u00adpr\u00e4sident Viktor Orb\u00e1n nun in einem \u00e4u\u00dferst knappen Wahlkampf mit einem Gegner konfron\u00adtiert, der ihn aus dem Amt verdr\u00e4ngen k\u00f6nnte, schreibt Zsuzsanna Szel\u00e9nyi in ihrer Analyse. Sie ist ehemalige ungarische Abgeordnete, Direk\u00adtorin des Demokratie\u00adin\u00adstituts der Central European University und Autorin des Buches \u201eTainted Democracy: Viktor Orb\u00e1n and the Subversion of&nbsp;Hungary\u201c.<\/p>\n","protected":false},"author":431,"featured_media":78355,"comment_status":"closed","ping_status":"closed","sticky":false,"template":"","format":"standard","meta":{"_acf_changed":false,"wp_typography_post_enhancements_disabled":false,"mc4wp_mailchimp_campaign":[],"footnotes":""},"categories":[1894],"tags":[],"class_list":["post-78349","post","type-post","status-publish","format-standard","has-post-thumbnail","category-uncategorized"],"acf":[],"yoast_head":"<!-- This site is optimized with the Yoast SEO Premium plugin v27.4 (Yoast SEO v27.5) - https:\/\/yoast.com\/product\/yoast-seo-premium-wordpress\/ -->\n<title>Elections in Hungary \u2013 the increasingly radical campaign signals what is at stake - libmod.de - Zentrum Liberale Moderne<\/title>\n<meta name=\"description\" content=\"After more than a decade of not facing a credible challenger, Hungarian Prime Minister Viktor Orb\u00e1n is contending with an extremely tight electoral contest that could see him being forced out of power, writes Zsuzsanna Szelenyi in her analysis in the run-up of the elections. She is a former Hungarian MP, director of the Central European University\u2019s Democracy Institute, and the author of \u2018Tainted Democracy: Viktor Orban and the Subversion of Hungary\u2019.\" \/>\n<meta name=\"robots\" content=\"index, follow, max-snippet:-1, max-image-preview:large, max-video-preview:-1\" \/>\n<link rel=\"canonical\" href=\"https:\/\/libmod.de\/en\/elections-in-hungary-the-increasingly-radical-campaign-signals-what-is-at-stake\/\" \/>\n<meta property=\"og:locale\" content=\"en_US\" \/>\n<meta property=\"og:type\" content=\"article\" \/>\n<meta property=\"og:title\" content=\"Elections in Hungary \u2013 the increasingly radical campaign signals what is at stake\" \/>\n<meta property=\"og:description\" content=\"After more than a decade of not facing a credible challenger, Hungarian Prime Minister Viktor Orb\u00e1n is contending with an extremely tight electoral contest that could see him being forced out of power, writes Zsuzsanna Szelenyi in her analysis in the run-up of the elections. She is a former Hungarian MP, director of the Central European University\u2019s Democracy Institute, and the author of \u2018Tainted Democracy: Viktor Orban and the Subversion of Hungary\u2019.\" \/>\n<meta property=\"og:url\" content=\"https:\/\/libmod.de\/en\/elections-in-hungary-the-increasingly-radical-campaign-signals-what-is-at-stake\/\" \/>\n<meta property=\"og:site_name\" content=\"libmod.de - Zentrum Liberale Moderne\" \/>\n<meta property=\"article:publisher\" content=\"https:\/\/www.facebook.com\/LiberaleModerne\/\" \/>\n<meta property=\"article:published_time\" content=\"2026-04-07T06:57:23+00:00\" \/>\n<meta property=\"article:modified_time\" content=\"2026-04-07T08:27:36+00:00\" \/>\n<meta property=\"og:image\" content=\"https:\/\/libmodredaktion.fra1.digitaloceanspaces.com\/wp-content\/uploads\/20260407102045\/Selenyi800.jpg\" \/>\n\t<meta property=\"og:image:width\" content=\"1200\" \/>\n\t<meta property=\"og:image:height\" content=\"800\" \/>\n\t<meta property=\"og:image:type\" content=\"image\/jpeg\" \/>\n<meta name=\"author\" content=\"Zsuzsanna Szel\u00e9nyi\" \/>\n<meta name=\"twitter:card\" content=\"summary_large_image\" \/>\n<meta name=\"twitter:creator\" content=\"@liberalemoderne\" \/>\n<meta name=\"twitter:site\" content=\"@liberalemoderne\" \/>\n<meta name=\"twitter:label1\" content=\"Written by\" \/>\n\t<meta name=\"twitter:data1\" content=\"Zsuzsanna Szel\u00e9nyi\" \/>\n\t<meta name=\"twitter:label2\" content=\"Est. reading time\" \/>\n\t<meta name=\"twitter:data2\" content=\"10 minutes\" \/>\n<script type=\"application\/ld+json\" class=\"yoast-schema-graph\">{\"@context\":\"https:\\\/\\\/schema.org\",\"@graph\":[{\"@type\":\"Article\",\"@id\":\"https:\\\/\\\/libmod.de\\\/en\\\/elections-in-hungary-the-increasingly-radical-campaign-signals-what-is-at-stake\\\/#article\",\"isPartOf\":{\"@id\":\"https:\\\/\\\/libmod.de\\\/en\\\/elections-in-hungary-the-increasingly-radical-campaign-signals-what-is-at-stake\\\/\"},\"author\":{\"name\":\"Zsuzsanna Szel\u00e9nyi\",\"@id\":\"https:\\\/\\\/libmod.de\\\/#\\\/schema\\\/person\\\/fcf0a9f921a0fa28d5d1064e9af95be4\"},\"headline\":\"Elections in Hungary \u2013 the increas\u00adingly radical campaign signals what is at&nbsp;stake\",\"datePublished\":\"2026-04-07T06:57:23+00:00\",\"dateModified\":\"2026-04-07T08:27:36+00:00\",\"mainEntityOfPage\":{\"@id\":\"https:\\\/\\\/libmod.de\\\/en\\\/elections-in-hungary-the-increasingly-radical-campaign-signals-what-is-at-stake\\\/\"},\"wordCount\":1828,\"publisher\":{\"@id\":\"https:\\\/\\\/libmod.de\\\/#organization\"},\"image\":{\"@id\":\"https:\\\/\\\/libmod.de\\\/en\\\/elections-in-hungary-the-increasingly-radical-campaign-signals-what-is-at-stake\\\/#primaryimage\"},\"thumbnailUrl\":\"https:\\\/\\\/libmodredaktion.fra1.digitaloceanspaces.com\\\/wp-content\\\/uploads\\\/20260407102045\\\/Selenyi800.jpg\",\"articleSection\":[\"\u200c\"],\"inLanguage\":\"en-US\"},{\"@type\":\"WebPage\",\"@id\":\"https:\\\/\\\/libmod.de\\\/en\\\/elections-in-hungary-the-increasingly-radical-campaign-signals-what-is-at-stake\\\/\",\"url\":\"https:\\\/\\\/libmod.de\\\/en\\\/elections-in-hungary-the-increasingly-radical-campaign-signals-what-is-at-stake\\\/\",\"name\":\"Elections in Hungary \u2013 the increasingly radical campaign signals what is at stake - libmod.de - Zentrum Liberale Moderne\",\"isPartOf\":{\"@id\":\"https:\\\/\\\/libmod.de\\\/#website\"},\"primaryImageOfPage\":{\"@id\":\"https:\\\/\\\/libmod.de\\\/en\\\/elections-in-hungary-the-increasingly-radical-campaign-signals-what-is-at-stake\\\/#primaryimage\"},\"image\":{\"@id\":\"https:\\\/\\\/libmod.de\\\/en\\\/elections-in-hungary-the-increasingly-radical-campaign-signals-what-is-at-stake\\\/#primaryimage\"},\"thumbnailUrl\":\"https:\\\/\\\/libmodredaktion.fra1.digitaloceanspaces.com\\\/wp-content\\\/uploads\\\/20260407102045\\\/Selenyi800.jpg\",\"datePublished\":\"2026-04-07T06:57:23+00:00\",\"dateModified\":\"2026-04-07T08:27:36+00:00\",\"description\":\"After more than a decade of not facing a credible challenger, Hungarian Prime Minister Viktor Orb\u00e1n is contending with an extremely tight electoral contest that could see him being forced out of power, writes Zsuzsanna Szelenyi in her analysis in the run-up of the elections. She is a former Hungarian MP, director of the Central European University\u2019s Democracy Institute, and the author of \u2018Tainted Democracy: Viktor Orban and the Subversion of Hungary\u2019.\",\"breadcrumb\":{\"@id\":\"https:\\\/\\\/libmod.de\\\/en\\\/elections-in-hungary-the-increasingly-radical-campaign-signals-what-is-at-stake\\\/#breadcrumb\"},\"inLanguage\":\"en-US\",\"potentialAction\":[{\"@type\":\"ReadAction\",\"target\":[\"https:\\\/\\\/libmod.de\\\/en\\\/elections-in-hungary-the-increasingly-radical-campaign-signals-what-is-at-stake\\\/\"]}]},{\"@type\":\"ImageObject\",\"inLanguage\":\"en-US\",\"@id\":\"https:\\\/\\\/libmod.de\\\/en\\\/elections-in-hungary-the-increasingly-radical-campaign-signals-what-is-at-stake\\\/#primaryimage\",\"url\":\"https:\\\/\\\/libmodredaktion.fra1.digitaloceanspaces.com\\\/wp-content\\\/uploads\\\/20260407102045\\\/Selenyi800.jpg\",\"contentUrl\":\"https:\\\/\\\/libmodredaktion.fra1.digitaloceanspaces.com\\\/wp-content\\\/uploads\\\/20260407102045\\\/Selenyi800.jpg\",\"width\":1200,\"height\":800},{\"@type\":\"BreadcrumbList\",\"@id\":\"https:\\\/\\\/libmod.de\\\/en\\\/elections-in-hungary-the-increasingly-radical-campaign-signals-what-is-at-stake\\\/#breadcrumb\",\"itemListElement\":[{\"@type\":\"ListItem\",\"position\":1,\"name\":\"Startseite\",\"item\":\"https:\\\/\\\/libmod.de\\\/en\\\/\"},{\"@type\":\"ListItem\",\"position\":2,\"name\":\"Elections in Hungary \u2013 the increasingly radical campaign signals what is at stake\"}]},{\"@type\":\"WebSite\",\"@id\":\"https:\\\/\\\/libmod.de\\\/#website\",\"url\":\"https:\\\/\\\/libmod.de\\\/\",\"name\":\"libmod.de - Zentrum Liberale Moderne\",\"description\":\"Think Tank f\u00fcr Politik in Berlin\",\"publisher\":{\"@id\":\"https:\\\/\\\/libmod.de\\\/#organization\"},\"potentialAction\":[{\"@type\":\"SearchAction\",\"target\":{\"@type\":\"EntryPoint\",\"urlTemplate\":\"https:\\\/\\\/libmod.de\\\/?s={search_term_string}\"},\"query-input\":{\"@type\":\"PropertyValueSpecification\",\"valueRequired\":true,\"valueName\":\"search_term_string\"}}],\"inLanguage\":\"en-US\"},{\"@type\":\"Organization\",\"@id\":\"https:\\\/\\\/libmod.de\\\/#organization\",\"name\":\"Zentrum Liberale Moderne\",\"url\":\"https:\\\/\\\/libmod.de\\\/\",\"logo\":{\"@type\":\"ImageObject\",\"inLanguage\":\"en-US\",\"@id\":\"https:\\\/\\\/libmod.de\\\/#\\\/schema\\\/logo\\\/image\\\/\",\"url\":\"https:\\\/\\\/libmodredaktion.fra1.digitaloceanspaces.com\\\/wp-content\\\/uploads\\\/20240905145818\\\/LibMod_Logo_XL.jpg\",\"contentUrl\":\"https:\\\/\\\/libmodredaktion.fra1.digitaloceanspaces.com\\\/wp-content\\\/uploads\\\/20240905145818\\\/LibMod_Logo_XL.jpg\",\"width\":1439,\"height\":615,\"caption\":\"Zentrum Liberale Moderne\"},\"image\":{\"@id\":\"https:\\\/\\\/libmod.de\\\/#\\\/schema\\\/logo\\\/image\\\/\"},\"sameAs\":[\"https:\\\/\\\/www.facebook.com\\\/LiberaleModerne\\\/\",\"https:\\\/\\\/x.com\\\/liberalemoderne\",\"https:\\\/\\\/www.youtube.com\\\/channel\\\/UC4Yl_V4pm1LwryD04ky54SA\",\"https:\\\/\\\/www.instagram.com\\\/libmod\\\/\",\"https:\\\/\\\/bsky.app\\\/profile\\\/libmod.de\"],\"description\":\"Das Zentrum Liberale Moderne ist ein politischer Think Tank und eine Debattenplattform. LibMod steht f\u00fcr die Verteidigung und Erneuerung der liberalen Demokratie, f\u00fcr den Aufbruch in die \u00f6kologische Moderne und f\u00fcr eine fundierte Osteuropa-Expertise.\"},{\"@type\":\"Person\",\"@id\":\"https:\\\/\\\/libmod.de\\\/#\\\/schema\\\/person\\\/fcf0a9f921a0fa28d5d1064e9af95be4\",\"name\":\"Zsuzsanna Szel\u00e9nyi\",\"image\":{\"@type\":\"ImageObject\",\"inLanguage\":\"en-US\",\"@id\":\"https:\\\/\\\/libmodredaktion.fra1.digitaloceanspaces.com\\\/wp-content\\\/uploads\\\/20240905144807\\\/User-150x150.png\",\"url\":\"https:\\\/\\\/libmodredaktion.fra1.digitaloceanspaces.com\\\/wp-content\\\/uploads\\\/20240905144807\\\/User-150x150.png\",\"contentUrl\":\"https:\\\/\\\/libmodredaktion.fra1.digitaloceanspaces.com\\\/wp-content\\\/uploads\\\/20240905144807\\\/User-150x150.png\",\"caption\":\"Zsuzsanna Szel\u00e9nyi\"},\"url\":\"https:\\\/\\\/libmod.de\\\/en\\\/author\\\/zsuszanna-selenyi\\\/\"}]}<\/script>\n<!-- \/ Yoast SEO Premium plugin. -->","yoast_head_json":{"title":"Elections in Hungary \u2013 the increasingly radical campaign signals what is at stake - libmod.de - Zentrum Liberale Moderne","description":"After more than a decade of not facing a credible challenger, Hungarian Prime Minister Viktor Orb\u00e1n is contending with an extremely tight electoral contest that could see him being forced out of power, writes Zsuzsanna Szelenyi in her analysis in the run-up of the elections. She is a former Hungarian MP, director of the Central European University\u2019s Democracy Institute, and the author of \u2018Tainted Democracy: Viktor Orban and the Subversion of Hungary\u2019.","robots":{"index":"index","follow":"follow","max-snippet":"max-snippet:-1","max-image-preview":"max-image-preview:large","max-video-preview":"max-video-preview:-1"},"canonical":"https:\/\/libmod.de\/en\/elections-in-hungary-the-increasingly-radical-campaign-signals-what-is-at-stake\/","og_locale":"en_US","og_type":"article","og_title":"Elections in Hungary \u2013 the increasingly radical campaign signals what is at stake","og_description":"After more than a decade of not facing a credible challenger, Hungarian Prime Minister Viktor Orb\u00e1n is contending with an extremely tight electoral contest that could see him being forced out of power, writes Zsuzsanna Szelenyi in her analysis in the run-up of the elections. She is a former Hungarian MP, director of the Central European University\u2019s Democracy Institute, and the author of \u2018Tainted Democracy: Viktor Orban and the Subversion of Hungary\u2019.","og_url":"https:\/\/libmod.de\/en\/elections-in-hungary-the-increasingly-radical-campaign-signals-what-is-at-stake\/","og_site_name":"libmod.de - Zentrum Liberale Moderne","article_publisher":"https:\/\/www.facebook.com\/LiberaleModerne\/","article_published_time":"2026-04-07T06:57:23+00:00","article_modified_time":"2026-04-07T08:27:36+00:00","og_image":[{"width":1200,"height":800,"url":"https:\/\/libmodredaktion.fra1.digitaloceanspaces.com\/wp-content\/uploads\/20260407102045\/Selenyi800.jpg","type":"image\/jpeg"}],"author":"Zsuzsanna Szel\u00e9nyi","twitter_card":"summary_large_image","twitter_creator":"@liberalemoderne","twitter_site":"@liberalemoderne","twitter_misc":{"Written by":"Zsuzsanna Szel\u00e9nyi","Est. reading time":"10 minutes"},"schema":{"@context":"https:\/\/schema.org","@graph":[{"@type":"Article","@id":"https:\/\/libmod.de\/en\/elections-in-hungary-the-increasingly-radical-campaign-signals-what-is-at-stake\/#article","isPartOf":{"@id":"https:\/\/libmod.de\/en\/elections-in-hungary-the-increasingly-radical-campaign-signals-what-is-at-stake\/"},"author":{"name":"Zsuzsanna Szel\u00e9nyi","@id":"https:\/\/libmod.de\/#\/schema\/person\/fcf0a9f921a0fa28d5d1064e9af95be4"},"headline":"Elections in Hungary \u2013 the increas\u00adingly radical campaign signals what is at&nbsp;stake","datePublished":"2026-04-07T06:57:23+00:00","dateModified":"2026-04-07T08:27:36+00:00","mainEntityOfPage":{"@id":"https:\/\/libmod.de\/en\/elections-in-hungary-the-increasingly-radical-campaign-signals-what-is-at-stake\/"},"wordCount":1828,"publisher":{"@id":"https:\/\/libmod.de\/#organization"},"image":{"@id":"https:\/\/libmod.de\/en\/elections-in-hungary-the-increasingly-radical-campaign-signals-what-is-at-stake\/#primaryimage"},"thumbnailUrl":"https:\/\/libmodredaktion.fra1.digitaloceanspaces.com\/wp-content\/uploads\/20260407102045\/Selenyi800.jpg","articleSection":["\u200c"],"inLanguage":"en-US"},{"@type":"WebPage","@id":"https:\/\/libmod.de\/en\/elections-in-hungary-the-increasingly-radical-campaign-signals-what-is-at-stake\/","url":"https:\/\/libmod.de\/en\/elections-in-hungary-the-increasingly-radical-campaign-signals-what-is-at-stake\/","name":"Elections in Hungary \u2013 the increasingly radical campaign signals what is at stake - libmod.de - Zentrum Liberale Moderne","isPartOf":{"@id":"https:\/\/libmod.de\/#website"},"primaryImageOfPage":{"@id":"https:\/\/libmod.de\/en\/elections-in-hungary-the-increasingly-radical-campaign-signals-what-is-at-stake\/#primaryimage"},"image":{"@id":"https:\/\/libmod.de\/en\/elections-in-hungary-the-increasingly-radical-campaign-signals-what-is-at-stake\/#primaryimage"},"thumbnailUrl":"https:\/\/libmodredaktion.fra1.digitaloceanspaces.com\/wp-content\/uploads\/20260407102045\/Selenyi800.jpg","datePublished":"2026-04-07T06:57:23+00:00","dateModified":"2026-04-07T08:27:36+00:00","description":"After more than a decade of not facing a credible challenger, Hungarian Prime Minister Viktor Orb\u00e1n is contending with an extremely tight electoral contest that could see him being forced out of power, writes Zsuzsanna Szelenyi in her analysis in the run-up of the elections. She is a former Hungarian MP, director of the Central European University\u2019s Democracy Institute, and the author of \u2018Tainted Democracy: Viktor Orban and the Subversion of Hungary\u2019.","breadcrumb":{"@id":"https:\/\/libmod.de\/en\/elections-in-hungary-the-increasingly-radical-campaign-signals-what-is-at-stake\/#breadcrumb"},"inLanguage":"en-US","potentialAction":[{"@type":"ReadAction","target":["https:\/\/libmod.de\/en\/elections-in-hungary-the-increasingly-radical-campaign-signals-what-is-at-stake\/"]}]},{"@type":"ImageObject","inLanguage":"en-US","@id":"https:\/\/libmod.de\/en\/elections-in-hungary-the-increasingly-radical-campaign-signals-what-is-at-stake\/#primaryimage","url":"https:\/\/libmodredaktion.fra1.digitaloceanspaces.com\/wp-content\/uploads\/20260407102045\/Selenyi800.jpg","contentUrl":"https:\/\/libmodredaktion.fra1.digitaloceanspaces.com\/wp-content\/uploads\/20260407102045\/Selenyi800.jpg","width":1200,"height":800},{"@type":"BreadcrumbList","@id":"https:\/\/libmod.de\/en\/elections-in-hungary-the-increasingly-radical-campaign-signals-what-is-at-stake\/#breadcrumb","itemListElement":[{"@type":"ListItem","position":1,"name":"Startseite","item":"https:\/\/libmod.de\/en\/"},{"@type":"ListItem","position":2,"name":"Elections in Hungary \u2013 the increasingly radical campaign signals what is at stake"}]},{"@type":"WebSite","@id":"https:\/\/libmod.de\/#website","url":"https:\/\/libmod.de\/","name":"libmod.de - Zentrum Liberale Moderne","description":"Think Tank f\u00fcr Politik in Berlin","publisher":{"@id":"https:\/\/libmod.de\/#organization"},"potentialAction":[{"@type":"SearchAction","target":{"@type":"EntryPoint","urlTemplate":"https:\/\/libmod.de\/?s={search_term_string}"},"query-input":{"@type":"PropertyValueSpecification","valueRequired":true,"valueName":"search_term_string"}}],"inLanguage":"en-US"},{"@type":"Organization","@id":"https:\/\/libmod.de\/#organization","name":"Zentrum Liberale Moderne","url":"https:\/\/libmod.de\/","logo":{"@type":"ImageObject","inLanguage":"en-US","@id":"https:\/\/libmod.de\/#\/schema\/logo\/image\/","url":"https:\/\/libmodredaktion.fra1.digitaloceanspaces.com\/wp-content\/uploads\/20240905145818\/LibMod_Logo_XL.jpg","contentUrl":"https:\/\/libmodredaktion.fra1.digitaloceanspaces.com\/wp-content\/uploads\/20240905145818\/LibMod_Logo_XL.jpg","width":1439,"height":615,"caption":"Zentrum Liberale Moderne"},"image":{"@id":"https:\/\/libmod.de\/#\/schema\/logo\/image\/"},"sameAs":["https:\/\/www.facebook.com\/LiberaleModerne\/","https:\/\/x.com\/liberalemoderne","https:\/\/www.youtube.com\/channel\/UC4Yl_V4pm1LwryD04ky54SA","https:\/\/www.instagram.com\/libmod\/","https:\/\/bsky.app\/profile\/libmod.de"],"description":"Das Zentrum Liberale Moderne ist ein politischer Think Tank und eine Debattenplattform. LibMod steht f\u00fcr die Verteidigung und Erneuerung der liberalen Demokratie, f\u00fcr den Aufbruch in die \u00f6kologische Moderne und f\u00fcr eine fundierte Osteuropa-Expertise."},{"@type":"Person","@id":"https:\/\/libmod.de\/#\/schema\/person\/fcf0a9f921a0fa28d5d1064e9af95be4","name":"Zsuzsanna Szel\u00e9nyi","image":{"@type":"ImageObject","inLanguage":"en-US","@id":"https:\/\/libmodredaktion.fra1.digitaloceanspaces.com\/wp-content\/uploads\/20240905144807\/User-150x150.png","url":"https:\/\/libmodredaktion.fra1.digitaloceanspaces.com\/wp-content\/uploads\/20240905144807\/User-150x150.png","contentUrl":"https:\/\/libmodredaktion.fra1.digitaloceanspaces.com\/wp-content\/uploads\/20240905144807\/User-150x150.png","caption":"Zsuzsanna Szel\u00e9nyi"},"url":"https:\/\/libmod.de\/en\/author\/zsuszanna-selenyi\/"}]}},"menu_order":1,"_links":{"self":[{"href":"https:\/\/libmod.de\/en\/wp-json\/wp\/v2\/posts\/78349","targetHints":{"allow":["GET"]}}],"collection":[{"href":"https:\/\/libmod.de\/en\/wp-json\/wp\/v2\/posts"}],"about":[{"href":"https:\/\/libmod.de\/en\/wp-json\/wp\/v2\/types\/post"}],"author":[{"embeddable":true,"href":"https:\/\/libmod.de\/en\/wp-json\/wp\/v2\/users\/431"}],"replies":[{"embeddable":true,"href":"https:\/\/libmod.de\/en\/wp-json\/wp\/v2\/comments?post=78349"}],"version-history":[{"count":4,"href":"https:\/\/libmod.de\/en\/wp-json\/wp\/v2\/posts\/78349\/revisions"}],"predecessor-version":[{"id":78358,"href":"https:\/\/libmod.de\/en\/wp-json\/wp\/v2\/posts\/78349\/revisions\/78358"}],"wp:featuredmedia":[{"embeddable":true,"href":"https:\/\/libmod.de\/en\/wp-json\/wp\/v2\/media\/78355"}],"wp:attachment":[{"href":"https:\/\/libmod.de\/en\/wp-json\/wp\/v2\/media?parent=78349"}],"wp:term":[{"taxonomy":"category","embeddable":true,"href":"https:\/\/libmod.de\/en\/wp-json\/wp\/v2\/categories?post=78349"},{"taxonomy":"post_tag","embeddable":true,"href":"https:\/\/libmod.de\/en\/wp-json\/wp\/v2\/tags?post=78349"}],"curies":[{"name":"wp","href":"https:\/\/api.w.org\/{rel}","templated":true}]}}