{"id":79452,"date":"2026-07-16T14:24:28","date_gmt":"2026-07-16T12:24:28","guid":{"rendered":"https:\/\/libmod.de\/?p=79452"},"modified":"2026-08-28T12:51:25","modified_gmt":"2026-08-28T10:51:25","slug":"conference-russia-and-the-west-2026-programme","status":"publish","type":"post","link":"https:\/\/libmod.de\/en\/conference-russia-and-the-west-2026-programme\/","title":{"rendered":"Russia and the West \u2013&nbsp;2026"},"content":{"rendered":"<div class=\"wpb-content-wrapper\" id=\"wpb-content-root\"><p>[vc_row][vc_column][vc_single_image image=\u201c79529\u201d img_size=\u201cfull\u201d][\/vc_column][\/vc_row][vc_row css=\u201d.vc_custom_1508251598805{margin-top: 30px !important;}\u201d][vc_column width=\u201c2\/3\u201d css=\u201d.vc_custom_1508252250311{padding-right: 20px !important;}\u201d][vc_column_text css_animation=\u201cnone\u201d]<\/p>\n<div class=\"title-h1 title-h4\">Center for Liberale Modernity \u2013 <a href=\"https:\/\/libmod.de\/en\/network-russia\/\">Russia Programme<\/a><\/div>\n<div class=\"title-h1 title-h4\">Annual Conference<\/div>\n<div class=\"title-h1 title-h4\">\n<p><strong><strong><strong>RUSSIA AND THE&nbsp;WEST<\/strong><\/strong><\/strong><\/p>\n<p><strong>Prospects for ending the war, Russia\u2019s domestic dynamics and Europe\u2019s strategy for a&nbsp;post-war Russia<\/strong><\/p>\n<\/div>\n<div class=\"title-h4\"><!--more--><\/div>\n<p>14 October 2026 (Wednesday)<br>\nReinhardt\u00adstra\u00dfenh\u00f6fe, <span class=\"TextRun SCXW120583133 BCX2\" lang=\"DE-DE\" xml:lang=\"DE-DE\" data-contrast=\"auto\"><span class=\"NormalTextRun SCXW120583133 BCX2\">(<\/span><\/span><span class=\"TextRun SCXW120583133 BCX2\" lang=\"DE-DE\" xml:lang=\"DE-DE\" data-contrast=\"auto\"><span class=\"NormalTextRun SCXW120583133 BCX2\">Reinhardt\u00adstra\u00dfe 14, 10117 Berlin)<\/span><\/span><span class=\"TextRun SCXW120583133 BCX2\" lang=\"DE-DE\" xml:lang=\"DE-DE\" data-contrast=\"auto\"><span class=\"NormalTextRun SCXW120583133 BCX2\"> &amp;&nbsp;<\/span><\/span>Online[\/vc_column_text]<\/p><div class=\"gem-button-container gem-button-position-inline thegem-button-6a975c354d7cb9117    \"><a class=\"gem-button gem-button-size-small gem-button-style-flat gem-button-text-weight-normal\" data-ll-effect=\"drop-right-without-wrap\" style=\"border-radius: 3px;\" onmouseleave onmouseenter href=\"https:\/\/forms.cloud.microsoft\/Pages\/ResponsePage.aspx?id=UgDKnAL4k0itQTkwtBgiiWxTsWKf4tZCjI2ZaLU12JhUNDBYTU5RS1JESERWOFA0SUFKMUNGT1hCQSQlQCN0PWcu\" target=\"_blank\">REGISTER HERE<\/a><\/div> [vc_\u200bcolumn_\u200btext css_animation=\u201cnone\u201d]With Russia\u2019s full-scale aggression against Ukraine approaching its sixth year, the Kremlin finds itself in an increas\u00adingly challenging situation, both on the battle\u00adfield and at&nbsp;home.\n<p>The Russian army\u2019s advances in south-east Ukraine have slowed sharply over the past year. Moscow is trying to compensate for this lack of success by inten\u00adsi\u00adfying drone and missile attacks on Ukraine\u2019s cities and infra\u00adstructure. The lack of missile defence leaves Ukraine increas\u00adingly vulnerable to these attacks. The country is facing an extremely harsh&nbsp;winter.<\/p>\n<p>At the same time, Kyiv is conducting mid- and long-range counter\u00adstrikes against energy infra\u00adstructure, economic and military targets across Russia. The war has finally come home to&nbsp;Russia.<\/p>\n<p>While Putin has so far managed to preserve domestic stability, he is facing increas\u00adingly negative economic trends. Large sections of the population can no longer ignore the impact of the&nbsp;war.<\/p>\n<p>Although there is no indication that regime collapse is imminent or indeed likely, tensions are becoming more visible. Ultra-nation\u00adalist hardliners are calling for a&nbsp;more aggressive war strategy, tougher domestic repression, and open confrontation with the West. Voices within the estab\u00adlishment express doubts that the war can be won. Yabloko\u2019s exclusion from the upcoming Duma elections shows that the Kremlin fears growing war&nbsp;weariness.<\/p>\n<p>The conference will focus on three major&nbsp;questions:<\/p>\n<ul>\n<li>What do these devel\u00adop\u00adments mean for Russia\u2019s domestic dynamics, the prospects for ending the war, and Europe\u2019s Eastern&nbsp;policy?<\/li>\n<li>How should Europe deal with a&nbsp;post-war Russia? What are its key interests, and how should it balance deter\u00adrence and condi\u00adtional cooperation?<\/li>\n<li>How can Europe incen\u00adtivize the Russian elites to move away from a&nbsp;policy of confrontation in a&nbsp;post-Putin era without compro\u00admising the European normative order and making conces\u00adsions at the expense of&nbsp;others?<\/li>\n<\/ul>\n<p>[\/vc_column_text][vc_message message_box_color=\u201calert-info\u201d]<\/p>\n<p style=\"text-align: left;\"><em>Conference languages are English, German and Russian with simul\u00adta\u00adneous inter\u00adpre\u00adtation&nbsp;throughout.<\/em><\/p>\n<p>Please note that <a href=\"https:\/\/www.chathamhouse.org\/about-us\/chatham-house-rule\" target=\"_blank\" rel=\"noopener\">Chatham House Rules<\/a> apply to the conference (but <em>not<\/em> at the evening event).[\/vc_message][vc_column_text css_animation=\u201cnone\u201d]<\/p>\n<h4><strong>EXPERT CONFERENCE \u2013 <em>Draft agenda<\/em><\/strong><\/h4>\n<p>09:30&nbsp;&nbsp;&nbsp; Regis\u00adtration and Welcome&nbsp;Coffee<\/p>\n<p>10:00\u201310:15&nbsp;&nbsp;&nbsp;&nbsp;&nbsp;&nbsp; Opening: <strong>Ralf F\u00fccks,<\/strong> Center for Liberal&nbsp;Modernity<\/p>\n<p>10:15\u201311:30&nbsp;&nbsp;&nbsp;&nbsp;&nbsp;&nbsp; <strong>Session One<br>\nRussia at War: Military Pressure, Economic Strain, Regime&nbsp;Stability&nbsp;<\/strong><\/p>\n<p><em>In cooper\u00adation with the New Eurasian Strategies Centre (NEST)<\/em><\/p>\n<p><strong><u>Inputs:<br>\n<\/u><\/strong><\/p>\n<ul>\n<li><strong>Alexander Kolyandr<\/strong>, Europe Director, Eurasia Group; Senior Fellow, <span class=\"TextRun SCXW169381609 BCX2\" lang=\"EN-US\" xml:lang=\"EN-US\" data-contrast=\"auto\"><span class=\"NormalTextRun SCXW169381609 BCX2\">Center for European Policy Analysis (CEPA)<\/span><\/span><\/li>\n<li><strong>Ksenia Luchenko<\/strong>, Research Fellow, NEST&nbsp;Centre<\/li>\n<li><strong>Nikolai Petrov, <\/strong>Head of Analysis of Trans\u00adfor\u00admation Process, NEST&nbsp;Centre<\/li>\n<\/ul>\n<p>Moder\u00adation: <strong>John Lough<\/strong>, Head of Foreign Policy, NEST&nbsp;Centre<\/p>\n<p><strong><u>Comment:<\/u><\/strong><\/p>\n<ul>\n<li><strong>Moritz Schularick<\/strong>, Director of the Kiel Institute of the World Economy (tbc)<\/li>\n<\/ul>\n<hr>\n<p>11:30\u201312:00&nbsp;&nbsp;&nbsp;&nbsp;&nbsp;&nbsp; Coffee Break<\/p>\n<hr>\n<p>12:00\u201313:30&nbsp;&nbsp;&nbsp;&nbsp;&nbsp;&nbsp; <strong><u>Session Two <\/u><br>\nHow to <\/strong><strong>End the War in Ukraine and minimize the threat from Russia: Europe\u2019s&nbsp;Leverage<\/strong><\/p>\n<p><strong><u>Opening remarks: <\/u><\/strong><\/p>\n<ul>\n<li><strong>Andrius Kubilius<\/strong>, European Commis\u00adsioner for Defence and Space (tbc)<\/li>\n<\/ul>\n<p><strong><u>Comments:<\/u><\/strong><\/p>\n<ul>\n<li><strong>Piotr Buras<\/strong>, Head of the Warsaw office, European Council of Foreign Relations (ECFR) (tbc)<\/li>\n<li><strong>Dominik Mutter<\/strong>, Political Director at the German Federal Foreign&nbsp;Office<\/li>\n<li><strong>Oleksandr Sushko<\/strong>, Executive Director, Inter\u00adna\u00adtional Renais\u00adsance Foundation, Kyiv (tbc)<\/li>\n<\/ul>\n<hr>\n<p>13:30\u201314:30&nbsp;&nbsp;&nbsp;&nbsp;&nbsp;&nbsp; Lunch Break<\/p>\n<hr>\n<p>14:30\u201316:00&nbsp;&nbsp;&nbsp;&nbsp;&nbsp;&nbsp; <strong><u>Session Three<\/u><\/strong><br>\n<strong>Russia\u2019s Future, Europe\u2019s Security and Long-Term Russia&nbsp;Strategy<\/strong><\/p>\n<p><strong><u>Inputs: <\/u><\/strong><\/p>\n<ul>\n<li><strong><span class=\"s4\">Maria Doma\u0144ska<\/span><\/strong><span class=\"s4\">, <\/span><span class=\"s18\">Senior Fellow and Deputy Head of the Russian Department, <\/span><span class=\"s18\">Centre for Eastern Studies<\/span> (OSW),&nbsp;Warsaw<\/li>\n<li><strong>Mikhail Khodor\u00adkovsky<\/strong>, co-founder of the Russian Anti-War Committee (tbc)<\/li>\n<li><strong>Nico Lange<\/strong>, Senior Fellow, Transat\u00adlantic Defense and Security, Center for European Policy Analysis (CEPA); Senior Advisor, Rasmussen Global (tbc)<\/li>\n<li><strong>Fredrik L\u00f6jdquist,<\/strong> Director of the Stockholm Centre for Eastern European Studies (SCEEUS)<\/li>\n<\/ul>\n<p>16:00&nbsp;&nbsp;&nbsp; <strong>Closing Remarks<\/strong>[\/vc_column_text][vc_separator][vc_column_text css_animation=\u201cnone\u201d]<\/p>\n<h4 style=\"text-align: left;\"><strong>PUBLIC DISCUSSION <b><span data-contrast=\"auto\">19:00\u201321:30<\/span><\/b><\/strong><\/h4>\n<p style=\"text-align: left;\"><b><span data-contrast=\"auto\">Europe\u2019s Security and Long-Term Russia&nbsp;Strategy<\/span><\/b><\/p>\n<p>19:00 \u2013&nbsp;19:10&nbsp; &nbsp;<strong>Welcome:&nbsp;Ralf F\u00fccks<\/strong>, Center for Liberal&nbsp;Modernity<\/p>\n<p><strong>Keynote and Q&amp;A<\/strong><\/p>\n<p><strong>Andrius Kubilius<\/strong>, European Commis\u00adsioner for Defence and Space (tbc)<\/p>\n<p><strong>Panel Discussion<\/strong><\/p>\n<ul>\n<li><strong>Deborah D\u00fcring<\/strong>, Member of Parliament, Foreign Policy Spokesperson of the Green Party Group (tbc)<\/li>\n<li><strong>Mikhail Khodor\u00adkovsky<\/strong>,&nbsp;Co-Founder of the Russian Anti-War Committee (tbc)<\/li>\n<li><strong>\u017dygimantas Pavil\u00adionis<\/strong>, Member of the Lithuanian Seimas, Deputy Chairman of the Foreign Affairs&nbsp;Committee<\/li>\n<li><strong>Norbert R\u00f6ttgen<\/strong>, Member of Parliament, Deputy Chair of the CDU\/\u200bCSU Parlia\u00admentary Group (tbc)<\/li>\n<li><strong>Dr Nils Schmid<\/strong>, Member of Parliament, Parlia\u00admentary State Secretary at the Defence Ministry (tbc)<\/li>\n<\/ul>\n<p>[\/vc_column_text][vc_separator][\/vc_column][vc_column width=\u201c1\/3\u201d el_class=\u201cdimmer\u201d][vc_empty_space height=\u201c130px\u201d][vc_column_text]<\/p>\n<h2>Related topics<\/h2>\n<p>[\/vc_column_text][vc_basic_grid item=\u201c24066\u201d post_type=\u201cpost\u201d max_items=\u201c3\u201d css=\u201d.vc_custom_1758540920275{background-color: #ffffff !important;}\u201d element_width=\u201c12\u201d grid_id=\u201cvc_gid:1787908457356\u2013108b40fb-1088\u20138\u201d taxonomies=\u201c14967\u201d][\/vc_column][\/vc_row][vc_row][vc_column][\/vc_column][\/vc_row]<\/p>\n<\/div>","protected":false},"excerpt":{"rendered":"<p>Our annual conference \u201cRussia and the West\u201d will take place on 14 October this year. It will focus on the prospects for ending the war, on Russia\u2019s domestic dynamics and on Europe\u2019s strategy for a&nbsp;post-war Russia. The event will be followed by a&nbsp;public discussion.<\/p>\n","protected":false},"author":257,"featured_media":79537,"comment_status":"closed","ping_status":"closed","sticky":false,"template":"","format":"standard","meta":{"_acf_changed":false,"wp_typography_post_enhancements_disabled":false,"mc4wp_mailchimp_campaign":[],"footnotes":""},"categories":[1894],"tags":[15335],"class_list":["post-79452","post","type-post","status-publish","format-standard","has-post-thumbnail","category-uncategorized","tag-conference-russia-and-the-west"],"acf":[],"yoast_head":"<!-- This site is optimized with the Yoast SEO Premium plugin v28.3 (Yoast SEO v28.4) - https:\/\/yoast.com\/product\/yoast-seo-premium-wordpress\/ -->\n<title>Russia and the West \u2013 2026 - libmod.de - Zentrum Liberale Moderne<\/title>\n<meta name=\"description\" content=\"Our annual conference &quot;Russia and the West&quot; will take place on 14 October this year. It will focus on the prospects for ending the war, on Russia\u2019s domestic dynamics and on Europe\u2019s strategy for a post-war Russia. The event will be followed by a public discussion.\" \/>\n<meta name=\"robots\" content=\"index, nofollow, max-snippet:-1, max-image-preview:large, max-video-preview:-1\" \/>\n<link rel=\"canonical\" href=\"https:\/\/libmod.de\/en\/conference-russia-and-the-west-2026-programme\/\" \/>\n<meta property=\"og:locale\" content=\"en_US\" \/>\n<meta property=\"og:type\" content=\"article\" \/>\n<meta property=\"og:title\" content=\"Russia and the West \u2013 2026\" \/>\n<meta property=\"og:description\" content=\"Our annual conference &quot;Russia and the West&quot; will take place on 14 October this year. It will focus on the prospects for ending the war, on Russia\u2019s domestic dynamics and on Europe\u2019s strategy for a post-war Russia. The event will be followed by a public discussion.\" \/>\n<meta property=\"og:url\" content=\"https:\/\/libmod.de\/en\/conference-russia-and-the-west-2026-programme\/\" \/>\n<meta property=\"og:site_name\" content=\"libmod.de - Zentrum Liberale Moderne\" \/>\n<meta property=\"article:publisher\" content=\"https:\/\/www.facebook.com\/LiberaleModerne\/\" \/>\n<meta property=\"article:published_time\" content=\"2026-07-16T12:24:28+00:00\" \/>\n<meta property=\"article:modified_time\" content=\"2026-08-28T10:51:25+00:00\" \/>\n<meta property=\"og:image\" content=\"https:\/\/libmodredaktion.fra1.digitaloceanspaces.com\/wp-content\/uploads\/20260723140558\/2026_Russia-and-the-West_Image_Claim_Conference_1200x800.jpg\" \/>\n\t<meta property=\"og:image:width\" content=\"1200\" \/>\n\t<meta property=\"og:image:height\" content=\"800\" \/>\n\t<meta property=\"og:image:type\" content=\"image\/jpeg\" \/>\n<meta name=\"author\" content=\"\u2002\" \/>\n<meta name=\"twitter:card\" content=\"summary_large_image\" \/>\n<meta name=\"twitter:creator\" content=\"@liberalemoderne\" \/>\n<meta name=\"twitter:site\" content=\"@liberalemoderne\" \/>\n<meta name=\"twitter:label1\" content=\"Written by\" \/>\n\t<meta name=\"twitter:data1\" content=\"\u2002\" \/>\n\t<meta name=\"twitter:label2\" content=\"Est. reading time\" \/>\n\t<meta name=\"twitter:data2\" content=\"5 minutes\" \/>\n<script type=\"application\/ld+json\" class=\"yoast-schema-graph\">{\"@context\":\"https:\\\/\\\/schema.org\",\"@graph\":[{\"@type\":\"Article\",\"@id\":\"https:\\\/\\\/libmod.de\\\/en\\\/conference-russia-and-the-west-2026-programme\\\/#article\",\"isPartOf\":{\"@id\":\"https:\\\/\\\/libmod.de\\\/en\\\/conference-russia-and-the-west-2026-programme\\\/\"},\"author\":{\"name\":\"\u2002\",\"@id\":\"https:\\\/\\\/libmod.de\\\/#\\\/schema\\\/person\\\/fc1cdee020c47711c16afff6fcbad9af\"},\"headline\":\"Russia and the West \u2013&nbsp;2026\",\"datePublished\":\"2026-07-16T12:24:28+00:00\",\"dateModified\":\"2026-08-28T10:51:25+00:00\",\"mainEntityOfPage\":{\"@id\":\"https:\\\/\\\/libmod.de\\\/en\\\/conference-russia-and-the-west-2026-programme\\\/\"},\"wordCount\":865,\"publisher\":{\"@id\":\"https:\\\/\\\/libmod.de\\\/#organization\"},\"image\":{\"@id\":\"https:\\\/\\\/libmod.de\\\/en\\\/conference-russia-and-the-west-2026-programme\\\/#primaryimage\"},\"thumbnailUrl\":\"https:\\\/\\\/libmodredaktion.fra1.digitaloceanspaces.com\\\/wp-content\\\/uploads\\\/20260723140558\\\/2026_Russia-and-the-West_Image_Claim_Conference_1200x800.jpg\",\"keywords\":[\"Conference Russia and the West\"],\"articleSection\":[\"\u200c\"],\"inLanguage\":\"en-US\"},{\"@type\":\"WebPage\",\"@id\":\"https:\\\/\\\/libmod.de\\\/en\\\/conference-russia-and-the-west-2026-programme\\\/\",\"url\":\"https:\\\/\\\/libmod.de\\\/en\\\/conference-russia-and-the-west-2026-programme\\\/\",\"name\":\"Russia and the West \u2013 2026 - libmod.de - Zentrum Liberale Moderne\",\"isPartOf\":{\"@id\":\"https:\\\/\\\/libmod.de\\\/#website\"},\"primaryImageOfPage\":{\"@id\":\"https:\\\/\\\/libmod.de\\\/en\\\/conference-russia-and-the-west-2026-programme\\\/#primaryimage\"},\"image\":{\"@id\":\"https:\\\/\\\/libmod.de\\\/en\\\/conference-russia-and-the-west-2026-programme\\\/#primaryimage\"},\"thumbnailUrl\":\"https:\\\/\\\/libmodredaktion.fra1.digitaloceanspaces.com\\\/wp-content\\\/uploads\\\/20260723140558\\\/2026_Russia-and-the-West_Image_Claim_Conference_1200x800.jpg\",\"datePublished\":\"2026-07-16T12:24:28+00:00\",\"dateModified\":\"2026-08-28T10:51:25+00:00\",\"description\":\"Our annual conference \\\"Russia and the West\\\" will take place on 14 October this year. It will focus on the prospects for ending the war, on Russia\u2019s domestic dynamics and on Europe\u2019s strategy for a post-war Russia. The event will be followed by a public discussion.\",\"breadcrumb\":{\"@id\":\"https:\\\/\\\/libmod.de\\\/en\\\/conference-russia-and-the-west-2026-programme\\\/#breadcrumb\"},\"inLanguage\":\"en-US\",\"potentialAction\":[{\"@type\":\"ReadAction\",\"target\":[\"https:\\\/\\\/libmod.de\\\/en\\\/conference-russia-and-the-west-2026-programme\\\/\"]}]},{\"@type\":\"ImageObject\",\"inLanguage\":\"en-US\",\"@id\":\"https:\\\/\\\/libmod.de\\\/en\\\/conference-russia-and-the-west-2026-programme\\\/#primaryimage\",\"url\":\"https:\\\/\\\/libmodredaktion.fra1.digitaloceanspaces.com\\\/wp-content\\\/uploads\\\/20260723140558\\\/2026_Russia-and-the-West_Image_Claim_Conference_1200x800.jpg\",\"contentUrl\":\"https:\\\/\\\/libmodredaktion.fra1.digitaloceanspaces.com\\\/wp-content\\\/uploads\\\/20260723140558\\\/2026_Russia-and-the-West_Image_Claim_Conference_1200x800.jpg\",\"width\":1200,\"height\":800},{\"@type\":\"BreadcrumbList\",\"@id\":\"https:\\\/\\\/libmod.de\\\/en\\\/conference-russia-and-the-west-2026-programme\\\/#breadcrumb\",\"itemListElement\":[{\"@type\":\"ListItem\",\"position\":1,\"name\":\"Startseite\",\"item\":\"https:\\\/\\\/libmod.de\\\/en\\\/\"},{\"@type\":\"ListItem\",\"position\":2,\"name\":\"Russia and the West \u2013 2026\"}]},{\"@type\":\"WebSite\",\"@id\":\"https:\\\/\\\/libmod.de\\\/#website\",\"url\":\"https:\\\/\\\/libmod.de\\\/\",\"name\":\"libmod.de - Zentrum Liberale Moderne\",\"description\":\"Think Tank f\u00fcr Politik in Berlin\",\"publisher\":{\"@id\":\"https:\\\/\\\/libmod.de\\\/#organization\"},\"potentialAction\":[{\"@type\":\"SearchAction\",\"target\":{\"@type\":\"EntryPoint\",\"urlTemplate\":\"https:\\\/\\\/libmod.de\\\/?s={search_term_string}\"},\"query-input\":{\"@type\":\"PropertyValueSpecification\",\"valueRequired\":true,\"valueName\":\"search_term_string\"}}],\"inLanguage\":\"en-US\"},{\"@type\":\"Organization\",\"@id\":\"https:\\\/\\\/libmod.de\\\/#organization\",\"name\":\"Zentrum Liberale Moderne\",\"url\":\"https:\\\/\\\/libmod.de\\\/\",\"logo\":{\"@type\":\"ImageObject\",\"inLanguage\":\"en-US\",\"@id\":\"https:\\\/\\\/libmod.de\\\/#\\\/schema\\\/logo\\\/image\\\/\",\"url\":\"https:\\\/\\\/libmodredaktion.fra1.digitaloceanspaces.com\\\/wp-content\\\/uploads\\\/20240905145818\\\/LibMod_Logo_XL.jpg\",\"contentUrl\":\"https:\\\/\\\/libmodredaktion.fra1.digitaloceanspaces.com\\\/wp-content\\\/uploads\\\/20240905145818\\\/LibMod_Logo_XL.jpg\",\"width\":1439,\"height\":615,\"caption\":\"Zentrum Liberale Moderne\"},\"image\":{\"@id\":\"https:\\\/\\\/libmod.de\\\/#\\\/schema\\\/logo\\\/image\\\/\"},\"sameAs\":[\"https:\\\/\\\/www.facebook.com\\\/LiberaleModerne\\\/\",\"https:\\\/\\\/x.com\\\/liberalemoderne\",\"https:\\\/\\\/www.youtube.com\\\/channel\\\/UC4Yl_V4pm1LwryD04ky54SA\",\"https:\\\/\\\/www.instagram.com\\\/libmod\\\/\",\"https:\\\/\\\/bsky.app\\\/profile\\\/libmod.de\"],\"description\":\"Das Zentrum Liberale Moderne ist ein politischer Think Tank und eine Debattenplattform. LibMod steht f\u00fcr die Verteidigung und Erneuerung der liberalen Demokratie, f\u00fcr den Aufbruch in die \u00f6kologische Moderne und f\u00fcr eine fundierte Osteuropa-Expertise.\"},{\"@type\":\"Person\",\"@id\":\"https:\\\/\\\/libmod.de\\\/#\\\/schema\\\/person\\\/fc1cdee020c47711c16afff6fcbad9af\",\"name\":\"\u2002\",\"image\":{\"@type\":\"ImageObject\",\"inLanguage\":\"en-US\",\"@id\":\"https:\\\/\\\/libmodredaktion.fra1.digitaloceanspaces.com\\\/wp-content\\\/uploads\\\/20240905144807\\\/User-150x150.png\",\"url\":\"https:\\\/\\\/libmodredaktion.fra1.digitaloceanspaces.com\\\/wp-content\\\/uploads\\\/20240905144807\\\/User-150x150.png\",\"contentUrl\":\"https:\\\/\\\/libmodredaktion.fra1.digitaloceanspaces.com\\\/wp-content\\\/uploads\\\/20240905144807\\\/User-150x150.png\",\"caption\":\"\u2002\"},\"url\":\"https:\\\/\\\/libmod.de\\\/en\\\/author\\\/neutral-user\\\/\"}]}<\/script>\n<!-- \/ Yoast SEO Premium plugin. -->","yoast_head_json":{"title":"Russia and the West \u2013 2026 - libmod.de - Zentrum Liberale Moderne","description":"Our annual conference \"Russia and the West\" will take place on 14 October this year. It will focus on the prospects for ending the war, on Russia\u2019s domestic dynamics and on Europe\u2019s strategy for a post-war Russia. The event will be followed by a public discussion.","robots":{"index":"index","follow":"nofollow","max-snippet":"max-snippet:-1","max-image-preview":"max-image-preview:large","max-video-preview":"max-video-preview:-1"},"canonical":"https:\/\/libmod.de\/en\/conference-russia-and-the-west-2026-programme\/","og_locale":"en_US","og_type":"article","og_title":"Russia and the West \u2013 2026","og_description":"Our annual conference \"Russia and the West\" will take place on 14 October this year. It will focus on the prospects for ending the war, on Russia\u2019s domestic dynamics and on Europe\u2019s strategy for a post-war Russia. The event will be followed by a public discussion.","og_url":"https:\/\/libmod.de\/en\/conference-russia-and-the-west-2026-programme\/","og_site_name":"libmod.de - Zentrum Liberale Moderne","article_publisher":"https:\/\/www.facebook.com\/LiberaleModerne\/","article_published_time":"2026-07-16T12:24:28+00:00","article_modified_time":"2026-08-28T10:51:25+00:00","og_image":[{"width":1200,"height":800,"url":"https:\/\/libmodredaktion.fra1.digitaloceanspaces.com\/wp-content\/uploads\/20260723140558\/2026_Russia-and-the-West_Image_Claim_Conference_1200x800.jpg","type":"image\/jpeg"}],"author":"\u2002","twitter_card":"summary_large_image","twitter_creator":"@liberalemoderne","twitter_site":"@liberalemoderne","twitter_misc":{"Written by":"\u2002","Est. reading time":"5 minutes"},"schema":{"@context":"https:\/\/schema.org","@graph":[{"@type":"Article","@id":"https:\/\/libmod.de\/en\/conference-russia-and-the-west-2026-programme\/#article","isPartOf":{"@id":"https:\/\/libmod.de\/en\/conference-russia-and-the-west-2026-programme\/"},"author":{"name":"\u2002","@id":"https:\/\/libmod.de\/#\/schema\/person\/fc1cdee020c47711c16afff6fcbad9af"},"headline":"Russia and the West \u2013&nbsp;2026","datePublished":"2026-07-16T12:24:28+00:00","dateModified":"2026-08-28T10:51:25+00:00","mainEntityOfPage":{"@id":"https:\/\/libmod.de\/en\/conference-russia-and-the-west-2026-programme\/"},"wordCount":865,"publisher":{"@id":"https:\/\/libmod.de\/#organization"},"image":{"@id":"https:\/\/libmod.de\/en\/conference-russia-and-the-west-2026-programme\/#primaryimage"},"thumbnailUrl":"https:\/\/libmodredaktion.fra1.digitaloceanspaces.com\/wp-content\/uploads\/20260723140558\/2026_Russia-and-the-West_Image_Claim_Conference_1200x800.jpg","keywords":["Conference Russia and the West"],"articleSection":["\u200c"],"inLanguage":"en-US"},{"@type":"WebPage","@id":"https:\/\/libmod.de\/en\/conference-russia-and-the-west-2026-programme\/","url":"https:\/\/libmod.de\/en\/conference-russia-and-the-west-2026-programme\/","name":"Russia and the West \u2013 2026 - libmod.de - Zentrum Liberale Moderne","isPartOf":{"@id":"https:\/\/libmod.de\/#website"},"primaryImageOfPage":{"@id":"https:\/\/libmod.de\/en\/conference-russia-and-the-west-2026-programme\/#primaryimage"},"image":{"@id":"https:\/\/libmod.de\/en\/conference-russia-and-the-west-2026-programme\/#primaryimage"},"thumbnailUrl":"https:\/\/libmodredaktion.fra1.digitaloceanspaces.com\/wp-content\/uploads\/20260723140558\/2026_Russia-and-the-West_Image_Claim_Conference_1200x800.jpg","datePublished":"2026-07-16T12:24:28+00:00","dateModified":"2026-08-28T10:51:25+00:00","description":"Our annual conference \"Russia and the West\" will take place on 14 October this year. It will focus on the prospects for ending the war, on Russia\u2019s domestic dynamics and on Europe\u2019s strategy for a post-war Russia. The event will be followed by a public discussion.","breadcrumb":{"@id":"https:\/\/libmod.de\/en\/conference-russia-and-the-west-2026-programme\/#breadcrumb"},"inLanguage":"en-US","potentialAction":[{"@type":"ReadAction","target":["https:\/\/libmod.de\/en\/conference-russia-and-the-west-2026-programme\/"]}]},{"@type":"ImageObject","inLanguage":"en-US","@id":"https:\/\/libmod.de\/en\/conference-russia-and-the-west-2026-programme\/#primaryimage","url":"https:\/\/libmodredaktion.fra1.digitaloceanspaces.com\/wp-content\/uploads\/20260723140558\/2026_Russia-and-the-West_Image_Claim_Conference_1200x800.jpg","contentUrl":"https:\/\/libmodredaktion.fra1.digitaloceanspaces.com\/wp-content\/uploads\/20260723140558\/2026_Russia-and-the-West_Image_Claim_Conference_1200x800.jpg","width":1200,"height":800},{"@type":"BreadcrumbList","@id":"https:\/\/libmod.de\/en\/conference-russia-and-the-west-2026-programme\/#breadcrumb","itemListElement":[{"@type":"ListItem","position":1,"name":"Startseite","item":"https:\/\/libmod.de\/en\/"},{"@type":"ListItem","position":2,"name":"Russia and the West \u2013 2026"}]},{"@type":"WebSite","@id":"https:\/\/libmod.de\/#website","url":"https:\/\/libmod.de\/","name":"libmod.de - Zentrum Liberale Moderne","description":"Think Tank f\u00fcr Politik in Berlin","publisher":{"@id":"https:\/\/libmod.de\/#organization"},"potentialAction":[{"@type":"SearchAction","target":{"@type":"EntryPoint","urlTemplate":"https:\/\/libmod.de\/?s={search_term_string}"},"query-input":{"@type":"PropertyValueSpecification","valueRequired":true,"valueName":"search_term_string"}}],"inLanguage":"en-US"},{"@type":"Organization","@id":"https:\/\/libmod.de\/#organization","name":"Zentrum Liberale Moderne","url":"https:\/\/libmod.de\/","logo":{"@type":"ImageObject","inLanguage":"en-US","@id":"https:\/\/libmod.de\/#\/schema\/logo\/image\/","url":"https:\/\/libmodredaktion.fra1.digitaloceanspaces.com\/wp-content\/uploads\/20240905145818\/LibMod_Logo_XL.jpg","contentUrl":"https:\/\/libmodredaktion.fra1.digitaloceanspaces.com\/wp-content\/uploads\/20240905145818\/LibMod_Logo_XL.jpg","width":1439,"height":615,"caption":"Zentrum Liberale Moderne"},"image":{"@id":"https:\/\/libmod.de\/#\/schema\/logo\/image\/"},"sameAs":["https:\/\/www.facebook.com\/LiberaleModerne\/","https:\/\/x.com\/liberalemoderne","https:\/\/www.youtube.com\/channel\/UC4Yl_V4pm1LwryD04ky54SA","https:\/\/www.instagram.com\/libmod\/","https:\/\/bsky.app\/profile\/libmod.de"],"description":"Das Zentrum Liberale Moderne ist ein politischer Think Tank und eine Debattenplattform. LibMod steht f\u00fcr die Verteidigung und Erneuerung der liberalen Demokratie, f\u00fcr den Aufbruch in die \u00f6kologische Moderne und f\u00fcr eine fundierte Osteuropa-Expertise."},{"@type":"Person","@id":"https:\/\/libmod.de\/#\/schema\/person\/fc1cdee020c47711c16afff6fcbad9af","name":"\u2002","image":{"@type":"ImageObject","inLanguage":"en-US","@id":"https:\/\/libmodredaktion.fra1.digitaloceanspaces.com\/wp-content\/uploads\/20240905144807\/User-150x150.png","url":"https:\/\/libmodredaktion.fra1.digitaloceanspaces.com\/wp-content\/uploads\/20240905144807\/User-150x150.png","contentUrl":"https:\/\/libmodredaktion.fra1.digitaloceanspaces.com\/wp-content\/uploads\/20240905144807\/User-150x150.png","caption":"\u2002"},"url":"https:\/\/libmod.de\/en\/author\/neutral-user\/"}]}},"menu_order":1,"_links":{"self":[{"href":"https:\/\/libmod.de\/en\/wp-json\/wp\/v2\/posts\/79452","targetHints":{"allow":["GET"]}}],"collection":[{"href":"https:\/\/libmod.de\/en\/wp-json\/wp\/v2\/posts"}],"about":[{"href":"https:\/\/libmod.de\/en\/wp-json\/wp\/v2\/types\/post"}],"author":[{"embeddable":true,"href":"https:\/\/libmod.de\/en\/wp-json\/wp\/v2\/users\/257"}],"replies":[{"embeddable":true,"href":"https:\/\/libmod.de\/en\/wp-json\/wp\/v2\/comments?post=79452"}],"version-history":[{"count":12,"href":"https:\/\/libmod.de\/en\/wp-json\/wp\/v2\/posts\/79452\/revisions"}],"predecessor-version":[{"id":79516,"href":"https:\/\/libmod.de\/en\/wp-json\/wp\/v2\/posts\/79452\/revisions\/79516"}],"wp:featuredmedia":[{"embeddable":true,"href":"https:\/\/libmod.de\/en\/wp-json\/wp\/v2\/media\/79537"}],"wp:attachment":[{"href":"https:\/\/libmod.de\/en\/wp-json\/wp\/v2\/media?parent=79452"}],"wp:term":[{"taxonomy":"category","embeddable":true,"href":"https:\/\/libmod.de\/en\/wp-json\/wp\/v2\/categories?post=79452"},{"taxonomy":"post_tag","embeddable":true,"href":"https:\/\/libmod.de\/en\/wp-json\/wp\/v2\/tags?post=79452"}],"curies":[{"name":"wp","href":"https:\/\/api.w.org\/{rel}","templated":true}]}}