{"id":7,"name":"Ralf F\u00fccks","url":"","description":"<p><img src=\"https:\/\/libmod.de\/wp-content\/uploads\/Ralf_Fuecks_Portrait1.jpg\" alt=\"Portr\u00e4t Ralf F\u00fccks\"><\/p>\r\n\r\n<p>Ralf F\u00fccks ist gesch\u00e4ftsf\u00fchrender Gesellschafter des Zentrums Liberale Moderne und wirkte zuvor 21 Jahre als Vorstand der Heinrich B\u00f6ll Stiftung, der politischen Stiftung der Gr\u00fcnen. Davor war er Co-Vorsitzender der Gr\u00fcnen (1989\/90) und Senator f\u00fcr Umwelt und Stadtentwicklung in Bremen.<\/p>\r\n<h2>Kontakt<\/h2>\r\n<p>info@libmod.de<br>T +49 30 25095870<\/p>\r\n<h2>Publikationen<\/h2>\r\n<p>Ralf F\u00fccks, <a href=\"https:\/\/www.hanser-literaturverlage.de\/buch\/freiheit-verteidigen\/978-3-446-25502-9\/\">Freiheit verteidigen\r\n<\/a>, Wie wir den Kampf um die offene Gesellschaft gewinnen, 2017<\/p><p>Ralf F\u00fccks,\r\n<a href=\"https:\/\/www.bpb.de\/shop\/buecher\/schriftenreihe\/233124\/intelligent-wachsen\">Intelligent wachsen\r\n<\/a>, Die gr\u00fcne Revolution, 2013<\/p>\r\n<p><a href=\"https:\/\/libmod.de\/ueber-uns\/team\/\">Zum LibMod-Team<\/a><\/p>","link":"https:\/\/libmod.de\/en\/author\/zlm_ralf_fuecks\/","slug":"zlm_ralf_fuecks","avatar_urls":{"24":"https:\/\/libmodredaktion.fra1.digitaloceanspaces.com\/wp-content\/uploads\/20240905145929\/Ralf-F%C3%BCcks_rund-150x150.png","48":"https:\/\/libmodredaktion.fra1.digitaloceanspaces.com\/wp-content\/uploads\/20240905145929\/Ralf-F%C3%BCcks_rund-150x150.png","96":"https:\/\/libmodredaktion.fra1.digitaloceanspaces.com\/wp-content\/uploads\/20240905145929\/Ralf-F%C3%BCcks_rund-150x150.png"},"meta":[],"acf":[],"yoast_head":"<!-- This site is optimized with the Yoast SEO Premium plugin v27.4 (Yoast SEO v27.5) - https:\/\/yoast.com\/product\/yoast-seo-premium-wordpress\/ -->\n<title>Ralf F\u00fccks, Autor bei libmod.de - Zentrum Liberale Moderne<\/title>\n<meta name=\"description\" content=\"Ralf F\u00fccks ist gesch\u00e4ftsf\u00fchrender Gesellschafter des Zentrums Liberale Moderne und wirkte zuvor 21 Jahre als Vorstand der Heinrich B\u00f6ll Stiftung, der politischen Stiftung der Gr\u00fcnen. Davor war er Co-Vorsitzender der Gr\u00fcnen (1989\/90) und Senator f\u00fcr Umwelt und Stadtentwicklung in Bremen.\" \/>\n<meta name=\"robots\" content=\"index, follow, max-snippet:-1, max-image-preview:large, max-video-preview:-1\" \/>\n<link rel=\"canonical\" href=\"https:\/\/libmod.de\/author\/zlm_ralf_fuecks\/\" \/>\n<meta property=\"og:locale\" content=\"en_US\" \/>\n<meta property=\"og:type\" content=\"profile\" \/>\n<meta property=\"og:title\" content=\"Ralf F\u00fccks\" \/>\n<meta property=\"og:description\" content=\"Ralf F\u00fccks ist gesch\u00e4ftsf\u00fchrender Gesellschafter des Zentrums Liberale Moderne und wirkte zuvor 21 Jahre als Vorstand der Heinrich B\u00f6ll Stiftung, der politischen Stiftung der Gr\u00fcnen. Davor war er Co-Vorsitzender der Gr\u00fcnen (1989\/90) und Senator f\u00fcr Umwelt und Stadtentwicklung in Bremen.\" \/>\n<meta property=\"og:url\" content=\"https:\/\/libmod.de\/author\/zlm_ralf_fuecks\/\" \/>\n<meta property=\"og:site_name\" content=\"libmod.de - Zentrum Liberale Moderne\" \/>\n<meta property=\"og:image\" content=\"https:\/\/libmod.de\/wp-content\/uploads\/Ralf-F\u00fccks_rund.png\" \/>\n<meta name=\"twitter:card\" content=\"summary_large_image\" \/>\n<meta name=\"twitter:site\" content=\"@liberalemoderne\" \/>\n<script type=\"application\/ld+json\" class=\"yoast-schema-graph\">{\"@context\":\"https:\\\/\\\/schema.org\",\"@graph\":[{\"@type\":\"ProfilePage\",\"@id\":\"https:\\\/\\\/libmod.de\\\/author\\\/zlm_ralf_fuecks\\\/\",\"url\":\"https:\\\/\\\/libmod.de\\\/author\\\/zlm_ralf_fuecks\\\/\",\"name\":\"Ralf F\u00fccks, Autor bei libmod.de - Zentrum Liberale Moderne\",\"isPartOf\":{\"@id\":\"https:\\\/\\\/libmod.de\\\/#website\"},\"description\":\"Ralf F\u00fccks ist gesch\u00e4ftsf\u00fchrender Gesellschafter des Zentrums Liberale Moderne und wirkte zuvor 21 Jahre als Vorstand der Heinrich B\u00f6ll Stiftung, der politischen Stiftung der Gr\u00fcnen. Davor war er Co-Vorsitzender der Gr\u00fcnen (1989\\\/90) und Senator f\u00fcr Umwelt und Stadtentwicklung in Bremen.\",\"breadcrumb\":{\"@id\":\"https:\\\/\\\/libmod.de\\\/author\\\/zlm_ralf_fuecks\\\/#breadcrumb\"},\"inLanguage\":\"en-US\",\"potentialAction\":[{\"@type\":\"ReadAction\",\"target\":[\"https:\\\/\\\/libmod.de\\\/author\\\/zlm_ralf_fuecks\\\/\"]}]},{\"@type\":\"BreadcrumbList\",\"@id\":\"https:\\\/\\\/libmod.de\\\/author\\\/zlm_ralf_fuecks\\\/#breadcrumb\",\"itemListElement\":[{\"@type\":\"ListItem\",\"position\":1,\"name\":\"Startseite\",\"item\":\"https:\\\/\\\/libmod.de\\\/en\\\/\"},{\"@type\":\"ListItem\",\"position\":2,\"name\":\"Archive f\u00fcr Ralf F\u00fccks\"}]},{\"@type\":\"WebSite\",\"@id\":\"https:\\\/\\\/libmod.de\\\/#website\",\"url\":\"https:\\\/\\\/libmod.de\\\/\",\"name\":\"libmod.de - Zentrum Liberale Moderne\",\"description\":\"Think Tank f\u00fcr Politik in Berlin\",\"publisher\":{\"@id\":\"https:\\\/\\\/libmod.de\\\/#organization\"},\"potentialAction\":[{\"@type\":\"SearchAction\",\"target\":{\"@type\":\"EntryPoint\",\"urlTemplate\":\"https:\\\/\\\/libmod.de\\\/?s={search_term_string}\"},\"query-input\":{\"@type\":\"PropertyValueSpecification\",\"valueRequired\":true,\"valueName\":\"search_term_string\"}}],\"inLanguage\":\"en-US\"},{\"@type\":\"Organization\",\"@id\":\"https:\\\/\\\/libmod.de\\\/#organization\",\"name\":\"Zentrum Liberale Moderne\",\"url\":\"https:\\\/\\\/libmod.de\\\/\",\"logo\":{\"@type\":\"ImageObject\",\"inLanguage\":\"en-US\",\"@id\":\"https:\\\/\\\/libmod.de\\\/#\\\/schema\\\/logo\\\/image\\\/\",\"url\":\"https:\\\/\\\/libmodredaktion.fra1.digitaloceanspaces.com\\\/wp-content\\\/uploads\\\/20240905145818\\\/LibMod_Logo_XL.jpg\",\"contentUrl\":\"https:\\\/\\\/libmodredaktion.fra1.digitaloceanspaces.com\\\/wp-content\\\/uploads\\\/20240905145818\\\/LibMod_Logo_XL.jpg\",\"width\":1439,\"height\":615,\"caption\":\"Zentrum Liberale Moderne\"},\"image\":{\"@id\":\"https:\\\/\\\/libmod.de\\\/#\\\/schema\\\/logo\\\/image\\\/\"},\"sameAs\":[\"https:\\\/\\\/www.facebook.com\\\/LiberaleModerne\\\/\",\"https:\\\/\\\/x.com\\\/liberalemoderne\",\"https:\\\/\\\/www.youtube.com\\\/channel\\\/UC4Yl_V4pm1LwryD04ky54SA\",\"https:\\\/\\\/www.instagram.com\\\/libmod\\\/\",\"https:\\\/\\\/bsky.app\\\/profile\\\/libmod.de\"],\"description\":\"Das Zentrum Liberale Moderne ist ein politischer Think Tank und eine Debattenplattform. LibMod steht f\u00fcr die Verteidigung und Erneuerung der liberalen Demokratie, f\u00fcr den Aufbruch in die \u00f6kologische Moderne und f\u00fcr eine fundierte Osteuropa-Expertise.\"},{\"@type\":\"Person\",\"@id\":\"https:\\\/\\\/libmod.de\\\/#\\\/schema\\\/person\\\/1523c62558428c502f73ae2c37bd32fd\",\"name\":\"Ralf F\u00fccks\",\"image\":{\"@type\":\"ImageObject\",\"inLanguage\":\"en-US\",\"@id\":\"https:\\\/\\\/libmodredaktion.fra1.digitaloceanspaces.com\\\/wp-content\\\/uploads\\\/20240905145929\\\/Ralf-F%C3%BCcks_rund-150x150.png\",\"url\":\"https:\\\/\\\/libmodredaktion.fra1.digitaloceanspaces.com\\\/wp-content\\\/uploads\\\/20240905145929\\\/Ralf-F%C3%BCcks_rund-150x150.png\",\"contentUrl\":\"https:\\\/\\\/libmodredaktion.fra1.digitaloceanspaces.com\\\/wp-content\\\/uploads\\\/20240905145929\\\/Ralf-F%C3%BCcks_rund-150x150.png\",\"caption\":\"Ralf F\u00fccks\"},\"description\":\"Ralf F\u00fccks ist gesch\u00e4ftsf\u00fchrender Gesellschafter des Zentrums Liberale Moderne und wirkte zuvor 21 Jahre als Vorstand der Heinrich B\u00f6ll Stiftung, der politischen Stiftung der Gr\u00fcnen. Davor war er Co-Vorsitzender der Gr\u00fcnen (1989\\\/90) und Senator f\u00fcr Umwelt und Stadtentwicklung in Bremen. Kontakt info@libmod.de T +49 30 25095870 Publikationen Ralf F\u00fccks, Freiheit verteidigen , Wie wir den Kampf um die offene Gesellschaft gewinnen, 2017 Ralf F\u00fccks, Intelligent wachsen , Die gr\u00fcne Revolution, 2013 Zum LibMod-Team\",\"mainEntityOfPage\":{\"@id\":\"https:\\\/\\\/libmod.de\\\/author\\\/zlm_ralf_fuecks\\\/\"}}]}<\/script>\n<!-- \/ Yoast SEO Premium plugin. -->","yoast_head_json":{"title":"Ralf F\u00fccks, Autor bei libmod.de - Zentrum Liberale Moderne","description":"Ralf F\u00fccks ist gesch\u00e4ftsf\u00fchrender Gesellschafter des Zentrums Liberale Moderne und wirkte zuvor 21 Jahre als Vorstand der Heinrich B\u00f6ll Stiftung, der politischen Stiftung der Gr\u00fcnen. Davor war er Co-Vorsitzender der Gr\u00fcnen (1989\/90) und Senator f\u00fcr Umwelt und Stadtentwicklung in Bremen.","robots":{"index":"index","follow":"follow","max-snippet":"max-snippet:-1","max-image-preview":"max-image-preview:large","max-video-preview":"max-video-preview:-1"},"canonical":"https:\/\/libmod.de\/author\/zlm_ralf_fuecks\/","og_locale":"en_US","og_type":"profile","og_title":"Ralf F\u00fccks","og_description":"Ralf F\u00fccks ist gesch\u00e4ftsf\u00fchrender Gesellschafter des Zentrums Liberale Moderne und wirkte zuvor 21 Jahre als Vorstand der Heinrich B\u00f6ll Stiftung, der politischen Stiftung der Gr\u00fcnen. Davor war er Co-Vorsitzender der Gr\u00fcnen (1989\/90) und Senator f\u00fcr Umwelt und Stadtentwicklung in Bremen.","og_url":"https:\/\/libmod.de\/author\/zlm_ralf_fuecks\/","og_site_name":"libmod.de - Zentrum Liberale Moderne","og_image":[{"url":"https:\/\/libmod.de\/wp-content\/uploads\/Ralf-F\u00fccks_rund.png","type":"","width":"","height":""}],"twitter_card":"summary_large_image","twitter_site":"@liberalemoderne","schema":{"@context":"https:\/\/schema.org","@graph":[{"@type":"ProfilePage","@id":"https:\/\/libmod.de\/author\/zlm_ralf_fuecks\/","url":"https:\/\/libmod.de\/author\/zlm_ralf_fuecks\/","name":"Ralf F\u00fccks, Autor bei libmod.de - Zentrum Liberale Moderne","isPartOf":{"@id":"https:\/\/libmod.de\/#website"},"description":"Ralf F\u00fccks ist gesch\u00e4ftsf\u00fchrender Gesellschafter des Zentrums Liberale Moderne und wirkte zuvor 21 Jahre als Vorstand der Heinrich B\u00f6ll Stiftung, der politischen Stiftung der Gr\u00fcnen. Davor war er Co-Vorsitzender der Gr\u00fcnen (1989\/90) und Senator f\u00fcr Umwelt und Stadtentwicklung in Bremen.","breadcrumb":{"@id":"https:\/\/libmod.de\/author\/zlm_ralf_fuecks\/#breadcrumb"},"inLanguage":"en-US","potentialAction":[{"@type":"ReadAction","target":["https:\/\/libmod.de\/author\/zlm_ralf_fuecks\/"]}]},{"@type":"BreadcrumbList","@id":"https:\/\/libmod.de\/author\/zlm_ralf_fuecks\/#breadcrumb","itemListElement":[{"@type":"ListItem","position":1,"name":"Startseite","item":"https:\/\/libmod.de\/en\/"},{"@type":"ListItem","position":2,"name":"Archive f\u00fcr Ralf F\u00fccks"}]},{"@type":"WebSite","@id":"https:\/\/libmod.de\/#website","url":"https:\/\/libmod.de\/","name":"libmod.de - Zentrum Liberale Moderne","description":"Think Tank f\u00fcr Politik in Berlin","publisher":{"@id":"https:\/\/libmod.de\/#organization"},"potentialAction":[{"@type":"SearchAction","target":{"@type":"EntryPoint","urlTemplate":"https:\/\/libmod.de\/?s={search_term_string}"},"query-input":{"@type":"PropertyValueSpecification","valueRequired":true,"valueName":"search_term_string"}}],"inLanguage":"en-US"},{"@type":"Organization","@id":"https:\/\/libmod.de\/#organization","name":"Zentrum Liberale Moderne","url":"https:\/\/libmod.de\/","logo":{"@type":"ImageObject","inLanguage":"en-US","@id":"https:\/\/libmod.de\/#\/schema\/logo\/image\/","url":"https:\/\/libmodredaktion.fra1.digitaloceanspaces.com\/wp-content\/uploads\/20240905145818\/LibMod_Logo_XL.jpg","contentUrl":"https:\/\/libmodredaktion.fra1.digitaloceanspaces.com\/wp-content\/uploads\/20240905145818\/LibMod_Logo_XL.jpg","width":1439,"height":615,"caption":"Zentrum Liberale Moderne"},"image":{"@id":"https:\/\/libmod.de\/#\/schema\/logo\/image\/"},"sameAs":["https:\/\/www.facebook.com\/LiberaleModerne\/","https:\/\/x.com\/liberalemoderne","https:\/\/www.youtube.com\/channel\/UC4Yl_V4pm1LwryD04ky54SA","https:\/\/www.instagram.com\/libmod\/","https:\/\/bsky.app\/profile\/libmod.de"],"description":"Das Zentrum Liberale Moderne ist ein politischer Think Tank und eine Debattenplattform. LibMod steht f\u00fcr die Verteidigung und Erneuerung der liberalen Demokratie, f\u00fcr den Aufbruch in die \u00f6kologische Moderne und f\u00fcr eine fundierte Osteuropa-Expertise."},{"@type":"Person","@id":"https:\/\/libmod.de\/#\/schema\/person\/1523c62558428c502f73ae2c37bd32fd","name":"Ralf F\u00fccks","image":{"@type":"ImageObject","inLanguage":"en-US","@id":"https:\/\/libmodredaktion.fra1.digitaloceanspaces.com\/wp-content\/uploads\/20240905145929\/Ralf-F%C3%BCcks_rund-150x150.png","url":"https:\/\/libmodredaktion.fra1.digitaloceanspaces.com\/wp-content\/uploads\/20240905145929\/Ralf-F%C3%BCcks_rund-150x150.png","contentUrl":"https:\/\/libmodredaktion.fra1.digitaloceanspaces.com\/wp-content\/uploads\/20240905145929\/Ralf-F%C3%BCcks_rund-150x150.png","caption":"Ralf F\u00fccks"},"description":"Ralf F\u00fccks ist gesch\u00e4ftsf\u00fchrender Gesellschafter des Zentrums Liberale Moderne und wirkte zuvor 21 Jahre als Vorstand der Heinrich B\u00f6ll Stiftung, der politischen Stiftung der Gr\u00fcnen. Davor war er Co-Vorsitzender der Gr\u00fcnen (1989\/90) und Senator f\u00fcr Umwelt und Stadtentwicklung in Bremen. Kontakt info@libmod.de T +49 30 25095870 Publikationen Ralf F\u00fccks, Freiheit verteidigen , Wie wir den Kampf um die offene Gesellschaft gewinnen, 2017 Ralf F\u00fccks, Intelligent wachsen , Die gr\u00fcne Revolution, 2013 Zum LibMod-Team","mainEntityOfPage":{"@id":"https:\/\/libmod.de\/author\/zlm_ralf_fuecks\/"}}]}},"_links":{"self":[{"href":"https:\/\/libmod.de\/en\/wp-json\/wp\/v2\/users\/7","targetHints":{"allow":["GET"]}}],"collection":[{"href":"https:\/\/libmod.de\/en\/wp-json\/wp\/v2\/users"}]}}